{"id":476505,"date":"2025-10-20T07:07:17","date_gmt":"2025-10-20T07:07:17","guid":{"rendered":"https:\/\/www.europesays.com\/fr\/476505\/"},"modified":"2025-10-20T07:07:17","modified_gmt":"2025-10-20T07:07:17","slug":"on-connait-les-quatre-equipes-qui-disputeront-le-tournoi-de-qualification-final-pour-la-coupe-du-monde-2027-en-australie","status":"publish","type":"post","link":"https:\/\/www.europesays.com\/fr\/476505\/","title":{"rendered":"on conna\u00eet les quatre \u00e9quipes qui disputeront le tournoi de qualification final pour la Coupe du Monde 2027 en Australie"},"content":{"rendered":"<p>\n    Il ne reste qu\u2019un seul billet pour la prochaine coupe du monde 2027 en Australie. La Belgique, la Namibie, les Samoa et le Paraguay participeront au tournoi de qualification finale.<\/p>\n<p class=\"fig-paragraph\">Alors que 23 nations sont d\u00e9j\u00e0 qualifi\u00e9es pour la\u00a0<a href=\"https:\/\/www.lefigaro.fr\/sports\/rugby\/coupe-du-monde\/coupe-du-monde-de-rugby-2027-equipes-qualifiees-format-inedit-repechage-tout-ce-que-l-on-sait-a-deux-ans-du-debut-de-la-competition-20251001?msockid=2338e949ff1a6caa28edff13fe766dd0\" target=\"_blank\" data-fig-type=\"NewsFlash\" rel=\"sponsored noopener\" data-gtm-custom-categorie=\"navigation\" data-gtm-custom-action=\"crossclick\" data-gtm-custom-label=\"Contextuel\" data-gtm-event=\"customEventSPE\" data-fig-domain=\"LEFIGARO\">Coupe du Monde 2027<\/a>\u00a0en Australie, quatre \u00e9quipes vont se partager le dernier billet lors du Tournoi de Qualification Final (FQT). Le tournoi se d\u00e9roulera \u00e0 Duba\u00ef du 8 au 15 novembre 2025, il sera organis\u00e9 avec des poules o\u00f9 chaque \u00e9quipe s\u2019affrontera une seule fois. L\u2019\u00e9quipe qui remportera ce tournoi remportera le dernier billet pour la Coupe du Monde 2027 en Australie.<\/p>\n<p class=\"fig-paragraph\">Le\u00a0<a href=\"https:\/\/www.lefigaro.fr\/sports\/rugby\/coupe-du-monde\/rugby-historique-le-paraguay-au-repechage-du-mondial-2027-20251018?msockid=2338e949ff1a6caa28edff13fe766dd0\" target=\"_blank\" data-fig-type=\"NewsFlash\" rel=\"sponsored noopener\" data-gtm-custom-categorie=\"navigation\" data-gtm-custom-action=\"crossclick\" data-gtm-custom-label=\"Contextuel\" data-gtm-event=\"customEventSPE\" data-fig-domain=\"LEFIGARO\">Paraguay\u00a0<\/a>a valid\u00e9 sa place pour Duba\u00ef en s\u2019imposant contre le Br\u00e9sil apr\u00e8s une double confrontation l\u00e9gendaire. Les Yacar\u00e9s n\u2019ont encore jamais particip\u00e9 \u00e0 la Coupe du Monde. La Belgique, la Namibie et les Samoa seront \u00e9galement de la partie.<\/p>\n","protected":false},"excerpt":{"rendered":"Il ne reste qu\u2019un seul billet pour la prochaine coupe du monde 2027 en Australie. La Belgique, la&hellip;\n","protected":false},"author":2,"featured_media":476506,"comment_status":"","ping_status":"","sticky":false,"template":"","format":"standard","meta":{"footnotes":""},"categories":[1416],"tags":[2306,525,2309,1981,2313,1089,451,814,1011,27,955,2308,2311,1980,479,1468,2259,2307,60,478,2310,2312,513],"class_list":{"0":"post-476505","1":"post","2":"type-post","3":"status-publish","4":"format-standard","5":"has-post-thumbnail","7":"category-rugby","8":"tag-6-nations","9":"tag-calendrier","10":"tag-challenge-europeen","11":"tag-classement","12":"tag-clermont","13":"tag-coupe-deurope","14":"tag-coupe-du-monde","15":"tag-direct","16":"tag-fr","17":"tag-france","18":"tag-match","19":"tag-pro-d2","20":"tag-racing","21":"tag-resultats","22":"tag-rugby","23":"tag-rugby-football","24":"tag-score","25":"tag-six-nations","26":"tag-sports","27":"tag-top-14","28":"tag-toulon","29":"tag-toulouse","30":"tag-xv-de-france"},"share_on_mastodon":{"url":"https:\/\/pubeurope.com\/@fr\/115405235892945895","error":""},"_links":{"self":[{"href":"https:\/\/www.europesays.com\/fr\/wp-json\/wp\/v2\/posts\/476505","targetHints":{"allow":["GET"]}}],"collection":[{"href":"https:\/\/www.europesays.com\/fr\/wp-json\/wp\/v2\/posts"}],"about":[{"href":"https:\/\/www.europesays.com\/fr\/wp-json\/wp\/v2\/types\/post"}],"author":[{"embeddable":true,"href":"https:\/\/www.europesays.com\/fr\/wp-json\/wp\/v2\/users\/2"}],"replies":[{"embeddable":true,"href":"https:\/\/www.europesays.com\/fr\/wp-json\/wp\/v2\/comments?post=476505"}],"version-history":[{"count":0,"href":"https:\/\/www.europesays.com\/fr\/wp-json\/wp\/v2\/posts\/476505\/revisions"}],"wp:featuredmedia":[{"embeddable":true,"href":"https:\/\/www.europesays.com\/fr\/wp-json\/wp\/v2\/media\/476506"}],"wp:attachment":[{"href":"https:\/\/www.europesays.com\/fr\/wp-json\/wp\/v2\/media?parent=476505"}],"wp:term":[{"taxonomy":"category","embeddable":true,"href":"https:\/\/www.europesays.com\/fr\/wp-json\/wp\/v2\/categories?post=476505"},{"taxonomy":"post_tag","embeddable":true,"href":"https:\/\/www.europesays.com\/fr\/wp-json\/wp\/v2\/tags?post=476505"}],"curies":[{"name":"wp","href":"https:\/\/api.w.org\/{rel}","templated":true}]}}