{"id":476520,"date":"2025-10-20T07:15:28","date_gmt":"2025-10-20T07:15:28","guid":{"rendered":"https:\/\/www.europesays.com\/fr\/476520\/"},"modified":"2025-10-20T07:15:28","modified_gmt":"2025-10-20T07:15:28","slug":"vingt-deux-oeuvres-mysterieuses-au-musee-des-beaux-arts-de-tours","status":"publish","type":"post","link":"https:\/\/www.europesays.com\/fr\/476520\/","title":{"rendered":"vingt-deux \u0153uvres myst\u00e9rieuses au mus\u00e9e des beaux-arts de Tours"},"content":{"rendered":"<p>Un regroupement exceptionnel\u00a0! Le mus\u00e9e des beaux-arts de Tours abrite, depuis les ann\u00e9es\u00a050 et\u00a060, vingt-deux \u0153uvres d\u2019art class\u00e9es Mus\u00e9es nationaux r\u00e9cup\u00e9ration (MNR) (lire ci-desous) rapatri\u00e9es d\u2019Allemagne apr\u00e8s la Seconde Guerre mondiale. Comment expliquer cette concentration, l\u2019une des plus importantes de France\u00a0? Par la pr\u00e9sence, de 1947 \u00e0 1965, \u00e0 la t\u00eate de l\u2019institution culturelle, du conservateur et historien de l\u2019art <a target=\"_blank\" href=\"https:\/\/agorha.inha.fr\/ark:\/54721\/b08c54b8-3395-4286-8178-7bb23b60ae59\" rel=\"nofollow noopener\">Boris Lossky<\/a> (1905-2001). \u00ab\u00a0Il a fait partie des experts envoy\u00e9s sur les territoires occup\u00e9s pour \u00e9valuer les \u0153uvres\u00a0; ce sont des collections qu\u2019il connaissait tr\u00e8s bien, raconte <a target=\"_blank\" href=\"https:\/\/www.lanouvellerepublique.fr\/tours\/tours-duo-de-conservatrices-au-musee-des-beaux-arts\" rel=\"nofollow noopener\">H\u00e9l\u00e8ne Jagot<\/a>, directrice-conservatrice des mus\u00e9es et du ch\u00e2teau de Tours. Comme d\u2019autres conservateurs,\u00a0Boris Lossky, dans ses demandes, a fait son march\u00e9 pour compl\u00e9ter les collections de Tours ; il n\u2019y avait pas encore la vell\u00e9it\u00e9, plus tardive, de rendre ces \u0153uvres. \u00bb Concomitamment, le Louvre d\u00e9cide de reprendre le d\u00e9p\u00f4t Campana et ses rares primitifs italiens pour l\u2019envoyer au Petit palais d\u2019Avignon. \u00ab\u00a0C\u2019\u00e9tait une forme de compensation de cette perte\u00a0\u00bb, ajoute la conservatrice.<\/p>\n<p>Une toile restitu\u00e9e<\/p>\n<p>Depuis, une seule \u0153uvre, un tableau du 18e de l\u2019artiste allemand Franz Karl Palcko, a \u00e9t\u00e9 restitu\u00e9e, en 2013, au petit-fils am\u00e9ricain de son propri\u00e9taire\u00a0; cette huile avait \u00e9t\u00e9 spoli\u00e9e \u00e0 un industriel du textile juif autrichien, pour figurer dans le mus\u00e9e r\u00eav\u00e9 par Hitler \u00e0 Linz (Autriche)&#8230;. <\/p>\n<p>    Cet article a \u00e9t\u00e9 tronqu\u00e9. Abonnez-vous pour lire l&rsquo;article complet sur notre site.<\/p>\n<p style=\"margin: 0 !important; padding: 0 !important; font-size: 12px !important;\">Cet article a \u00e9t\u00e9 tronqu\u00e9. Abonnez-vous pour lire l&rsquo;article complet.<\/p>\n<p>    <a href=\"https:\/\/www.lanouvellerepublique.fr\/abonnements\" style=\"display: inline-block; margin-top: 5px !important; padding: 6px 12px !important; background: #cb1c27; color: white; text-decoration: none; border-radius: 4px; font-size: 12px !important;\" rel=\"nofollow noopener\" target=\"_blank\"><br \/>\n      S&rsquo;abonner<br \/>\n    <\/a><\/p>\n","protected":false},"excerpt":{"rendered":"Un regroupement exceptionnel\u00a0! Le mus\u00e9e des beaux-arts de Tours abrite, depuis les ann\u00e9es\u00a050 et\u00a060, vingt-deux \u0153uvres d\u2019art class\u00e9es&hellip;\n","protected":false},"author":2,"featured_media":476521,"comment_status":"","ping_status":"","sticky":false,"template":"","format":"standard","meta":{"footnotes":""},"categories":[1358],"tags":[328,1392,1348,1384,1385,1386,58,59,1011,27,329,1387,1393,7107,2551,1390],"class_list":{"0":"post-476520","1":"post","2":"type-post","3":"status-publish","4":"format-standard","5":"has-post-thumbnail","7":"category-arts-et-design","8":"tag-a-la-une","9":"tag-a-la-une-local","10":"tag-arts","11":"tag-arts-and-design","12":"tag-arts-et-design","13":"tag-design","14":"tag-divertissement","15":"tag-entertainment","16":"tag-fr","17":"tag-france","18":"tag-france-monde","19":"tag-indre-et-loire","20":"tag-loisirs","21":"tag-musees","22":"tag-patrimoine","23":"tag-tours"},"share_on_mastodon":{"url":"https:\/\/pubeurope.com\/@fr\/115405267447417141","error":""},"_links":{"self":[{"href":"https:\/\/www.europesays.com\/fr\/wp-json\/wp\/v2\/posts\/476520","targetHints":{"allow":["GET"]}}],"collection":[{"href":"https:\/\/www.europesays.com\/fr\/wp-json\/wp\/v2\/posts"}],"about":[{"href":"https:\/\/www.europesays.com\/fr\/wp-json\/wp\/v2\/types\/post"}],"author":[{"embeddable":true,"href":"https:\/\/www.europesays.com\/fr\/wp-json\/wp\/v2\/users\/2"}],"replies":[{"embeddable":true,"href":"https:\/\/www.europesays.com\/fr\/wp-json\/wp\/v2\/comments?post=476520"}],"version-history":[{"count":0,"href":"https:\/\/www.europesays.com\/fr\/wp-json\/wp\/v2\/posts\/476520\/revisions"}],"wp:featuredmedia":[{"embeddable":true,"href":"https:\/\/www.europesays.com\/fr\/wp-json\/wp\/v2\/media\/476521"}],"wp:attachment":[{"href":"https:\/\/www.europesays.com\/fr\/wp-json\/wp\/v2\/media?parent=476520"}],"wp:term":[{"taxonomy":"category","embeddable":true,"href":"https:\/\/www.europesays.com\/fr\/wp-json\/wp\/v2\/categories?post=476520"},{"taxonomy":"post_tag","embeddable":true,"href":"https:\/\/www.europesays.com\/fr\/wp-json\/wp\/v2\/tags?post=476520"}],"curies":[{"name":"wp","href":"https:\/\/api.w.org\/{rel}","templated":true}]}}