{"id":476524,"date":"2025-10-20T07:17:24","date_gmt":"2025-10-20T07:17:24","guid":{"rendered":"https:\/\/www.europesays.com\/fr\/476524\/"},"modified":"2025-10-20T07:17:24","modified_gmt":"2025-10-20T07:17:24","slug":"lardechois-laurent-decu-par-une-de-ses-pretendantes","status":"publish","type":"post","link":"https:\/\/www.europesays.com\/fr\/476524\/","title":{"rendered":"l\u2019Ard\u00e9chois Laurent d\u00e9\u00e7u par une de ses pr\u00e9tendantes"},"content":{"rendered":"<p>Lundi 22\u00a0septembre, le\u00a0public avait d\u00e9couvert les nouveaux candidats de la 20e saison de L\u2019Amour est dans le pr\u00e9, l\u2019\u00e9mission phare de M6. Parmi eux, Laurent, un Ard\u00e9chois de 58\u00a0ans. L\u2019\u00e9leveur de brebis et de vaches allaitantes a d\u00e9cid\u00e9 de se lancer dans l\u2019aventure apr\u00e8s le d\u00e9c\u00e8s de son \u00e9pouse, survenu en 2023.<\/p>\n<p>  \u00ab\u00a0Je ne cherchais pas une bobonne \u00e0 la maison\u00a0\u00bb<\/p>\n<p>Diffusion de son portrait, ouverture des courriers, speed datings\u2026 Tout semblait \u00ab\u00a0rouler\u00a0\u00bb pour l\u2019Ard\u00e9chois. Jusqu\u2019\u00e0 l\u2019\u00e9pisode du lundi 13\u00a0octobre, o\u00f9 il a connu une grosse d\u00e9ception en recevant ses deux pr\u00e9tendantes dans sa ferme, situ\u00e9e aux portes de la Haute-Loire. C\u2019est en cuisine, sa passion, qu\u2019il voulait passer du temps avec Fran\u00e7oise et Laurence. \u00catre ensemble aux fourneaux est une exigence pour l\u2019\u00e9leveur de brebis et de vaches allaitantes\u00a0: \u00ab\u00a0La personne qui devra rentrer dans ma vie demain, il faudra qu\u2019elle aime cuisiner.\u00a0\u00bb<\/p>\n<p>Le probl\u00e8me, c\u2019est que Fran\u00e7oise ne s\u2019est pas montr\u00e9e tr\u00e8s \u00e0 l\u2019aise en cuisine\u2026 \u00ab\u00a0Je sais cuisiner mais je viens de vivre dix\u00a0ans avec quelqu\u2019un qui cuisinait extr\u00eamement bien, a-t-elle expliqu\u00e9. Il ne faut pas \u00eatre \u00e0 deux dans la cuisine, sinon on s\u2019engueule.\u00a0\u00bb<\/p>\n<p>  \u00ab\u00a0Je cherche quelqu\u2019un avec beaucoup de points communs\u00a0\u00bb<\/p>\n<p>La situation a d\u00e9plu \u00e0 Laurent, qui souhaitait partager un moment agr\u00e9able\u00a0: \u00ab\u00a0\u00c7a me d\u00e9\u00e7oit beaucoup. J\u2019ai montr\u00e9, \u00e0 travers mon portrait, que j\u2019\u00e9tais capable de cuisiner et que je ne cherchais pas une bobonne \u00e0 la maison. Je veux quelqu\u2019un qui a envie de partager ma vie et qu\u2019on fasse des choses \u00e0 deux. La cuisine \u00e0 quatre mains, \u00e7a me pla\u00eet.\u00a0\u00bb<\/p>\n<p>Veuf depuis deux\u00a0ans, l\u2019agriculteur s\u2019est tourn\u00e9 vers l\u2019\u00e9mission pr\u00e9sent\u00e9e par Karine Le Marchand pour refaire sa vie. \u00ab\u00a0Je cherche une personne avec qui j\u2019aurai beaucoup de points communs\u00a0\u00bb, confiait Laurent il y a quelques semaines, apr\u00e8s la diffusion de ses rencontres.<\/p>\n<p>C\u2019est donc un coup d\u2019arr\u00eat alors que leur premi\u00e8re rencontre lors du speed dating avait \u00e9t\u00e9 plus qu\u2019encourageante. Comme Laurent, Fran\u00e7oise a perdu la\u00a0personne qui partageait sa vie. L\u2019Ard\u00e9chois avait trouv\u00e9 que \u00ab\u00a0la lettre de Fran\u00e7oise \u00e9tait la plus belle\u00a0\u00bb, et \u00e9tait tomb\u00e9 sous le charme de sa pr\u00e9tendante. Cette incompr\u00e9hension devant les fourneaux a copieusement refroidi l\u2019agriculteur\u2026<\/p>\n","protected":false},"excerpt":{"rendered":"Lundi 22\u00a0septembre, le\u00a0public avait d\u00e9couvert les nouveaux candidats de la 20e saison de L\u2019Amour est dans le pr\u00e9,&hellip;\n","protected":false},"author":2,"featured_media":476525,"comment_status":"","ping_status":"","sticky":false,"template":"","format":"standard","meta":{"footnotes":""},"categories":[1356],"tags":[327,58,33,10446,59,1011,27,4002,10444,10445,104,252,2205,1364],"class_list":{"0":"post-476524","1":"post","2":"type-post","3":"status-publish","4":"format-standard","5":"has-post-thumbnail","7":"category-television","8":"tag-agriculture","9":"tag-divertissement","10":"tag-economie","11":"tag-edition-haute-loire","12":"tag-entertainment","13":"tag-fr","14":"tag-france","15":"tag-haute-loire","16":"tag-le-puy-en-velay","17":"tag-le-puy-en-velay-ville","18":"tag-societe","19":"tag-television","20":"tag-television-medias","21":"tag-tv"},"share_on_mastodon":{"url":"https:\/\/pubeurope.com\/@fr\/115405275213751806","error":""},"_links":{"self":[{"href":"https:\/\/www.europesays.com\/fr\/wp-json\/wp\/v2\/posts\/476524","targetHints":{"allow":["GET"]}}],"collection":[{"href":"https:\/\/www.europesays.com\/fr\/wp-json\/wp\/v2\/posts"}],"about":[{"href":"https:\/\/www.europesays.com\/fr\/wp-json\/wp\/v2\/types\/post"}],"author":[{"embeddable":true,"href":"https:\/\/www.europesays.com\/fr\/wp-json\/wp\/v2\/users\/2"}],"replies":[{"embeddable":true,"href":"https:\/\/www.europesays.com\/fr\/wp-json\/wp\/v2\/comments?post=476524"}],"version-history":[{"count":0,"href":"https:\/\/www.europesays.com\/fr\/wp-json\/wp\/v2\/posts\/476524\/revisions"}],"wp:featuredmedia":[{"embeddable":true,"href":"https:\/\/www.europesays.com\/fr\/wp-json\/wp\/v2\/media\/476525"}],"wp:attachment":[{"href":"https:\/\/www.europesays.com\/fr\/wp-json\/wp\/v2\/media?parent=476524"}],"wp:term":[{"taxonomy":"category","embeddable":true,"href":"https:\/\/www.europesays.com\/fr\/wp-json\/wp\/v2\/categories?post=476524"},{"taxonomy":"post_tag","embeddable":true,"href":"https:\/\/www.europesays.com\/fr\/wp-json\/wp\/v2\/tags?post=476524"}],"curies":[{"name":"wp","href":"https:\/\/api.w.org\/{rel}","templated":true}]}}