{"id":476528,"date":"2025-10-20T07:20:07","date_gmt":"2025-10-20T07:20:07","guid":{"rendered":"https:\/\/www.europesays.com\/fr\/476528\/"},"modified":"2025-10-20T07:20:07","modified_gmt":"2025-10-20T07:20:07","slug":"pourquoi-il-ne-faut-pas-passer-a-cote-du-film-qui-vient-de-revenir-en-streaming","status":"publish","type":"post","link":"https:\/\/www.europesays.com\/fr\/476528\/","title":{"rendered":"Pourquoi il ne faut pas passer \u00e0 c\u00f4t\u00e9 du film qui vient de revenir en streaming"},"content":{"rendered":"<p>Apr\u00e8s six \u00e9pisodes et plus de 450 \u00e9pisodes, la s\u00e9rie Kaamelott s&rsquo;est termin\u00e9e en 2009. Mais l&rsquo;histoire n&rsquo;a pas pris fin ! En juillet 2021 sortait au cin\u00e9ma le film <a href=\"https:\/\/www.programme-tv.net\/cinema\/15796759-kaamelott-premier-volet\/\" target=\"_blank\" rel=\"noopener\">Kaamelott &#8211; Premier volet<\/a>, qui voyait le retour des personnages cultes d&rsquo;Alexandre Astier. Le 22 octobre prochain, c&rsquo;est la premi\u00e8re partie du second film qui arrive en salles, alors quoi de mieux que se replonger dans le premier film, d\u00e9sormais <a href=\"https:\/\/www.programme-tv.net\/news\/evenement\/disney-plus-streaming\/389988-kaamelott-ou-voir-le-premier-volet-en-attendant-le-deuxieme-film\/\" data-api-deeplink=\"teleloisirs:\/\/news\/389988\" target=\"_blank\" rel=\"noopener\">disponible sur Disney+<\/a>. Voici pourquoi il ne faut pas rater ce film en streaming.<\/p>\n<p><b>Kaamelott, premier volet<\/b><b> : la fin d&rsquo;une attente de dix ans<\/b><\/p>\n<p>Pendant plus d&rsquo;une d\u00e9cennie, pas une rencontre avec la presse ou avec les fans sans qu&rsquo;on interroge <a href=\"https:\/\/www.programme-tv.net\/biographie\/1069-astier-alexandre\/\" data-api-deeplink=\"teleloisirs:\/\/person\/1069\" target=\"_blank\" rel=\"noopener\">Alexandre Astier<\/a> sur la date de sortie de son adaptation sur grand \u00e9cran de Kaamelott. Il faut dire qu&rsquo;en six saisons et 458 \u00e9pisodes, <a href=\"https:\/\/www.programme-tv.net\/news\/series-tv\/82550-kaamelott-decouvrez-ce-que-sont-devenus-les-acteurs-de-la-serie-culte\/\" data-api-deeplink=\"teleloisirs:\/\/news\/82550\" target=\"_blank\" rel=\"noopener\">la s\u00e9rie humoristique de M6 est devenue culte<\/a>. Et les multiples rediffusions depuis le clap de fin en 2009 ont aid\u00e9 \u00e0 entretenir le mythe. Alexandre Astier, lui, n&rsquo;a jamais cach\u00e9 son envie de transposer cet univers m\u00e9di\u00e9val au cin\u00e9ma. Mais des probl\u00e8mes juridiques et un besoin visc\u00e9ral de faire le sc\u00e9nario parfait ont retard\u00e9 les choses. C&rsquo;est finalement en 2019 qu&rsquo;il met un point final au script. Une longue absence incluse dans le pitch du film : depuis dix ans, Arthur (Alexandre Astier) se cache, loin du royaume de Logres. Mais il va devoir \u2013 \u00e0 contre-c\u0153ur \u2013 sortir de son isolement pour organiser la r\u00e9sistance et reprendre Kaamelott des griffes du tyrannique Lancelot du Lac (<a href=\"https:\/\/www.programme-tv.net\/biographie\/1071-cousseau-thomas\/\" data-link-people=\"987c319f-b34a-4756-9948-2d5c3b6d4139\" target=\"_blank\" rel=\"noopener\">Thomas Cousseau<\/a>) et de ses mercenaires saxons.<\/p>\n<p>                        <b>Un bataillon de guests dans <\/b><b>Kaamelott, premier volet<\/b><b> <\/b><\/p>\n<p>\u00c0 l&rsquo;instar de la s\u00e9rie, le film peut compter sur une pl\u00e9iade de guests plus prestigieux les uns que les autres. <a href=\"https:\/\/www.programme-tv.net\/biographie\/331-chabat-alain\/\" data-link-people=\"15a6ddc4-c997-428f-a11b-be19a9d7fb47\" target=\"_blank\" rel=\"noopener\">Alain Chabat<\/a> et <a href=\"https:\/\/www.programme-tv.net\/biographie\/168270-nakache-geraldine\/\" data-link-people=\"6a008808-97d7-43f3-9b12-3357cd573756\" target=\"_blank\" rel=\"noopener\">G\u00e9raldine Nakache<\/a> reprennent leurs r\u00f4les de duc et duchesse d&rsquo;Aquitaine, <a href=\"https:\/\/www.programme-tv.net\/biographie\/50859-fleurot-audrey\/\" data-link-people=\"ae3e1d3c-0d41-4e14-8406-55cd8fe06ac2\" target=\"_blank\" rel=\"noopener\">Audrey Fleurot<\/a> celui de la dame du Lac, <a href=\"https:\/\/www.programme-tv.net\/biographie\/319-de-caunes-antoine\/\" data-link-people=\"7635763f-7057-4708-b7a5-5fa669c28701\" target=\"_blank\" rel=\"noopener\">Antoine de Caunes<\/a> celui de Dagonet\u2026 et la liste ne s&rsquo;arr\u00eate pas l\u00e0. Sont \u00e9galement de la partie Christian Clavier, <a href=\"https:\/\/www.programme-tv.net\/biographie\/5334-cornillac-clovis\/\" data-link-people=\"6699d408-2c16-4c9c-a825-d879a91f09fa\" target=\"_blank\" rel=\"noopener\">Clovis Cornillac<\/a>, <a href=\"https:\/\/www.programme-tv.net\/biographie\/47151-gallienne-guillaume\/\" data-link-people=\"bcb2ee7e-4dc7-4426-8d4c-012166fb27ba\" target=\"_blank\" rel=\"noopener\">Guillaume Gallienne<\/a>, Fran\u00e7ois Rollin et m\u00eame <a href=\"https:\/\/www.programme-tv.net\/news\/tv\/278589-kaamelott-premier-volet-alexandre-astier-devoile-comment-sting-a-integre-le-casting-du-film\/\" data-api-deeplink=\"teleloisirs:\/\/news\/278589\" target=\"_blank\" rel=\"noopener\">le chanteur Sting qui incarne Horsa<\/a>, un mercenaire saxon sanguinaire. Si l&rsquo;on regrette l&rsquo;absence de <a href=\"https:\/\/www.programme-tv.net\/biographie\/44186-astier-simon\/\" data-link-people=\"556d8a35-3141-4808-8c4d-88e0fe374470\" target=\"_blank\" rel=\"noopener\">Simon Astier<\/a>, alias Yvain, le chevalier du Lion, le reste de l&rsquo;\u00e9quipe historique de la s\u00e9rie est au rendez-vous, \u00e0 commencer par les in\u00e9galables <a href=\"https:\/\/www.programme-tv.net\/biographie\/50861-pitiot-franck\/\" data-link-people=\"bd851d3d-7964-41e3-926c-8240c5ac5344\" target=\"_blank\" rel=\"noopener\">Franck Pitiot<\/a> et <a href=\"https:\/\/www.programme-tv.net\/biographie\/50860-hembert-jean-christophe\/\" data-link-people=\"be5bce32-1fc0-415d-8f3a-78c8d7fd2c4b\" target=\"_blank\" rel=\"noopener\">Jean-Christophe Hembert<\/a>, alias Perceval et Karadoc, les rois de la punchline !<\/p>\n<p>            <b>Kaamelott, premier volet<\/b><b>  : un film \u00e0 la hauteur de la s\u00e9rie culte<\/b><\/p>\n<p>Au fil des saisons, Perceval et Karadoc ont gratifi\u00e9 les fans de r\u00e9pliques m\u00e9morables \u2013 qui sont m\u00eame, pour certaines, entr\u00e9es dans le langage courant \u2013 comme \u00ab\u00a0le gras c&rsquo;est la vie\u00a0\u00bb\u00a0ou \u00ab\u00a0c&rsquo;est pas faux\u00a0\u00bb. Et cette fois encore, le tandem nous r\u00e9gale de dialogues aff\u00fbt\u00e9s, tout comme Arthur lorsqu&rsquo;il s&rsquo;agace face \u00e0 la b\u00eatise de ses anciens acolytes. Mention sp\u00e9ciale \u00e9galement \u00e0 Alain Chabat, comme toujours irr\u00e9sistible, et dont chacune des apparitions provoque au moins un sourire, voire parfois un bel \u00e9clat de rire. De quoi contrebalancer avec l&rsquo;univers plus sombre de ce Premier Volet, qui ne devrait pas \u00eatre le dernier au vu du joli score r\u00e9alis\u00e9 au box-office, avec plus de 2,6 millions de spectateurs r\u00e9unis dans les salles obscures.<\/p>\n<p>  <a class=\"cta\" href=\"https:\/\/fliz.ly\/WPQ71_w\" rel=\"nofollow noopener\" target=\"_blank\"><br \/>\n    Abonnez-vous \u00e0 Disney+ pour d\u00e9couvrir ce programme<br \/>\n  <\/a><\/p>\n","protected":false},"excerpt":{"rendered":"Apr\u00e8s six \u00e9pisodes et plus de 450 \u00e9pisodes, la s\u00e9rie Kaamelott s&rsquo;est termin\u00e9e en 2009. Mais l&rsquo;histoire n&rsquo;a&hellip;\n","protected":false},"author":2,"featured_media":476529,"comment_status":"","ping_status":"","sticky":false,"template":"","format":"standard","meta":{"footnotes":""},"categories":[1354],"tags":[14989,6928,7196,244,10451,58,59,1346,1011,27,60002,59756,1360,10450,129,60003],"class_list":{"0":"post-476528","1":"post","2":"type-post","3":"status-publish","4":"format-standard","5":"has-post-thumbnail","7":"category-films","8":"tag-alexandre-astier","9":"tag-channel_interviews","10":"tag-cinu00e9ma","11":"tag-commentaire","12":"tag-disney-plus","13":"tag-divertissement","14":"tag-entertainment","15":"tag-films","16":"tag-fr","17":"tag-france","18":"tag-guid_6264430981001","19":"tag-kaamelott-premier-volet","20":"tag-movies","21":"tag-pub-streaming-disney-plus","22":"tag-svod","23":"tag-uuid_eec75cd7-82e9-44dd-b82b-2901de7eb03b"},"share_on_mastodon":{"url":"","error":""},"_links":{"self":[{"href":"https:\/\/www.europesays.com\/fr\/wp-json\/wp\/v2\/posts\/476528","targetHints":{"allow":["GET"]}}],"collection":[{"href":"https:\/\/www.europesays.com\/fr\/wp-json\/wp\/v2\/posts"}],"about":[{"href":"https:\/\/www.europesays.com\/fr\/wp-json\/wp\/v2\/types\/post"}],"author":[{"embeddable":true,"href":"https:\/\/www.europesays.com\/fr\/wp-json\/wp\/v2\/users\/2"}],"replies":[{"embeddable":true,"href":"https:\/\/www.europesays.com\/fr\/wp-json\/wp\/v2\/comments?post=476528"}],"version-history":[{"count":0,"href":"https:\/\/www.europesays.com\/fr\/wp-json\/wp\/v2\/posts\/476528\/revisions"}],"wp:featuredmedia":[{"embeddable":true,"href":"https:\/\/www.europesays.com\/fr\/wp-json\/wp\/v2\/media\/476529"}],"wp:attachment":[{"href":"https:\/\/www.europesays.com\/fr\/wp-json\/wp\/v2\/media?parent=476528"}],"wp:term":[{"taxonomy":"category","embeddable":true,"href":"https:\/\/www.europesays.com\/fr\/wp-json\/wp\/v2\/categories?post=476528"},{"taxonomy":"post_tag","embeddable":true,"href":"https:\/\/www.europesays.com\/fr\/wp-json\/wp\/v2\/tags?post=476528"}],"curies":[{"name":"wp","href":"https:\/\/api.w.org\/{rel}","templated":true}]}}