{"id":476538,"date":"2025-10-20T07:25:13","date_gmt":"2025-10-20T07:25:13","guid":{"rendered":"https:\/\/www.europesays.com\/fr\/476538\/"},"modified":"2025-10-20T07:25:13","modified_gmt":"2025-10-20T07:25:13","slug":"leurope-boursiere-attendue-en-hausse-kering-au-menu-20-10-2025-a-0832","status":"publish","type":"post","link":"https:\/\/www.europesays.com\/fr\/476538\/","title":{"rendered":"L&rsquo;Europe boursi\u00e8re attendue en hausse ; Kering au menu &#8211; 20\/10\/2025 \u00e0 08:32"},"content":{"rendered":"<p>\n (AOF) &#8211; Les march\u00e9s europ\u00e9ens sont attendus dans le vert \u00e0 l&rsquo;ouverture de la premi\u00e8re s\u00e9ance d&rsquo;une semaine particuli\u00e8rement riche, entre r\u00e9sultats d&rsquo;entreprises et indicateurs cl\u00e9s, comme l&rsquo;inflation US au programme de vendredi. Aux Etats-Unis, le shutdown se poursuit. Au chapitre commercial, Donald Trump a fait qu&rsquo;il pourrait r\u00e9duire les droits de douane sur les produits chinois \u00e0 condition que P\u00e9kin fasse \u00e9galement \u00ab\u00a0certaines choses\u00a0\u00bb pour les \u00c9tats-Unis, notamment reprendre ses achats de soja. Kering a accept\u00e9 de vendre sa division beaut\u00e9 \u00e0 L&rsquo;Or\u00e9al pour un montant de 4 milliards d&rsquo;euros.\n<\/p>\n<p>\n <strong><br \/>\n  Les valeurs \u00e0 suivre aujourd&rsquo;hui<br \/>\n <\/strong>\n<\/p>\n<p>\n <strong><br \/>\n  Airbus<br \/>\n <\/strong>\n<\/p>\n<p>\n Airbus a annonc\u00e9 que l&rsquo;Indien IndiGo a finalis\u00e9 un engagement portant sur 30 appareils A350, transformant ainsi un protocole d&rsquo;accord en commande ferme. Au total, la plus grande compagnie a\u00e9rienne d&rsquo;Inde a command\u00e9 60 de ces avions. Avec cette augmentation de la commande, le groupe se pr\u00e9pare \u00e0 p\u00e9n\u00e9trer le march\u00e9 international long-courrier et b\u00e9n\u00e9ficiera du rayon d&rsquo;action important et de l&rsquo;efficacit\u00e9 de l&rsquo;A350 pour soutenir ses ambitions mondiales.\n<\/p>\n<p>\n <strong><br \/>\n  Kering<br \/>\n <\/strong>\n<\/p>\n<p>\n Kering et L\u2019Or\u00e9al ont annonc\u00e9 la conclusion d\u2019un partenariat strat\u00e9gique de long terme dans la beaut\u00e9 et le bien-\u00eatre de luxe. L&rsquo;accord, comprenant la cession de Creed et l&rsquo;\u00e9tablissement des licences de 50 ans pour les Maisons iconiques de Kering, s&rsquo;\u00e9l\u00e8ve \u00e0 4 milliards d&rsquo;euros, payables en num\u00e9raire \u00e0 la r\u00e9alisation de l&rsquo;op\u00e9ration, pr\u00e9vue pour le premier semestre 2026. L&rsquo;Or\u00e9al versera \u00e9galement des redevances \u00e0 Kering pour l&rsquo;utilisation des marques sous licence.\n<\/p>\n<p>\n <strong><br \/>\n  Ramsay G\u00e9n\u00e9rale de Sant\u00e9<br \/>\n <\/strong>\n<\/p>\n<p>\n Ramsay G\u00e9n\u00e9rale de Sant\u00e9 a publi\u00e9 des r\u00e9sultats annuels globalement positifs. Sur son exercice clos fin juin 2025, le chiffre d\u2019affaires s\u2019est \u00e9lev\u00e9 \u00e0 5,242 milliards d\u2019euros, soit une croissance de 4,7%, ou de 2,7% en organique. L\u2019activit\u00e9 en France a connu une progression de 5,9%, tandis que dans les pays nordiques, elle a augment\u00e9 de 2,2%. En parall\u00e8le, l\u2019Ebitda du leader europ\u00e9en de l&rsquo;hospitalisation priv\u00e9e et des soins primaires a l\u00e9g\u00e8rement progress\u00e9 de 1,7%, \u00e0 621,4 millions d\u2019euros, tandis que le r\u00e9sultat op\u00e9rationnel courant est pass\u00e9 de 184,2 \u00e0 187,4 millions d\u2019euros.\n<\/p>\n<p>\n <strong><br \/>\n  We.Connect<br \/>\n <\/strong>\n<\/p>\n<p>\n We.Connect, sp\u00e9cialiste des accessoires high-tech pour l&rsquo;informatique, les mobiles et le son, et de la distribution de produits informatiques et p\u00e9riph\u00e9riques, a livr\u00e9 ses r\u00e9sultats du premier semestre, d&rsquo;o\u00f9 ressort un r\u00e9sultat net de 6,3 millions d&rsquo;euros, en hausse de 67,3% par rapport au premier semestre 2024. L&rsquo;Ebitda s&rsquo;affiche \u00e0 6,3 millions d&rsquo;euros, en croissance de 2,9% et le chiffre d&rsquo;affaires \u00e0 174,9 millions d&rsquo;euros, en progression de 45,4%.\n<\/p>\n<p>\n <strong><br \/>\n  Les chiffres macro\u00e9conomiques<br \/>\n <\/strong>\n<\/p>\n<p>\n Aux Etats-Unis, l&rsquo;indice des indicateurs avanc\u00e9s en septembre sera publi\u00e9 \u00e0 16h00.\n<\/p>\n<p>\n Vers 8h30, l&rsquo;euro c\u00e8de 0,01% \u00e0 1,1661 dollar.\n<\/p>\n<p>\n <strong><br \/>\n  Vendredi \u00e0 Paris<br \/>\n <\/strong>\n<\/p>\n<p>\n Apr\u00e8s une ouverture en net repli, la Bourse de Paris a r\u00e9ussi \u00e0 rattraper son retard gr\u00e2ce \u00e0 une annonce faite par Donald Trump. Le pr\u00e9sident des Etats-Unis a indiqu\u00e9 qu\u2019il rencontrerait son homologue chinois dans deux semaines. Avec cette d\u00e9claration, les tensions commerciales sino-am\u00e9ricaines se sont apais\u00e9es, mais la tendance est rest\u00e9e fragile en raison des inqui\u00e9tudes qui p\u00e8se sur deux banques r\u00e9gionales outre-Atlantique. Dans ces conditions, le CAC 40 a c\u00e9d\u00e9 0,18%, \u00e0 8 174,20 points, signant un gain hebdomadaire de 3,24%, alors que le DAX a recul\u00e9 de 1,76 %, \u00e0 23 845,41 points.\n<\/p>\n<p>\n <strong><br \/>\n  Vendredi \u00e0 Wall Street<br \/>\n <\/strong>\n<\/p>\n<p>\n Les march\u00e9s am\u00e9ricains ont cl\u00f4tur\u00e9 sur une note positive. L&rsquo;annonce d&rsquo;une rencontre dans 15 jours entre les pr\u00e9sidents am\u00e9ricain et chinois a remont\u00e9 le moral des investisseurs. Donald Trump a aussi d\u00e9clar\u00e9 que les menaces de droits de douane \u00e9lev\u00e9s sur les produits chinois n&rsquo;\u00e9taient \u00ab\u00a0pas soutenables\u00a0\u00bb. Les investisseurs s&rsquo;inqui\u00e8tent de la qualit\u00e9 du cr\u00e9dit des \u00e9tablissements r\u00e9gionaux, Zions Bancorp et Western Alliance Bancorp. Les titres de ces derniers se sont repris apr\u00e8s leur chute de jeudi. Le Dow Jones a progress\u00e9 de 0,52% \u00e0 46190 points et le Nasdaq de 0,52% \u00e0 22679 points.<\/p>\n","protected":false},"excerpt":{"rendered":"(AOF) &#8211; Les march\u00e9s europ\u00e9ens sont attendus dans le vert \u00e0 l&rsquo;ouverture de la premi\u00e8re s\u00e9ance d&rsquo;une semaine&hellip;\n","protected":false},"author":2,"featured_media":2956,"comment_status":"","ping_status":"","sticky":false,"template":"","format":"standard","meta":{"footnotes":""},"categories":[6],"tags":[400,398,408,35,405,33,34,1011,27,403,402,399,404,401,406,407],"class_list":{"0":"post-476538","1":"post","2":"type-post","3":"status-publish","4":"format-standard","5":"has-post-thumbnail","7":"category-economie","8":"tag-action-cac-40","9":"tag-bourse-de-paris","10":"tag-boursorama","11":"tag-business","12":"tag-cotations","13":"tag-economie","14":"tag-economy","15":"tag-fr","16":"tag-france","17":"tag-indices-devises","18":"tag-investir","19":"tag-investissement","20":"tag-marche-boursier","21":"tag-sicav","22":"tag-trackers","23":"tag-warrants"},"share_on_mastodon":{"url":"https:\/\/pubeurope.com\/@fr\/115405306133686300","error":""},"_links":{"self":[{"href":"https:\/\/www.europesays.com\/fr\/wp-json\/wp\/v2\/posts\/476538","targetHints":{"allow":["GET"]}}],"collection":[{"href":"https:\/\/www.europesays.com\/fr\/wp-json\/wp\/v2\/posts"}],"about":[{"href":"https:\/\/www.europesays.com\/fr\/wp-json\/wp\/v2\/types\/post"}],"author":[{"embeddable":true,"href":"https:\/\/www.europesays.com\/fr\/wp-json\/wp\/v2\/users\/2"}],"replies":[{"embeddable":true,"href":"https:\/\/www.europesays.com\/fr\/wp-json\/wp\/v2\/comments?post=476538"}],"version-history":[{"count":0,"href":"https:\/\/www.europesays.com\/fr\/wp-json\/wp\/v2\/posts\/476538\/revisions"}],"wp:featuredmedia":[{"embeddable":true,"href":"https:\/\/www.europesays.com\/fr\/wp-json\/wp\/v2\/media\/2956"}],"wp:attachment":[{"href":"https:\/\/www.europesays.com\/fr\/wp-json\/wp\/v2\/media?parent=476538"}],"wp:term":[{"taxonomy":"category","embeddable":true,"href":"https:\/\/www.europesays.com\/fr\/wp-json\/wp\/v2\/categories?post=476538"},{"taxonomy":"post_tag","embeddable":true,"href":"https:\/\/www.europesays.com\/fr\/wp-json\/wp\/v2\/tags?post=476538"}],"curies":[{"name":"wp","href":"https:\/\/api.w.org\/{rel}","templated":true}]}}