{"id":476548,"date":"2025-10-20T07:33:18","date_gmt":"2025-10-20T07:33:18","guid":{"rendered":"https:\/\/www.europesays.com\/fr\/476548\/"},"modified":"2025-10-20T07:33:18","modified_gmt":"2025-10-20T07:33:18","slug":"pour-le-retour-des-supporters-le-filet-de-protection-retire-a-marcel-picot","status":"publish","type":"post","link":"https:\/\/www.europesays.com\/fr\/476548\/","title":{"rendered":"pour le retour des supporters, le filet de protection retir\u00e9 \u00e0 Marcel-Picot"},"content":{"rendered":"<p>Zapping Foot National Entretien &#8211; Les dessous du football amateur, avec Romain Molina<\/p>\n<p>Une bonne nouvelle pour Pablo Correa et ses hommes. Ce lundi soir (20h45), Nancy re\u00e7oit effectivement Amiens dans le cadre du match de cl\u00f4ture de la dixi\u00e8me journ\u00e9e de Ligue 2. Une rencontre qui pourrait permettre au champion de National en titre de revenir \u00e0 hauteur du Top 5 en cas de victoire. Un match qui marquera surtout le grand retour des supporters \u00e0 Marcel-Picot. Priv\u00e9 \u00e0 domicile de ses supporters depuis le d\u00e9but de la saison en raison d&rsquo;une sanction de la commission de discipline de la F\u00e9d\u00e9ration fran\u00e7aise de football (FFF) pour des incidents survenus lors du pr\u00e9c\u00e9dent exercice en National, l&rsquo;antre de l&rsquo;AS Nancy Lorraine a donc sonn\u00e9 creux pour le grand retour du club en Ligue 2.<\/p>\n<p>Le filet enlev\u00e9, plus de 10 000 supporters attendus<\/p>\n<p>Pour cette rencontre, la M\u00e9tropole du Grand Nancy, en concertation avec l\u2019AS Nancy-Lorraine\u00a0et le Saturday FC, a pris la d\u00e9cision de retirer le filet de protection devant la tribune Piantoni. Une mesure qui vise \u00e0 am\u00e9liorer le confort visuel et l\u2019exp\u00e9rience. Pour autant, aucun jet ne sera tol\u00e9r\u00e9 par les locaux. \u00ab\u00a0Nous rappelons que tout jet d\u2019objet depuis les tribunes peut avoir de lourdes cons\u00e9quences, sportives comme judiciaires. De tels actes entra\u00eeneront imm\u00e9diatement des poursuites judiciaires\u00a0et pourront contraindre le club \u00e0 remettre en place le dispositif de protection\u00a0\u00bb rappelle le club aux Chardons, qui en appelle donc \u00ab\u00a0au civisme et \u00e0 la responsabilit\u00e9 de chacun\u00a0afin que l\u2019ambiance en tribune reste festive, respectueuse et s\u00e9curis\u00e9e pour tous.\u00a0\u00bb<\/p>\n<p>Partagez cette info avec vos amis et vos proches en cliquant ici<br \/>Pour r\u00e9sumer<\/p>\n<p>Une bonne nouvelle pour Pablo Correa et ses hommes. Ce lundi soir (20h45), Nancy re\u00e7oit effectivement Amiens dans le cadre du match de cl\u00f4ture de la dixi\u00e8me journ\u00e9e de Ligue 2. Une rencontre qui pourrait permettre au champion de National en titre de revenir \u00e0 hauteur du Top 5 en cas de victoire.<\/p>\n<p> <img decoding=\"async\" width=\"76\" height=\"76\" loading=\"lazy\" src=\"https:\/\/static.wui.fr\/images_v3\/avatar-footnational.png\" alt=\"Youcef Ghalaza-Boudra\"\/><\/p>\n","protected":false},"excerpt":{"rendered":"Zapping Foot National Entretien &#8211; Les dessous du football amateur, avec Romain Molina Une bonne nouvelle pour Pablo&hellip;\n","protected":false},"author":2,"featured_media":476549,"comment_status":"","ping_status":"","sticky":false,"template":"","format":"standard","meta":{"footnotes":""},"categories":[9635],"tags":[1111,11,1777,674,1011,27,775,59995,1702,12,25],"class_list":{"0":"post-476548","1":"post","2":"type-post","3":"status-publish","4":"format-standard","5":"has-post-thumbnail","7":"category-nancy","8":"tag-actu","9":"tag-actualites","10":"tag-eu","11":"tag-europe","12":"tag-fr","13":"tag-france","14":"tag-grand-est","15":"tag-ligue-2-actus","16":"tag-nancy","17":"tag-news","18":"tag-republique-francaise"},"share_on_mastodon":{"url":"https:\/\/pubeurope.com\/@fr\/115405338178045527","error":""},"_links":{"self":[{"href":"https:\/\/www.europesays.com\/fr\/wp-json\/wp\/v2\/posts\/476548","targetHints":{"allow":["GET"]}}],"collection":[{"href":"https:\/\/www.europesays.com\/fr\/wp-json\/wp\/v2\/posts"}],"about":[{"href":"https:\/\/www.europesays.com\/fr\/wp-json\/wp\/v2\/types\/post"}],"author":[{"embeddable":true,"href":"https:\/\/www.europesays.com\/fr\/wp-json\/wp\/v2\/users\/2"}],"replies":[{"embeddable":true,"href":"https:\/\/www.europesays.com\/fr\/wp-json\/wp\/v2\/comments?post=476548"}],"version-history":[{"count":0,"href":"https:\/\/www.europesays.com\/fr\/wp-json\/wp\/v2\/posts\/476548\/revisions"}],"wp:featuredmedia":[{"embeddable":true,"href":"https:\/\/www.europesays.com\/fr\/wp-json\/wp\/v2\/media\/476549"}],"wp:attachment":[{"href":"https:\/\/www.europesays.com\/fr\/wp-json\/wp\/v2\/media?parent=476548"}],"wp:term":[{"taxonomy":"category","embeddable":true,"href":"https:\/\/www.europesays.com\/fr\/wp-json\/wp\/v2\/categories?post=476548"},{"taxonomy":"post_tag","embeddable":true,"href":"https:\/\/www.europesays.com\/fr\/wp-json\/wp\/v2\/tags?post=476548"}],"curies":[{"name":"wp","href":"https:\/\/api.w.org\/{rel}","templated":true}]}}