{"id":476562,"date":"2025-10-20T07:40:09","date_gmt":"2025-10-20T07:40:09","guid":{"rendered":"https:\/\/www.europesays.com\/fr\/476562\/"},"modified":"2025-10-20T07:40:09","modified_gmt":"2025-10-20T07:40:09","slug":"grenoble-la-dispute-entre-voisines-vire-au-drame-une-femme-de-24-ans-est-tuee","status":"publish","type":"post","link":"https:\/\/www.europesays.com\/fr\/476562\/","title":{"rendered":"Grenoble. La dispute entre voisines vire au drame, une femme de 24 ans est tu\u00e9e"},"content":{"rendered":"<p>            Par<br \/>\n        <strong><br \/>\n            <a href=\"https:\/\/actu.fr\/auteur\/redaction-grenoble\" title=\"Consulter tous les articles de R\u00e9daction Grenoble\" target=\"_blank\" rel=\"noopener\">R\u00e9daction Grenoble<\/a><br \/>\n        <\/strong><\/p>\n<p>        Publi\u00e9 le<\/p>\n<p>            20 oct. 2025 \u00e0 9h35        <\/p>\n<p>Tout serait partie d\u2019un <strong>diff\u00e9rend de voisinage<\/strong>. Samedi 18 octobre au soir, une <strong>femme de 24 ans<\/strong> a \u00e9t\u00e9 retrouv\u00e9e morte rue Danton, dans le quartier Chorier-Berriat \u00e0 <a href=\"https:\/\/actu.fr\/auvergne-rhone-alpes\/grenoble_38185\" target=\"_blank\" rel=\"noopener\">Grenoble<\/a>, poignard\u00e9e.<\/p>\n<p>    <a href=\"https:\/\/www.google.com\/maps\/embed?pb=!1m18!1m12!1m3!1d2812.1018857392414!2d5.706113075922454!3d45.1850337520224!2m3!1f0!2f0!3f0!3m2!1i1024!2i768!4f13.1!3m3!1m2!1s0x478af362cb641d53%3A0x58f619fdc4028948!2sRue%20Danton%2C%2038000%20Grenoble!5e0!3m2!1sfr!2sfr!4v1760944890421!5m2!1sfr!2sfr\" title=\"Ouvrie le lien\" target=\"_blank\" rel=\"noopener\">Cliquez ici pour visualiser le contenu<\/a><\/p>\n<p class=\" wall-content\">Alert\u00e9s vers 20h30 samedi, les sapeurs-pompiers ont retrouv\u00e9 la victime gisante dans un appartement, gravement bless\u00e9e avec \u00ab\u00a0une <strong>plaie au niveau du c\u0153ur<\/strong> et au moins une au visage\u00a0\u00bb, indique le parquet de Grenoble, confirmant une information du Dauphin\u00e9 Lib\u00e9r\u00e9.<\/p>\n<p class=\" wall-content\">La jeune femme est d\u00e9c\u00e9d\u00e9e malgr\u00e9 les premiers soins des secouristes.<\/p>\n<p>L\u2019arme retrouv\u00e9e sur place<\/p>\n<p class=\" wall-content\">La principale suspecte est la <strong>voisine de la victime<\/strong>, \u00e2g\u00e9e de 20 ans. Elle a \u00e9t\u00e9 interpell\u00e9e par la police, puis plac\u00e9e en garde \u00e0 vue.<\/p>\n<p class=\" wall-content\">Dimanche matin, elle \u00ab\u00a0n\u2019a pas encore \u00e9t\u00e9 entendue et la t\u00e9moin, qui est la m\u00e8re de la victime, \u00e9tait trop choqu\u00e9e pour l\u2019\u00eatre\u00a0\u00bb, pr\u00e9cise \u00e0 l\u2019AFP le procureur-adjoint de la R\u00e9publique Fran\u00e7ois Touret de Coucy.<\/p>\n<p class=\" wall-content\">\u00c0 noter qu\u2019un <strong>couteau \u00e0 steak ensanglant\u00e9<\/strong> a \u00e9t\u00e9 retrouv\u00e9 sur le plan de travail de la cuisine de l\u2019appartement o\u00f9 le corps a \u00e9t\u00e9 retrouv\u00e9. Un litige entre les familles de la victime et de la suspecte, habitant le m\u00eame immeuble, pourrait \u00eatre \u00e0 l\u2019origine du drame.<\/p>\n<p>Votre r\u00e9gion, votre actu !<\/p>\n<p>Recevez chaque jour les infos qui comptent pour vous.<\/p>\n<p>\t<a href=\"https:\/\/actu.fr\/newsletter\" class=\"ac-btn ac-btn--corner ac-btn--medium ac-btn--blue800\" target=\"_blank\" rel=\"noopener\">S&rsquo;incrire<\/a><br \/>\nLes deux protagonistes connus de la justice<\/p>\n<p class=\" wall-content\">La suspecte a d\u00e9j\u00e0 fait l\u2019objet d\u2019un rappel \u00e0 la loi en 2021 pour <strong>violence sur mineur de 15 ans<\/strong> sans incapacit\u00e9. Dimanche soir, sa garde \u00e0 vue a \u00e9t\u00e9 prolong\u00e9e de 24 heures, indique le parquet de Grenoble.<\/p>\n<p class=\" wall-content\">La victime, \u00e2g\u00e9e de 24 ans, est \u00e9galement connue des services de la justice. Elle a \u00e9t\u00e9 condamn\u00e9e en 2020 \u00e0 500 euros d\u2019amende et 2 mois d\u2019emprisonnement avec sursis pour transport et <a href=\"https:\/\/actu.fr\/auvergne-rhone-alpes\/grenoble_38185\/grenoble-son-appartement-degage-une-odeur-suspecte-il-jette-la-marchandise-par-la-fenetre_62677606.html\" target=\"_blank\" rel=\"noopener\">d\u00e9tention de stup\u00e9fiants<\/a>, et remise ou sortie irr\u00e9guli\u00e8re \u00e0 d\u00e9tenu.<\/p>\n<p class=\" wall-content\"><strong>Avec AFP<\/strong><\/p>\n<p class=\" wall-content\">Personnalisez votre actualit\u00e9 en ajoutant vos villes et m\u00e9dias en favori avec <a href=\"https:\/\/moncompte.actu.fr\" title=\"D\u00e9couvez Mon Actu\" rel=\"nofollow noopener\" data-trk=\"{&quot;cta&quot;:{&quot;action&quot;:&quot;https:\\\/\\\/moncompte.actu.fr&quot;,&quot;category&quot;:&quot;mon compte&quot;,&quot;from&quot;:&quot;article footer&quot;,&quot;name&quot;:&quot;Mon actu&quot;,&quot;type&quot;:&quot;cta&quot;}}\" target=\"_blank\">Mon Actu<\/a>.<\/p>\n","protected":false},"excerpt":{"rendered":"Par R\u00e9daction Grenoble Publi\u00e9 le 20 oct. 2025 \u00e0 9h35 Tout serait partie d\u2019un diff\u00e9rend de voisinage. Samedi&hellip;\n","protected":false},"author":2,"featured_media":476563,"comment_status":"","ping_status":"","sticky":false,"template":"","format":"standard","meta":{"footnotes":""},"categories":[9566],"tags":[1111,11,2430,1777,674,118,1011,27,2731,303,12,1072,25],"class_list":{"0":"post-476562","1":"post","2":"type-post","3":"status-publish","4":"format-standard","5":"has-post-thumbnail","7":"category-grenoble","8":"tag-actu","9":"tag-actualites","10":"tag-auvergne-rhone-alpes","11":"tag-eu","12":"tag-europe","13":"tag-faits-divers","14":"tag-fr","15":"tag-france","16":"tag-grenoble","17":"tag-justice","18":"tag-news","19":"tag-police","20":"tag-republique-francaise"},"share_on_mastodon":{"url":"https:\/\/pubeurope.com\/@fr\/115405365188797341","error":""},"_links":{"self":[{"href":"https:\/\/www.europesays.com\/fr\/wp-json\/wp\/v2\/posts\/476562","targetHints":{"allow":["GET"]}}],"collection":[{"href":"https:\/\/www.europesays.com\/fr\/wp-json\/wp\/v2\/posts"}],"about":[{"href":"https:\/\/www.europesays.com\/fr\/wp-json\/wp\/v2\/types\/post"}],"author":[{"embeddable":true,"href":"https:\/\/www.europesays.com\/fr\/wp-json\/wp\/v2\/users\/2"}],"replies":[{"embeddable":true,"href":"https:\/\/www.europesays.com\/fr\/wp-json\/wp\/v2\/comments?post=476562"}],"version-history":[{"count":0,"href":"https:\/\/www.europesays.com\/fr\/wp-json\/wp\/v2\/posts\/476562\/revisions"}],"wp:featuredmedia":[{"embeddable":true,"href":"https:\/\/www.europesays.com\/fr\/wp-json\/wp\/v2\/media\/476563"}],"wp:attachment":[{"href":"https:\/\/www.europesays.com\/fr\/wp-json\/wp\/v2\/media?parent=476562"}],"wp:term":[{"taxonomy":"category","embeddable":true,"href":"https:\/\/www.europesays.com\/fr\/wp-json\/wp\/v2\/categories?post=476562"},{"taxonomy":"post_tag","embeddable":true,"href":"https:\/\/www.europesays.com\/fr\/wp-json\/wp\/v2\/tags?post=476562"}],"curies":[{"name":"wp","href":"https:\/\/api.w.org\/{rel}","templated":true}]}}