{"id":476577,"date":"2025-10-20T07:49:13","date_gmt":"2025-10-20T07:49:13","guid":{"rendered":"https:\/\/www.europesays.com\/fr\/476577\/"},"modified":"2025-10-20T07:49:13","modified_gmt":"2025-10-20T07:49:13","slug":"violence-entre-enfants-insultes-envers-les-professeurs-pres-de-nantes-les-parents-deleves-dune-ecole-elementaire-alertent","status":"publish","type":"post","link":"https:\/\/www.europesays.com\/fr\/476577\/","title":{"rendered":"Violence entre enfants, insultes envers les professeurs&#8230; Pr\u00e8s de Nantes, les parents d\u2019\u00e9l\u00e8ves d\u2019une \u00e9cole \u00e9l\u00e9mentaire alertent"},"content":{"rendered":"<p>\n    Soutenus par des \u00e9lus, ils r\u00e9clament en urgence plus de moyens. Le rendez-vous qu\u2019ils auraient d\u00fb avoir la semaine derni\u00e8re au minist\u00e8re a \u00e9t\u00e9 annul\u00e9.<\/p>\n<p class=\"fig-paragraph\">Ils se sentent abandonn\u00e9s. Aux portes de\u00a0<a href=\"http:\/\/www.lefigaro.fr\/nantes\/nantes-un-pyromane-a-l-origine-de-22-incendies-place-en-detention-provisoire-20251017\" target=\"_blank\" data-fig-type=\"NewsFlash\" rel=\"noopener nofollow\" data-gtm-custom-categorie=\"navigation\" data-gtm-custom-action=\"crossclick\" data-gtm-custom-label=\"Contextuel\" data-gtm-event=\"customEventSPE\" data-fig-domain=\"LEFIGARO\">Nantes<\/a>, les parents d\u2019\u00e9l\u00e8ves de l\u2019\u00e9cole \u00e9l\u00e9mentaire du Bois Saint-Louis \u00e0\u00a0<a href=\"http:\/\/www.lefigaro.fr\/nantes\/pres-de-nantes-apres-une-serie-de-cambriolages-dans-des-commerces-une-mairie-ecologiste-se-resout-a-l-installation-de-cameras-20250925\" target=\"_blank\" data-fig-type=\"NewsFlash\" rel=\"noopener nofollow\" data-gtm-custom-categorie=\"navigation\" data-gtm-custom-action=\"crossclick\" data-gtm-custom-label=\"Contextuel\" data-gtm-event=\"customEventSPE\" data-fig-domain=\"LEFIGARO\">Orvault<\/a>\u00a0ont l\u2019impression de pr\u00eacher dans le d\u00e9sert. \u00abDepuis plusieurs ann\u00e9es, cette \u00e9cole est confront\u00e9e \u00e0 une d\u00e9gradation du climat scolaire, marqu\u00e9e par une\u00a0<a href=\"http:\/\/www.lefigaro.fr\/actualite-france\/harcelement-agressions-a-l-ecole-la-violence-banalisee-envers-les-personnels-d-education-20251014\" target=\"_blank\" data-fig-type=\"Article\" rel=\"noopener nofollow\" data-gtm-custom-categorie=\"navigation\" data-gtm-custom-action=\"crossclick\" data-gtm-custom-label=\"Contextuel\" data-gtm-event=\"customEventSPE\" data-fig-domain=\"LEFIGARO\">hausse des violences<\/a> \u00a0entre \u00e9l\u00e8ves, des insultes envers les enseignants, des d\u00e9gradations de mat\u00e9riels\u00bb, alertent dans un communiqu\u00e9 commun l\u2019Association des parents d\u2019\u00e9l\u00e8ves (APE) et le d\u00e9put\u00e9 (PS) de Loire-Atlantique Karim Benbrahim.<\/p>\n<p class=\"fig-paragraph\">Mardi dernier, ils auraient d\u00fb \u00eatre re\u00e7us au minist\u00e8re de l\u2019\u00c9ducation nationale. \u00abCe rendez-vous a finalement d\u00fb \u00eatre report\u00e9 \u00e0 la suite du changement de ministre, alors m\u00eame que la communaut\u00e9 \u00e9ducative attend des r\u00e9ponses urgentes\u00bb, \u00e9crivent les signataires d\u00e9sempar\u00e9s. Et citent un incident r\u00e9cent pour illustrer le probl\u00e8me\u00a0: \u00abIl y a quelques jours, un \u00e9l\u00e8ve est rentr\u00e9 avec un briquet dans l\u2019\u00e9cole et a tent\u00e9 d\u2019allumer un feu dans la cour\u00bb. Par ailleurs, \u00abtoute l\u2019\u00e9quipe p\u00e9dagogique a \u00e9t\u00e9 renouvel\u00e9e trois fois\u00a0au cours des trois derni\u00e8res ann\u00e9es\u00bb.<\/p>\n<p>                                    <a class=\"fig-a11y-skip a11y-hidden\" href=\"#fig-a11y-skip-main-inarticle\"><br \/>\n        Passer la publicit\u00e9<br \/>\n    <\/a><\/p>\n<p>Manque de moyens<\/p>\n<p class=\"fig-paragraph\">\u00abNous, entre parents, on montre au corps enseignant qu\u2019on est l\u00e0, qu\u2019on les soutient\u00bb, confie au Figaro S\u00e9gol\u00e8ne Valen\u00e7ot, \u00e9lue \u00e0 l\u2019APE. \u00abMais dans les faits, cela ne suffit pas. Si, par exemple, une institutrice doit accompagner un \u00e9l\u00e8ve \u00e0 cause d\u2019un probl\u00e8me, elle doit l\u2019accompagner et ne peut pas surveiller sa classe. On demande des choses concr\u00e8tes. Ce qui p\u00eache vraiment, c\u2019est le manque de moyens\u00bb, assure la maman de deux enfants de 4 et 10 ans.<\/p>\n<p class=\"fig-paragraph\">\u00abLes \u00e9l\u00e8ves ont besoin de retrouver un cadre apais\u00e9, propice \u00e0 l\u2019enseignement et \u00e0 leur r\u00e9ussite\u00bb, rench\u00e9rit le d\u00e9put\u00e9 socialiste Karim Benbrahim. Aussi, \u00ables services municipaux sont pleinement mobilis\u00e9s, des moyens humains ont \u00e9t\u00e9 mis en place. Cependant, la Ville ne peut se substituer aux comp\u00e9tences de l\u2019\u00c9tat\u00bb, compl\u00e8te le maire \u00e9cologiste d\u2019Orvault, Jean-S\u00e9bastien Guitton.<\/p>\n<p class=\"fig-paragraph\">Concr\u00e8tement, les parents demandent une d\u00e9charge de la directrice de l\u2019\u00e9cole \u00e0 plein temps, l\u2019arriv\u00e9e d\u2019un psychologue ou m\u00e9diateur scolaire, un poste d\u2019enseignant surnum\u00e9raire pour renforcer l\u2019encadrement et enfin \u00abengager une r\u00e9flexion globale sur les facteurs conduisant au classement en REP lorsqu\u2019une \u00e9cole ne r\u00e9pond pas au crit\u00e8re administratif de rattachement \u00e0 un coll\u00e8ge labellis\u00e9, ce qui est le cas de l\u2019\u00e9cole du Bois Saint-Louis.\u00bb<\/p>\n<p>Classement REP<\/p>\n<p class=\"fig-paragraph\">En effet, le coll\u00e8ge de secteur n\u2019\u00e9tant pas class\u00e9 REP, l\u2019\u00e9cole ne l\u2019est pas non plus et ne b\u00e9n\u00e9ficie pas des moyens suppl\u00e9mentaires dont elle aurait besoin. \u00abLe but n\u2019est pas d\u2019inqui\u00e9ter\u00bb, reprend la maman d\u2019\u00e9l\u00e8ve S\u00e9gol\u00e8ne Valen\u00e7ot, dont les enfants sont scolaris\u00e9s Bois Saint-Louis depuis leur plus jeune \u00e2ge. Mais \u00abcertains contextes familiaux font que ce n\u2019est pas \u00e9vident pour tout le monde\u00bb. \u00abOn ne peut pas laisser faire jusqu\u2019\u00e0 ce que quelque chose (de grave) se passe. L\u00e0, on est en octobre et c\u2019est maintenant qu\u2019on en a besoin\u00bb, insiste-t-elle, de peur de voir l\u2019\u00e9quipe enseignante partir \u00e0 nouveau.<\/p>\n<p class=\"fig-paragraph\">\u00abLa situation \u00e9voqu\u00e9e b\u00e9n\u00e9ficie d\u2019un suivi rigoureux de la part de nos services, en lien \u00e9troit avec l\u2019inspectrice de circonscription et l\u2019inspectrice \u00c9cole inclusive qui a \u00e9galement \u00e9t\u00e9 missionn\u00e9e sur cet accompagnement\u00bb, r\u00e9pond le cabinet de la direction des services d\u00e9partementaux de l\u2019\u00c9ducation nationale, sollicit\u00e9 par Le Figaro. \u00abDes r\u00e9unions ont \u00e9t\u00e9 tenues en lien avec la collectivit\u00e9 et les repr\u00e9sentants de parents d\u2019\u00e9l\u00e8ves. Des mesures concr\u00e8tes continueront d\u2019\u00eatre enclench\u00e9es pour que l\u2019\u00e9quipe enseignante puisse, dans un climat, propice, r\u00e9pondre aux probl\u00e9matiques rencontr\u00e9es avec l\u2019appui des circonscriptions. L\u2019ensemble des actions engag\u00e9es et \u00e0 venir vise \u00e0 garantir un accompagnement adapt\u00e9 et conforme aux valeurs du service public de l\u2019\u00c9ducation nationale.\u00bb<\/p>\n<p>                                    <a class=\"fig-a11y-skip a11y-hidden\" href=\"#fig-a11y-skip-main-inarticle_mtf\"><br \/>\n        Passer la publicit\u00e9<br \/>\n    <\/a><\/p>\n<p class=\"fig-paragraph\">En Loire-Atlantique, d\u2019autres \u00e9tablissements r\u00e9clament aussi de l\u2019aide, qui se fait attendre. R\u00e9cemment, un collectif d\u00e9partemental des \u00e9coles orphelines, regroupant une cinquantaine d\u2019\u00e9tablissements, a \u00e9t\u00e9 cr\u00e9\u00e9. Il rassemble les \u00e9coles qui, comme \u00e0 Orvault, ne peuvent pr\u00e9tendre \u00e0 un classement REP malgr\u00e9 des besoins criants. Dans la liste,\u00a0<a href=\"http:\/\/www.lefigaro.fr\/nantes\/tirs-de-mortier-conseils-de-discipline-a-foison-a-nantes-le-college-le-plus-evite-veut-devenir-rep-20231114\" target=\"_blank\" data-fig-type=\"NewsFlash\" rel=\"noopener nofollow\" data-gtm-custom-categorie=\"navigation\" data-gtm-custom-action=\"crossclick\" data-gtm-custom-label=\"Contextuel\" data-gtm-event=\"customEventSPE\" data-fig-domain=\"LEFIGARO\">certains \u00e9tablissements<\/a>\u00a0r\u00e9clament des moyens depuis plusieurs ann\u00e9es, sans grand succ\u00e8s.<\/p>\n","protected":false},"excerpt":{"rendered":"Soutenus par des \u00e9lus, ils r\u00e9clament en urgence plus de moyens. Le rendez-vous qu\u2019ils auraient d\u00fb avoir la&hellip;\n","protected":false},"author":2,"featured_media":476578,"comment_status":"","ping_status":"","sticky":false,"template":"","format":"standard","meta":{"footnotes":""},"categories":[2818],"tags":[1111,11,1122,1057,1126,1777,674,1011,27,766,12,2636,25],"class_list":{"0":"post-476577","1":"post","2":"type-post","3":"status-publish","4":"format-standard","5":"has-post-thumbnail","7":"category-nantes","8":"tag-actu","9":"tag-actualites","10":"tag-ecole","11":"tag-education","12":"tag-education-nationale","13":"tag-eu","14":"tag-europe","15":"tag-fr","16":"tag-france","17":"tag-nantes","18":"tag-news","19":"tag-pays-de-la-loire","20":"tag-republique-francaise"},"share_on_mastodon":{"url":"https:\/\/pubeurope.com\/@fr\/115405400543197146","error":""},"_links":{"self":[{"href":"https:\/\/www.europesays.com\/fr\/wp-json\/wp\/v2\/posts\/476577","targetHints":{"allow":["GET"]}}],"collection":[{"href":"https:\/\/www.europesays.com\/fr\/wp-json\/wp\/v2\/posts"}],"about":[{"href":"https:\/\/www.europesays.com\/fr\/wp-json\/wp\/v2\/types\/post"}],"author":[{"embeddable":true,"href":"https:\/\/www.europesays.com\/fr\/wp-json\/wp\/v2\/users\/2"}],"replies":[{"embeddable":true,"href":"https:\/\/www.europesays.com\/fr\/wp-json\/wp\/v2\/comments?post=476577"}],"version-history":[{"count":0,"href":"https:\/\/www.europesays.com\/fr\/wp-json\/wp\/v2\/posts\/476577\/revisions"}],"wp:featuredmedia":[{"embeddable":true,"href":"https:\/\/www.europesays.com\/fr\/wp-json\/wp\/v2\/media\/476578"}],"wp:attachment":[{"href":"https:\/\/www.europesays.com\/fr\/wp-json\/wp\/v2\/media?parent=476577"}],"wp:term":[{"taxonomy":"category","embeddable":true,"href":"https:\/\/www.europesays.com\/fr\/wp-json\/wp\/v2\/categories?post=476577"},{"taxonomy":"post_tag","embeddable":true,"href":"https:\/\/www.europesays.com\/fr\/wp-json\/wp\/v2\/tags?post=476577"}],"curies":[{"name":"wp","href":"https:\/\/api.w.org\/{rel}","templated":true}]}}