{"id":476590,"date":"2025-10-20T07:56:11","date_gmt":"2025-10-20T07:56:11","guid":{"rendered":"https:\/\/www.europesays.com\/fr\/476590\/"},"modified":"2025-10-20T07:56:11","modified_gmt":"2025-10-20T07:56:11","slug":"meteo-a-marseille-pluie-et-orages-le-prefet-appelle-a-la-vigilance-voici-les-previsions","status":"publish","type":"post","link":"https:\/\/www.europesays.com\/fr\/476590\/","title":{"rendered":"M\u00e9t\u00e9o \u00e0 Marseille. Pluie et orages, le pr\u00e9fet appelle \u00e0 la \u00ab\u00a0vigilance\u00a0\u00bb: voici les pr\u00e9visions"},"content":{"rendered":"<p>            Par<br \/>\n        <strong><br \/>\n            <a href=\"https:\/\/actu.fr\/auteur\/fabien-binacchi\" title=\"Consulter tous les articles de Fabien Binacchi\" target=\"_blank\" rel=\"noopener\">Fabien Binacchi<\/a><br \/>\n        <\/strong><\/p>\n<p>        Publi\u00e9 le<\/p>\n<p>            20 oct. 2025 \u00e0 8h54        <\/p>\n<p>Comment pr\u00e9vu, <a href=\"https:\/\/actu.fr\/provence-alpes-cote-d-azur\/marseille_13055\/meteo-dans-les-bouches-du-rhone-changement-de-temps-radical-pour-les-vacances-les-previsions_63306820.html\" target=\"_blank\" rel=\"noopener\">le ciel est tr\u00e8s perturb\u00e9<\/a> pour cette premi\u00e8re semaine des vacances de la Toussaint. <a href=\"https:\/\/actu.fr\/marseille\/\" target=\"_blank\" rel=\"noopener\">Marseille<\/a> et le d\u00e9partement des <a href=\"https:\/\/actu.fr\/provence-alpes-cote-d-azur\/bouches-du-rhone_13\" target=\"_blank\" rel=\"noopener\">Bouches-du-Rh\u00f4ne<\/a> sont m\u00eame plac\u00e9s en <strong>vigilance jaune \u00ab\u2009orage\u2009\u00bb et \u00ab\u2009pluie-inondation\u2009\u00bb<\/strong> ce lundi 20\u00a0octobre. Le pr\u00e9fet appelle \u00e0 la prudence.<\/p>\n<p class=\" wall-content\">Voici les pr\u00e9visions.<\/p>\n<p>De fortes pluies \u00e0 partir de midi<\/p>\n<p class=\" wall-content\">La situation m\u00e9t\u00e9orologique est \u00ab\u2009\u00e0 surveiller\u2009\u00bb ce lundi, pr\u00e9viennent les services de l\u2019\u00c9tat. <strong>En plus des orages,<\/strong> une alerte pour le risque de \u00ab\u2009pluie-inondation\u2009\u00bb est en vigueur \u00e0 partir de midi.<\/p>\n<p class=\" wall-content\">\n<p class=\" wall-content\">Selon M\u00e9t\u00e9o-France, les pluies \u00ab\u2009deviennent assez fortes en matin\u00e9e et milieu de journ\u00e9e, prenant parfois un caract\u00e8re orageux avec des intensit\u00e9s temporairement de <strong>20 \u00e0 30\u00a0mm par heure<\/strong>\u2009\u00bb.<\/p>\n<p class=\" wall-content\">Et c\u2019est \u00ab\u2009principalement l\u2019Est et le Nord du d\u00e9partement avec \u00e9galement du <strong>40-60\u00a0mm<\/strong> g\u00e9n\u00e9ralis\u00e9s\u2009\u00bb qui est le plus concern\u00e9. Dans le quart nord-est, les cumuls pourront exceptionnellement atteindre <strong>les 80-100mm.<\/strong><\/p>\n<p>\u00ab\u2009Ne pas descendre dans les sous-sols\u2009\u00bb<\/p>\n<p class=\" wall-content\">Le pr\u00e9fet recommande notamment de ne pas \u00ab\u2009s\u2019engager sur une route immerg\u00e9e, m\u00eame partiellement\u2009\u00bb, de ne pas \u00ab\u2009descendre dans les sous-sols, caves\u2009\u00bb ou encore de s\u2019\u00ab\u2009\u00e9loigner des arbres, des cours d\u2019eau et des points bas\u2009\u00bb.<\/p>\n<p class=\" wall-content\"><strong>La perturbation s\u2019\u00e9vacue en fin de journ\u00e9e<\/strong> mais de faibles averses seront encore \u00e0 pr\u00e9voir ce mardi 21\u00a0octobre dans la matin\u00e9e au nord du d\u00e9partement.<\/p>\n<p class=\" wall-content\">Personnalisez votre actualit\u00e9 en ajoutant vos villes et m\u00e9dias en favori avec <a href=\"https:\/\/moncompte.actu.fr\" title=\"D\u00e9couvez Mon Actu\" rel=\"nofollow noopener\" data-trk=\"{&quot;cta&quot;:{&quot;action&quot;:&quot;https:\\\/\\\/moncompte.actu.fr&quot;,&quot;category&quot;:&quot;mon compte&quot;,&quot;from&quot;:&quot;article footer&quot;,&quot;name&quot;:&quot;Mon actu&quot;,&quot;type&quot;:&quot;cta&quot;}}\" target=\"_blank\">Mon Actu<\/a>.<\/p>\n","protected":false},"excerpt":{"rendered":"Par Fabien Binacchi Publi\u00e9 le 20 oct. 2025 \u00e0 8h54 Comment pr\u00e9vu, le ciel est tr\u00e8s perturb\u00e9 pour&hellip;\n","protected":false},"author":2,"featured_media":476591,"comment_status":"","ping_status":"","sticky":false,"template":"","format":"standard","meta":{"footnotes":""},"categories":[2814],"tags":[1111,11,1777,674,1011,27,2839,884,2487,2357,12,4459,882,25],"class_list":{"0":"post-476590","1":"post","2":"type-post","3":"status-publish","4":"format-standard","5":"has-post-thumbnail","7":"category-marseille","8":"tag-actu","9":"tag-actualites","10":"tag-eu","11":"tag-europe","12":"tag-fr","13":"tag-france","14":"tag-inondations","15":"tag-marseille","16":"tag-meteo","17":"tag-meteo-france","18":"tag-news","19":"tag-pluie","20":"tag-provence-alpes-cote-dazur","21":"tag-republique-francaise"},"share_on_mastodon":{"url":"","error":""},"_links":{"self":[{"href":"https:\/\/www.europesays.com\/fr\/wp-json\/wp\/v2\/posts\/476590","targetHints":{"allow":["GET"]}}],"collection":[{"href":"https:\/\/www.europesays.com\/fr\/wp-json\/wp\/v2\/posts"}],"about":[{"href":"https:\/\/www.europesays.com\/fr\/wp-json\/wp\/v2\/types\/post"}],"author":[{"embeddable":true,"href":"https:\/\/www.europesays.com\/fr\/wp-json\/wp\/v2\/users\/2"}],"replies":[{"embeddable":true,"href":"https:\/\/www.europesays.com\/fr\/wp-json\/wp\/v2\/comments?post=476590"}],"version-history":[{"count":0,"href":"https:\/\/www.europesays.com\/fr\/wp-json\/wp\/v2\/posts\/476590\/revisions"}],"wp:featuredmedia":[{"embeddable":true,"href":"https:\/\/www.europesays.com\/fr\/wp-json\/wp\/v2\/media\/476591"}],"wp:attachment":[{"href":"https:\/\/www.europesays.com\/fr\/wp-json\/wp\/v2\/media?parent=476590"}],"wp:term":[{"taxonomy":"category","embeddable":true,"href":"https:\/\/www.europesays.com\/fr\/wp-json\/wp\/v2\/categories?post=476590"},{"taxonomy":"post_tag","embeddable":true,"href":"https:\/\/www.europesays.com\/fr\/wp-json\/wp\/v2\/tags?post=476590"}],"curies":[{"name":"wp","href":"https:\/\/api.w.org\/{rel}","templated":true}]}}