{"id":476600,"date":"2025-10-20T08:01:12","date_gmt":"2025-10-20T08:01:12","guid":{"rendered":"https:\/\/www.europesays.com\/fr\/476600\/"},"modified":"2025-10-20T08:01:12","modified_gmt":"2025-10-20T08:01:12","slug":"avec-othman-nasrou-secretaire-general-des-republicains-et","status":"publish","type":"post","link":"https:\/\/www.europesays.com\/fr\/476600\/","title":{"rendered":"Avec Othman Nasrou, secr\u00e9taire g\u00e9n\u00e9ral des R\u00e9publicains et &#8230;"},"content":{"rendered":"<p>Retranscription des premi\u00e8res minutes :<\/p>\n<p class=\"sud_resume_txt_podcast\">&#8211; Sud Radio, l&rsquo;invit\u00e9 politique, Jean-Fran\u00e7ois Aquili. Et Jean-Fran\u00e7ois Aquili, votre invit\u00e9 politique ce matin sur Sud Radio, c&rsquo;est Haughtman Nassrou, qui est secr\u00e9taire g\u00e9n\u00e9ral des R\u00e9publicains, vice-pr\u00e9sident de la r\u00e9gion \u00cele-de-France. Bonjour \u00e0 vous, Haughtman Nassrou, et bienvenue.<br \/>&#8211; Bonjour. O\u00f9 serez-vous demain matin \u00e0 la m\u00eame heure ? Je sais qu&rsquo;il y a un rassemblement de soutien en faveur de Nicolas Sarkozy.<br \/>&#8211; \u00c9coutez, j&rsquo;y serai peut-\u00eatre, mais je veux manifester d&rsquo;ores et d\u00e9j\u00e0 sur votre antenne mon soutien. Pourquoi vous n&rsquo;y arrivez pas directement ? Non, non, mais je l&rsquo;envisage totalement. Ce que je veux vous dire tr\u00e8s clairement, c&rsquo;est qu&rsquo;on a affaire ici \u00e0 une d\u00e9cision de justice qui est incomprise.<br \/>&#8211; Vous savez, une d\u00e9cision de justice doit \u00eatre motiv\u00e9e. Et on ne comprend pas bien les motivations de cette d\u00e9cision, ni sa s\u00e9v\u00e9rit\u00e9, ni d&rsquo;ailleurs le reproche qu&rsquo;il r\u00e9ellement fait au pr\u00e9sident Sarkozy. Donc moi, je veux lui manifester mon soutien physiquement, peut-\u00eatre demain, aux c\u00f4t\u00e9s de ceux qui y seront, mais en tout cas d&rsquo;ores et d\u00e9j\u00e0 sur votre antenne, parce que nous avons l\u00e0, effectivement, quelque chose qui a choqu\u00e9 beaucoup de nos concitoyens, \u00e0 juste titre.<br \/>&#8211; G\u00e9rald Darmanin, c&rsquo;est sur France Inter, annonce ce matin qu&rsquo;il ira le visiter en prison. Est-ce que c&rsquo;est la place d&rsquo;un garde des Sceaux ? C&rsquo;est sa libert\u00e9. S&rsquo;il souhaite lui aussi manifester son soutien ou rendre visite \u00e0 Nicolas Sarkozy, c&rsquo;est son droit. Moi, \u00e7a ne me pose pas de probl\u00e8me.<br \/>&#8211; Vous consid\u00e9rez que demain, ce sera une jauge du soutien des R\u00e9publicains.<br \/>&#8211; L&rsquo;ancien pr\u00e9sident Sarkozy, ce qui se passera dans la rue, organis\u00e9 par les enfants de Nicolas Sarkozy ? Le sujet n&rsquo;est pas l\u00e0. Le sujet, c&rsquo;est est-ce qu&rsquo;on a une justice qui fait toujours attention \u00e0 d\u00e9montrer son impartialit\u00e9 ? Est-ce que quand on est innocent\u00e9 des trois accusations les plus graves, on peut \u00eatre condamn\u00e9 \u00e0 5 ann\u00e9es de prison ferme avec une ex\u00e9cution provisoire ? Ce sont ces questions-l\u00e0 qui se posent et qui, aujourd&rsquo;hui, ont jet\u00e9 un trouble dans l&rsquo;opinion publique. Et encore une fois, moi, je partage ce trouble.<br \/>&#8211; Otban Nasrou, l&rsquo;autre sujet de l&rsquo;actualit\u00e9, c&rsquo;est le Louvre. Le casque Bruno Retailleau aurait-tu \u00e0 g\u00e9rer s&rsquo;il \u00e9tait rest\u00e9 place Beauvau, celui des bijoux de la couronne dans la galerie Apollon ? Est-ce que \u00e7a vous a choqu\u00e9 ? Est-ce qu&rsquo;\u00e0 vos yeux, comme d&rsquo;autres ont pu le dire, tout se d\u00e9lite aujourd&rsquo;hui ? Ce qui est choquant, c&rsquo;est que c&rsquo;est un patrimoine inestimable, que c&rsquo;est le patrimoine de tous les Fran\u00e7ais et qu&rsquo;on a eu affaire en pleine journ\u00e9e \u00e0 un casque qui avait l&rsquo;air d&rsquo;avoir \u00e9t\u00e9 bien organis\u00e9 mais qui aurait d\u00fb pouvoir \u00eatre emp\u00each\u00e9. Donc des questions l\u00e9gitimes se posent sur la s\u00e9curisation du Louvre, sur la s\u00e9curisation de notre patrimoine, parce que nous avons une s\u00e9rie de cambriolages dans des mus\u00e9es. Et oui, est-ce qu&rsquo;il y a un d\u00e9litement aujourd&rsquo;hui de la question de la s\u00e9curit\u00e9 dans notre pays ? Oui, depuis longtemps maintenant. Et nous allons avoir un travail encore colossal \u00e0 faire.<br \/>&#8211; Demain, je l&rsquo;esp\u00e8re, quand il y aura une majorit\u00e9, parce que cela suppose un travail aussi l\u00e9gislatif, eh bien pour assurer la s\u00e9curit\u00e9 et l&rsquo;ordre dans notre pays.<br \/>&#8211; Vous y voyez, comme le dit St\u00e9phane Berne dans Le Parisien, le symbole d&rsquo;une forme d&rsquo;effondrement, dit-il, d&rsquo;une France qui est d&rsquo;une certaine mani\u00e8re en perdition. Je pense qu&rsquo;il y a un sentiment de d\u00e9classement, de d\u00e9litement chez beaucoup de nos concitoyens. Et vous voyez, sur ces questions de s\u00e9curit\u00e9, pendant un an, nous avons eu un ministre de l&rsquo;Int\u00e9rieur, Bruno Retailleau, qui a d\u00e9montr\u00e9 que quand il y a une volont\u00e9 politique, on pouvait faire bouger les curseurs.<br \/>&#8211; Mais il n&rsquo;y est plus, hein. Il n&rsquo;y est plus. Et il n&rsquo;y est plus parce que les conditions pour y revenir ne sont pas r\u00e9unies. Mais ce que je veux vous dire, c&rsquo;est qu&rsquo;il y a des solutions qui existent et qu&rsquo;il y a des pays qui ont r\u00e9ussi \u00e0 remettre de l&rsquo;ordre dans leur pays. Et il va bien falloir qu&rsquo;on prenne nos responsabilit\u00e9s pour le faire s\u00e9rieusement quand il y aura encore une fois une majorit\u00e9 \u00e0 l&rsquo;Assembl\u00e9e nationale.<br \/>&#8211; Alors, Othmane Nassrou,&#8230;<\/p>\n<p class=\"has-text-align-right\" style=\"font-size:9px\">Transcription g\u00e9n\u00e9r\u00e9e par IA<\/p>\n","protected":false},"excerpt":{"rendered":"Retranscription des premi\u00e8res minutes : &#8211; Sud Radio, l&rsquo;invit\u00e9 politique, Jean-Fran\u00e7ois Aquili. Et Jean-Fran\u00e7ois Aquili, votre invit\u00e9 politique&hellip;\n","protected":false},"author":2,"featured_media":476601,"comment_status":"","ping_status":"","sticky":false,"template":"","format":"standard","meta":{"footnotes":""},"categories":[1592],"tags":[1111,11,1777,674,1011,27,662,12,626,25],"class_list":{"0":"post-476600","1":"post","2":"type-post","3":"status-publish","4":"format-standard","5":"has-post-thumbnail","7":"category-ile-de-france","8":"tag-actu","9":"tag-actualites","10":"tag-eu","11":"tag-europe","12":"tag-fr","13":"tag-france","14":"tag-ile-de-france","15":"tag-news","16":"tag-paris","17":"tag-republique-francaise"},"share_on_mastodon":{"url":"https:\/\/pubeurope.com\/@fr\/115405448310628581","error":""},"_links":{"self":[{"href":"https:\/\/www.europesays.com\/fr\/wp-json\/wp\/v2\/posts\/476600","targetHints":{"allow":["GET"]}}],"collection":[{"href":"https:\/\/www.europesays.com\/fr\/wp-json\/wp\/v2\/posts"}],"about":[{"href":"https:\/\/www.europesays.com\/fr\/wp-json\/wp\/v2\/types\/post"}],"author":[{"embeddable":true,"href":"https:\/\/www.europesays.com\/fr\/wp-json\/wp\/v2\/users\/2"}],"replies":[{"embeddable":true,"href":"https:\/\/www.europesays.com\/fr\/wp-json\/wp\/v2\/comments?post=476600"}],"version-history":[{"count":0,"href":"https:\/\/www.europesays.com\/fr\/wp-json\/wp\/v2\/posts\/476600\/revisions"}],"wp:featuredmedia":[{"embeddable":true,"href":"https:\/\/www.europesays.com\/fr\/wp-json\/wp\/v2\/media\/476601"}],"wp:attachment":[{"href":"https:\/\/www.europesays.com\/fr\/wp-json\/wp\/v2\/media?parent=476600"}],"wp:term":[{"taxonomy":"category","embeddable":true,"href":"https:\/\/www.europesays.com\/fr\/wp-json\/wp\/v2\/categories?post=476600"},{"taxonomy":"post_tag","embeddable":true,"href":"https:\/\/www.europesays.com\/fr\/wp-json\/wp\/v2\/tags?post=476600"}],"curies":[{"name":"wp","href":"https:\/\/api.w.org\/{rel}","templated":true}]}}