{"id":476606,"date":"2025-10-20T08:04:14","date_gmt":"2025-10-20T08:04:14","guid":{"rendered":"https:\/\/www.europesays.com\/fr\/476606\/"},"modified":"2025-10-20T08:04:14","modified_gmt":"2025-10-20T08:04:14","slug":"gims-en-concert-le-rappeur-ajoute-une-5eme-date-a-la-paris-la-defense-arena-a-reserver-vite","status":"publish","type":"post","link":"https:\/\/www.europesays.com\/fr\/476606\/","title":{"rendered":"Gims en concert ! Le rappeur ajoute une 5\u00e8me date \u00e0 la Paris La D\u00e9fense Arena. A r\u00e9server vite !"},"content":{"rendered":"<p>                                <a href=\"https:\/\/www.infoconcert.com\/ticket\/concert-gims-nanterre\/1845547.html\" rel=\"nofollow noopener\" target=\"_blank\"><img decoding=\"async\" style=\"max-width: 100%;\" src=\"https:\/\/www.europesays.com\/fr\/wp-content\/uploads\/2025\/10\/gims_concert_paris-la-defense-arena2012_visunews1025.jpg\" alt=\"\"\/><\/a><\/p>\n<p>Dans quelques jours (le 29\/10) <strong>Gims<\/strong> entamera son <strong>Last Winter Tour<\/strong> qui affiche quasiment complet partout avec plus de 700 000 billets vendus. Mais voici pour les retardataires, <strong>ceux qui n&rsquo;auraient pas encore r\u00e9server leur billet<\/strong>, une bonne nouvelle : l&rsquo;<strong>annonce d&rsquo;une date suppl\u00e9mentaire \u00e0 la Paris La D\u00e9fense Arena le 20 d\u00e9cembre \u00e0 14h00<\/strong>. La mise en vente des billets d\u00e9butera le lundi 20 octobre \u00e0 10h00.\u00a0<\/p>\n<p><a href=\"https:\/\/www.infoconcert.com\/ticket\/concert-gims-nanterre\/1845547.html\" rel=\"nofollow noopener\" target=\"_blank\"><strong>Gims en concert \u00e0 la Paris La D\u00e9fense Arena le 20\/12 : infos &amp; r\u00e9servation<br \/><\/strong><\/a><strong>Mise en vente des billets le 20\/10\/2025 \u00e0 10h00<br \/><\/strong>\n<\/p>\n<p><strong>Pour lesquels des concerts de Gims reste-t-il des billets ?\u00a0<\/strong><br \/>\nA la Paris La D\u00e9fense Arena le 22\/12 =&gt; <strong><a href=\"https:\/\/www.infoconcert.com\/ticket\/concert-gims-nanterre\/1827531.html\" rel=\"nofollow noopener\" target=\"_blank\">r\u00e9server<\/a><\/strong><br \/>Au Parc des Expositions Anova d&rsquo;Alen\u00e7on le 15\/11 =&gt; <strong><a href=\"https:\/\/www.infoconcert.com\/ticket\/concert-gims-alencon\/1834229.html\" rel=\"nofollow noopener\" target=\"_blank\">r\u00e9server<\/a><\/strong><br \/>Au Z\u00e9nith de Toulouse le 1\/12 =&gt; <strong><a href=\"https:\/\/www.infoconcert.com\/ticket\/concert-gims-toulouse\/1765333.html\" rel=\"nofollow noopener\" target=\"_blank\">r\u00e9server<\/a><\/strong><br \/>Au Z\u00e9nith de Toulouse le 2\/12 =&gt; <strong><a href=\"https:\/\/www.infoconcert.com\/ticket\/concert-gims-toulouse\/1765335.html\" rel=\"nofollow noopener\" target=\"_blank\">r\u00e9server<\/a><\/strong><br \/>Au Cube \u00e0 Troyes le 31\/12 =&gt; <strong><a href=\"https:\/\/www.infoconcert.com\/ticket\/concert-gims-troyes\/1830821.html\" rel=\"nofollow noopener\" target=\"_blank\">r\u00e9server<\/a><\/strong><strong>Gims \u00e0 l&rsquo;affiche des festivals l&rsquo;\u00e9t\u00e9 prochain : les premi\u00e8res dates<\/strong><br \/>\n&#8211; Le 14 juin aux <a href=\"https:\/\/www.infoconcert.com\/festival\/les-francofolies-eschalzette-13304\/concerts.html\" rel=\"nofollow noopener\" target=\"_blank\">Francofolies de Esch\/Alzette<\/a><br \/>&#8211; Le 10 juillet aux <a href=\"https:\/\/www.infoconcert.com\/festival\/francofolies-de-la-rochelle-1617\/concerts.html\" rel=\"nofollow noopener\" target=\"_blank\">Francofolies de La Rochelle<\/a><\/p>\n","protected":false},"excerpt":{"rendered":"Dans quelques jours (le 29\/10) Gims entamera son Last Winter Tour qui affiche quasiment complet partout avec plus&hellip;\n","protected":false},"author":2,"featured_media":475695,"comment_status":"","ping_status":"","sticky":false,"template":"","format":"standard","meta":{"footnotes":""},"categories":[1888],"tags":[11,1777,674,1011,27,12,626,25],"class_list":{"0":"post-476606","1":"post","2":"type-post","3":"status-publish","4":"format-standard","5":"has-post-thumbnail","7":"category-paris","8":"tag-actualites","9":"tag-eu","10":"tag-europe","11":"tag-fr","12":"tag-france","13":"tag-news","14":"tag-paris","15":"tag-republique-francaise"},"share_on_mastodon":{"url":"https:\/\/pubeurope.com\/@fr\/115405459551118082","error":""},"_links":{"self":[{"href":"https:\/\/www.europesays.com\/fr\/wp-json\/wp\/v2\/posts\/476606","targetHints":{"allow":["GET"]}}],"collection":[{"href":"https:\/\/www.europesays.com\/fr\/wp-json\/wp\/v2\/posts"}],"about":[{"href":"https:\/\/www.europesays.com\/fr\/wp-json\/wp\/v2\/types\/post"}],"author":[{"embeddable":true,"href":"https:\/\/www.europesays.com\/fr\/wp-json\/wp\/v2\/users\/2"}],"replies":[{"embeddable":true,"href":"https:\/\/www.europesays.com\/fr\/wp-json\/wp\/v2\/comments?post=476606"}],"version-history":[{"count":0,"href":"https:\/\/www.europesays.com\/fr\/wp-json\/wp\/v2\/posts\/476606\/revisions"}],"wp:featuredmedia":[{"embeddable":true,"href":"https:\/\/www.europesays.com\/fr\/wp-json\/wp\/v2\/media\/475695"}],"wp:attachment":[{"href":"https:\/\/www.europesays.com\/fr\/wp-json\/wp\/v2\/media?parent=476606"}],"wp:term":[{"taxonomy":"category","embeddable":true,"href":"https:\/\/www.europesays.com\/fr\/wp-json\/wp\/v2\/categories?post=476606"},{"taxonomy":"post_tag","embeddable":true,"href":"https:\/\/www.europesays.com\/fr\/wp-json\/wp\/v2\/tags?post=476606"}],"curies":[{"name":"wp","href":"https:\/\/api.w.org\/{rel}","templated":true}]}}