{"id":476611,"date":"2025-10-20T08:07:10","date_gmt":"2025-10-20T08:07:10","guid":{"rendered":"https:\/\/www.europesays.com\/fr\/476611\/"},"modified":"2025-10-20T08:07:10","modified_gmt":"2025-10-20T08:07:10","slug":"lyceenne-a-valognes-elle-obtient-un-diplome-reconnu","status":"publish","type":"post","link":"https:\/\/www.europesays.com\/fr\/476611\/","title":{"rendered":"lyc\u00e9enne \u00e0 Valognes, elle obtient un dipl\u00f4me reconnu"},"content":{"rendered":"<p>            Par<br \/>\n        <strong><br \/>\n            <a href=\"https:\/\/actu.fr\/auteur\/redaction-pressemanche\" title=\"Consulter tous les articles de R\u00e9daction La Presse de la Manche\" rel=\"nofollow noopener\" target=\"_blank\">R\u00e9daction La Presse de la Manche<\/a><br \/>\n        <\/strong><\/p>\n<p>        Publi\u00e9 le<\/p>\n<p>            20 oct. 2025 \u00e0 7h56        <\/p>\n<p>Mariia, au pr\u00e9nom avec deux i, cheveux longs et noirs, avec un tout petit accent que l\u2019on pourrait croire venu d\u2019une <b>r\u00e9gion fran\u00e7aise<\/b>, est une<b> jeune Ukrainienne<\/b>, <b>lyc\u00e9enne <\/b>aujourd\u2019hui en 1re \u00e0 <b>Henri-Cornat<\/b>\u00a0\u00e0 <a href=\"https:\/\/actu.fr\/normandie\/valognes_50615\" rel=\"nofollow noopener\" target=\"_blank\">Valognes <\/a>(Manche).<\/p>\n<p class=\" wall-content\">\u00c9ric Malgorn, <b>proviseur<\/b>, a tenu \u00e0 lui remettre en main propre <b>son dipl\u00f4me<\/b> de DELF niveau B1 (dipl\u00f4me d\u2019\u00e9tudes en langue fran\u00e7aise) en pr\u00e9sence des <b>professeurs <\/b>qui l\u2019ont accompagn\u00e9e dans cette <b>r\u00e9ussite <\/b>qui les a rendus tous tr\u00e8s admiratifs.<\/p>\n<p>Une r\u00e9ussite collective<\/p>\n<p class=\" wall-content\">Ce dipl\u00f4me <b>reconnu internationalement<\/b> lui permettra <b>d\u2019\u00e9tudier <\/b>dans des <b>universit\u00e9s <\/b>fran\u00e7aises et de travailler dans un <b>environnement professionnel<\/b> francophone.<\/p>\n<p class=\" wall-content\">Les professeurs artisans de cette sacr\u00e9e r\u00e9ussite sont ses professeurs principaux, Alexandra Kaldin, professeur d\u2019histoire-g\u00e9ographie, en classe de seconde et Gr\u00e9gory Lelias, professeur principal en premi\u00e8re, Caroline Danes Habert, professeur d\u2019espagnol lors de sa 3e \u00e0 Buhot et en seconde \u00e0 Cornat, et Delphine Huet, professeure d\u2019espagnol qui a donn\u00e9 des cours de fran\u00e7ais \u00e0 Mariia.<\/p>\n<p class=\" wall-content\">Au-del\u00e0 de la<b> formidable volont\u00e9<\/b> de Mariia et de ses<b> facult\u00e9s d\u2019int\u00e9gration<\/b>, c\u2019est aussi la r\u00e9ussite de l\u2019ensemble de l\u2019<b>\u00e9quipe p\u00e9dagogique<\/b> du lyc\u00e9e Cornat qu\u2019\u00c9ric Malgorn a tenu \u00e0 remercier et f\u00e9liciter.<\/p>\n<p>Arriv\u00e9e en 2022<\/p>\n<p class=\" wall-content\">D\u00e9j\u00e0 en<b> juin\u00a02024<\/b>, Arya, jeune Iranien arriv\u00e9 <b>d\u00e9but 2023<\/b> \u00e0 Valognes sans parler fran\u00e7ais, <a href=\"https:\/\/actu.fr\/normandie\/valognes_50615\/arrive-dans-le-cotentin-il-y-a-quelques-mois-ce-jeune-iranien-de-20-ans-a-obtenu-son-bac-avec-mention_61529710.html\" rel=\"nofollow noopener\" target=\"_blank\">avait obtenu une mention au bac<\/a> et poursuit actuellement une formation universitaire tournant autour de <b>l\u2019informatique<\/b>, de la <b>vid\u00e9o <\/b>et de la <b>musique<\/b>.<\/p>\n<p class=\" wall-content\">C\u2019est en<b> avril\u00a02022<\/b>, au d\u00e9but de la <a href=\"https:\/\/actu.fr\/tag\/guerre-en-ukraine\" rel=\"nofollow noopener\" target=\"_blank\">guerre<\/a>, que Mariia a fui avec<b> ses parents<\/b> et sa s\u0153ur depuis <b>Kiev <\/b>en <b>voiture<\/b>.<\/p>\n<p class=\" wall-content\"><b>2\u2009800 kilom\u00e8tres<\/b> plus loin, \u00e0 l\u2019abri des <b>bombes<\/b>, la famille Dynova arrive \u00e0 <a href=\"https:\/\/actu.fr\/normandie\/port-bail-sur-mer_50412\" rel=\"nofollow noopener\" target=\"_blank\">Portbail <\/a>chez un ami de <b>son p\u00e8re<\/b>. Ne parlant pas un mot de fran\u00e7ais, mais d\u00e9j\u00e0 tr\u00e8s \u00e0 l\u2019aise en <b>anglais<\/b>, elle rentre en 5e au <b>coll\u00e8ge <\/b>de Portbail, o\u00f9 elle reste deux ann\u00e9es scolaires, puis c\u2019est au coll\u00e8ge Buhot qu\u2019elle suit sa troisi\u00e8me et obtient son BEPC, sans aucun am\u00e9nagement particulier pour des <b>\u00e9l\u00e8ves \u00e9trangers<\/b>.<\/p>\n<p>Votre r\u00e9gion, votre actu !<\/p>\n<p>Recevez chaque jour les infos qui comptent pour vous.<\/p>\n<p>\t<a href=\"https:\/\/actu.fr\/newsletter\" class=\"ac-btn ac-btn--corner ac-btn--medium ac-btn--blue800\" rel=\"nofollow noopener\" target=\"_blank\">S&rsquo;incrire<\/a><br \/>\nLe r\u00eave de cin\u00e9ma<\/p>\n<p class=\" wall-content\">Aujourd\u2019hui en classe de premi\u00e8re avec pour sp\u00e9cialit\u00e9 HLP (Humanit\u00e9s, litt\u00e9rature et philosophie), elle envisage apr\u00e8s le bac un cursus, au <b>Royaume-Uni<\/b> ou en France, qui la m\u00e8nera dans le monde du <b>cin\u00e9ma<\/b>.<\/p>\n<p class=\" wall-content\">Et pourquoi pas <b>actrice\u2009<\/b>? C\u2019est son r\u00eave. Retourner en Ukraine\u2009? \u00ab\u2009Oui, sans doute, mais lorsque la <b>guerre <\/b>sera finie.\u2009\u00bb<\/p>\n<p class=\" wall-content\"><b>De notre correspondante Catherine CHAUMET<\/b><\/p>\n<p class=\" wall-content\">Personnalisez votre actualit\u00e9 en ajoutant vos villes et m\u00e9dias en favori avec <a href=\"https:\/\/moncompte.actu.fr\" title=\"D\u00e9couvez Mon Actu\" rel=\"nofollow noopener\" data-trk=\"{&quot;cta&quot;:{&quot;action&quot;:&quot;https:\\\/\\\/moncompte.actu.fr&quot;,&quot;category&quot;:&quot;mon compte&quot;,&quot;from&quot;:&quot;article footer&quot;,&quot;name&quot;:&quot;Mon actu&quot;,&quot;type&quot;:&quot;cta&quot;}}\" target=\"_blank\">Mon Actu<\/a>.<\/p>\n","protected":false},"excerpt":{"rendered":"Par R\u00e9daction La Presse de la Manche Publi\u00e9 le 20 oct. 2025 \u00e0 7h56 Mariia, au pr\u00e9nom avec&hellip;\n","protected":false},"author":2,"featured_media":476612,"comment_status":"","ping_status":"","sticky":false,"template":"","format":"standard","meta":{"footnotes":""},"categories":[1590],"tags":[11,3168,1057,1777,674,131,12,104,220],"class_list":{"0":"post-476611","1":"post","2":"type-post","3":"status-publish","4":"format-standard","5":"has-post-thumbnail","7":"category-ukraine","8":"tag-actualites","9":"tag-cotentin","10":"tag-education","11":"tag-eu","12":"tag-europe","13":"tag-guerre-en-ukraine","14":"tag-news","15":"tag-societe","16":"tag-ukraine"},"share_on_mastodon":{"url":"https:\/\/pubeurope.com\/@fr\/115405471406975623","error":""},"_links":{"self":[{"href":"https:\/\/www.europesays.com\/fr\/wp-json\/wp\/v2\/posts\/476611","targetHints":{"allow":["GET"]}}],"collection":[{"href":"https:\/\/www.europesays.com\/fr\/wp-json\/wp\/v2\/posts"}],"about":[{"href":"https:\/\/www.europesays.com\/fr\/wp-json\/wp\/v2\/types\/post"}],"author":[{"embeddable":true,"href":"https:\/\/www.europesays.com\/fr\/wp-json\/wp\/v2\/users\/2"}],"replies":[{"embeddable":true,"href":"https:\/\/www.europesays.com\/fr\/wp-json\/wp\/v2\/comments?post=476611"}],"version-history":[{"count":0,"href":"https:\/\/www.europesays.com\/fr\/wp-json\/wp\/v2\/posts\/476611\/revisions"}],"wp:featuredmedia":[{"embeddable":true,"href":"https:\/\/www.europesays.com\/fr\/wp-json\/wp\/v2\/media\/476612"}],"wp:attachment":[{"href":"https:\/\/www.europesays.com\/fr\/wp-json\/wp\/v2\/media?parent=476611"}],"wp:term":[{"taxonomy":"category","embeddable":true,"href":"https:\/\/www.europesays.com\/fr\/wp-json\/wp\/v2\/categories?post=476611"},{"taxonomy":"post_tag","embeddable":true,"href":"https:\/\/www.europesays.com\/fr\/wp-json\/wp\/v2\/tags?post=476611"}],"curies":[{"name":"wp","href":"https:\/\/api.w.org\/{rel}","templated":true}]}}