{"id":476617,"date":"2025-10-20T08:10:11","date_gmt":"2025-10-20T08:10:11","guid":{"rendered":"https:\/\/www.europesays.com\/fr\/476617\/"},"modified":"2025-10-20T08:10:11","modified_gmt":"2025-10-20T08:10:11","slug":"voyagez-en-allemagne-en-train-avec-db-sncf-voyageurs-en-cooperation-que-visiter-a-halle-sur-les-rives-de-la-saale","status":"publish","type":"post","link":"https:\/\/www.europesays.com\/fr\/476617\/","title":{"rendered":"Voyagez en Allemagne en train avec DB SNCF Voyageurs en coop\u00e9ration : que visiter \u00e0 Halle, sur les rives de la Saale ?"},"content":{"rendered":"<p class=\"paragraph text_align_left lp-f-body-02\">L\u2019Allemagne ne se r\u00e9sume pas qu\u2019\u00e0 Berlin ! Certes, il est facile de se rendre en train dans la capitale du pays, puisque l\u2019ICE relie Paris \u00e0 Berlin depuis pr\u00e8s d\u2019un an, mais \u00e0 partir du 14 d\u00e9cembre 2025, cette m\u00eame ligne effectuera deux <a href=\"https:\/\/www.sncf-voyageurs.com\/fr\/en-europe\/actualites\/europe-paris-berlin\/\" target=\"_blank\" rel=\"sponsored nofollow noopener\">nouveaux arr\u00eats, dont l\u2019un se situe \u00e0 Halle (Saale), une ville du Land de Saxe-Anhalt<\/a>. <\/p>\n<p class=\"paragraph text_align_left lp-f-body-02\">Visiter Halle a un int\u00e9r\u00eat certain, surtout si vous appr\u00e9ciez la culture allemande et la musique, puisqu\u2019il s\u2019agit de la ville natale du compositeur Georg Friedrich Haendel, dont l\u2019univers musical baroque r\u00e9sonne encore dans sa maison-mus\u00e9e. Mais Halle a beaucoup d\u2019autres attraits qui peuvent vous motiver \u00e0 y poser vos valises pendant quelques jours.<\/p>\n<p>Train Paris Halle : offrez-vous une escapade au bord de l\u2019eau \u00e0 Halle en Allemagne<\/p>\n<p class=\"paragraph text_align_left lp-f-body-02\">Bord\u00e9e par la Saale, Halle permet de profiter de nombreux espaces verts propices aux balades au bord de l\u2019eau. La Pei\u00dfnitzinsel est une destination de choix pour se ressourcer au c\u0153ur de la ville\u2009! Le zoo de Halle est id\u00e9al pour une promenade en famille, tandis que les amoureux de science pourront se faire plaisir \u00e0 la Fondation Francke. <\/p>\n<p class=\"paragraph text_align_left lp-f-body-02\">Pour les amateurs d\u2019histoire, le ch\u00e2teau de Moritzburg, transform\u00e9 en mus\u00e9e d\u2019art, est \u00e0 ne pas manquer : il expose des \u0153uvres majeures de la peinture allemande et europ\u00e9enne. Enfin, il ne faut pas oublier que Halle est une ville universitaire tr\u00e8s dynamique : il est donc possible d\u2019y faire la f\u00eate toute l\u2019ann\u00e9e, et de profiter de nombreux festivals, concerts et animations. Vous trouverez facilement une bonne raison de vous rendre \u00e0 Halle en train!<\/p>\n<p class=\"paragraph text_align_left lp-f-body-02\"><b>Cliquez ici pour <\/b><a href=\"https:\/\/www.sncf-voyageurs.com\/fr\/en-europe\/actualites\/vente-paris-berlin-octobre-2025\/\" target=\"_blank\" rel=\"sponsored nofollow noopener\"><b>d\u00e9couvrir l\u2019offre DB SNCF Voyageurs en coop\u00e9ration<\/b><\/a><\/p>\n","protected":false},"excerpt":{"rendered":"L\u2019Allemagne ne se r\u00e9sume pas qu\u2019\u00e0 Berlin ! Certes, il est facile de se rendre en train dans&hellip;\n","protected":false},"author":2,"featured_media":476618,"comment_status":"","ping_status":"","sticky":false,"template":"","format":"standard","meta":{"footnotes":""},"categories":[1587],"tags":[11,672,1804,1805,1803,1777,674,1801,749,8068,7616,12,1802,34361,1666],"class_list":{"0":"post-476617","1":"post","2":"type-post","3":"status-publish","4":"format-standard","5":"has-post-thumbnail","7":"category-allemagne","8":"tag-actualites","9":"tag-allemagne","10":"tag-bundesrepublik-deutschland","11":"tag-de","12":"tag-deutschland","13":"tag-eu","14":"tag-europe","15":"tag-germany","16":"tag-guide-shopping","17":"tag-halle","18":"tag-loisirs-voyages","19":"tag-news","20":"tag-republique-federale-dallemagne","21":"tag-tgv-inoui","22":"tag-voyages"},"share_on_mastodon":{"url":"https:\/\/pubeurope.com\/@fr\/115405483985264662","error":""},"_links":{"self":[{"href":"https:\/\/www.europesays.com\/fr\/wp-json\/wp\/v2\/posts\/476617","targetHints":{"allow":["GET"]}}],"collection":[{"href":"https:\/\/www.europesays.com\/fr\/wp-json\/wp\/v2\/posts"}],"about":[{"href":"https:\/\/www.europesays.com\/fr\/wp-json\/wp\/v2\/types\/post"}],"author":[{"embeddable":true,"href":"https:\/\/www.europesays.com\/fr\/wp-json\/wp\/v2\/users\/2"}],"replies":[{"embeddable":true,"href":"https:\/\/www.europesays.com\/fr\/wp-json\/wp\/v2\/comments?post=476617"}],"version-history":[{"count":0,"href":"https:\/\/www.europesays.com\/fr\/wp-json\/wp\/v2\/posts\/476617\/revisions"}],"wp:featuredmedia":[{"embeddable":true,"href":"https:\/\/www.europesays.com\/fr\/wp-json\/wp\/v2\/media\/476618"}],"wp:attachment":[{"href":"https:\/\/www.europesays.com\/fr\/wp-json\/wp\/v2\/media?parent=476617"}],"wp:term":[{"taxonomy":"category","embeddable":true,"href":"https:\/\/www.europesays.com\/fr\/wp-json\/wp\/v2\/categories?post=476617"},{"taxonomy":"post_tag","embeddable":true,"href":"https:\/\/www.europesays.com\/fr\/wp-json\/wp\/v2\/tags?post=476617"}],"curies":[{"name":"wp","href":"https:\/\/api.w.org\/{rel}","templated":true}]}}