{"id":476623,"date":"2025-10-20T08:13:12","date_gmt":"2025-10-20T08:13:12","guid":{"rendered":"https:\/\/www.europesays.com\/fr\/476623\/"},"modified":"2025-10-20T08:13:12","modified_gmt":"2025-10-20T08:13:12","slug":"lettre-a-notre-compagnon-nicolas-sarkozy","status":"publish","type":"post","link":"https:\/\/www.europesays.com\/fr\/476623\/","title":{"rendered":"lettre \u00e0 notre compagnon, Nicolas Sarkozy\u00a0\u00bb"},"content":{"rendered":"<p>\n    <strong>TRIBUNE COLLECTIVE &#8211; <\/strong>Quatre proches de Nicolas Sarkozy, tous anciens membres du RPR \u2013 Fran\u00e7ois Baroin, Philippe Briand, Christian Jacob et Renaud Muselier \u2013, adressent une lettre ouverte \u00e0 l\u2019ancien pr\u00e9sident de la R\u00e9publique, pour lui exprimer leur soutien, avant son incarc\u00e9ration, le 21\u00a0octobre, \u00e0 la prison de la Sant\u00e9 \u00e0 Paris.<\/p>\n<p class=\"fig-paragraph\">Fran\u00e7ois Baroin est maire (LR) de Troyes, Philippe Briand est maire (LR) de Saint-Cyr-sur-Loire, Christian Jacob a \u00e9t\u00e9 pr\u00e9sident des R\u00e9publicains de 2019 \u00e0 2022, Renaud Muselier est pr\u00e9sident (Renaissance) du conseil r\u00e9gional de Provence-Alpes-C\u00f4te d\u2019Azur.<\/p>\n<p class=\"fig-paragraph\">Il n\u2019est nulle question ici de\u00a0<a href=\"http:\/\/www.lefigaro.fr\/vox\/politique\/l-editorial-d-yves-threard-cinq-ans-de-prison-pour-nicolas-sarkozy-absurde-et-incomprehensible-20250925\" data-fig-type=\"Article\" data-gtm-custom-categorie=\"navigation\" data-gtm-custom-action=\"crossclick\" data-gtm-custom-label=\"Contextuel\" data-gtm-event=\"customEventSPE\" data-fig-domain=\"LEFIGARO\" rel=\"nofollow noopener\" target=\"_blank\">d\u00e9cision de justice<\/a>, chaque Fran\u00e7ais a probablement son avis pour commenter son verdict.<\/p>\n<p class=\"fig-paragraph\">Dans une famille, c\u2019est souvent quand l\u2019heure est grave, que l\u2019un des membres est touch\u00e9, que l\u2019on se dit peut-\u00eatre enfin les choses. Car c\u2019est cela dont il est question. De notre famille, de celle du RPR, de l\u2019un d\u2019entre nous.<\/p>\n<p class=\"fig-paragraph\"><a href=\"http:\/\/www.lefigaro.fr\/politique\/nicolas-sarkozy-son-fils-louis-appelle-a-un-rassemblement-de-soutien-le-21-octobre-a-paris-20251018\" data-fig-type=\"NewsFlash\" data-gtm-custom-categorie=\"navigation\" data-gtm-custom-action=\"crossclick\" data-gtm-custom-label=\"Contextuel\" data-gtm-event=\"customEventSPE\" data-fig-domain=\"LEFIGARO\" rel=\"nofollow noopener\" target=\"_blank\">Nicolas<\/a>, nous t\u2019avons connu jeune militant RPR dans les ann\u00e9es 1970. D\u00e9j\u00e0 cette \u00e9nergie, cette faconde, ce charisme, au-dessus de tous les autres.<\/p>\n<p class=\"fig-paragraph\">Dans les ann\u00e9es 1980, pr\u00e9sident du comit\u00e9 de soutien des jeunes \u00e0 la candidature de\u00a0<a href=\"http:\/\/www.lefigaro.fr\/politique\/proces-le-pen-affaire-cahuzac-juppe-chirac-avant-nicolas-sarkozy-ces-seismes-politico-judiciaires-qui-ont-secoue-le-pays-20250926\" data-fig-type=\"NewsFlash\" data-gtm-custom-categorie=\"navigation\" data-gtm-custom-action=\"crossclick\" data-gtm-custom-label=\"Contextuel\" data-gtm-event=\"customEventSPE\" data-fig-domain=\"LEFIGARO\" rel=\"nofollow noopener\" target=\"_blank\">Jacques Chirac<\/a>, tu deviens pilier de la cellule pr\u00e9sidentielle. Des heures de travail, de discussions, d\u2019organisation, d\u2019\u00e9changes qui nous ont li\u00e9s. L\u00e0 encore, ton intelligence\u2026<\/p>\n<p class=\"fig-premium-paywall__infos\">\n        Cet article est r\u00e9serv\u00e9 aux abonn\u00e9s.        Il vous reste 74% \u00e0 d\u00e9couvrir.\n    <\/p>\n<p>                <img  data- alt=\"Le Figaro\" class=\"fig-img--complete fig-img\"\/><\/p>\n<p class=\"fig-premium-paywall__title\">Vous avez envie de lire la suite ?<\/p>\n<p class=\"fig-premium-paywall__subtitle\">D\u00e9bloquez tous les articles imm\u00e9diatement.<\/p>\n<p class=\"fig-premium-paywall__connect\">\n                D\u00e9j\u00e0 abonn\u00e9\u00a0?                <a class=\"fig-premium-paywall__connect-link\" href=\"https:\/\/connect.lefigaro.fr\/login?client=horizon_web&amp;type=main&amp;redirect_uri=https%3A%2F%2Fwww.lefigaro.fr%2Fvox%2Fpolitique%2Fnous-savons-combien-tu-aimes-la-france-lettre-a-notre-compagnon-nicolas-sarkozy-20251020\" data-js-gtm=\"{&quot;customCategorie&quot;: &quot;conversion&quot;, &quot;customAction&quot;: &quot;before_Landing_Connexion_paywall_auto&quot;, &quot;customLabel&quot;: &quot;bGVmaWdhcm8uZnJfXzFmMGFiMzZiLTQ2YmUtNmFlNC1iNjE3LTg3Nzc4YTE5NzNlMl9fQXJ0aWNsZQ==_\u00ab\u00a0Nous savons combien tu aimes la France\u00a0: lettre \u00e0 notre compagnon, Nicolas Sarkozy\u00a0\u00bb_252&quot;, &quot;customIDSPE&quot;: &quot;bGVmaWdhcm8uZnJfXzFmMGFiMzZiLTQ2YmUtNmFlNC1iNjE3LTg3Nzc4YTE5NzNlMl9fQXJ0aWNsZQ==&quot;, &quot;event&quot;: &quot;customEventSPE&quot;}\" rel=\"nofollow noopener\" target=\"_blank\"><br \/>\n                    Connectez-vous<br \/>\n                <\/a>\n            <\/p>\n","protected":false},"excerpt":{"rendered":"TRIBUNE COLLECTIVE &#8211; Quatre proches de Nicolas Sarkozy, tous anciens membres du RPR \u2013 Fran\u00e7ois Baroin, Philippe Briand,&hellip;\n","protected":false},"author":2,"featured_media":476624,"comment_status":"","ping_status":"","sticky":false,"template":"","format":"standard","meta":{"footnotes":""},"categories":[2],"tags":[11,6592,1011,27,3095,303,12,3091,25],"class_list":{"0":"post-476623","1":"post","2":"type-post","3":"status-publish","4":"format-standard","5":"has-post-thumbnail","7":"category-actualites","8":"tag-actualites","9":"tag-droite","10":"tag-fr","11":"tag-france","12":"tag-jacques-chirac","13":"tag-justice","14":"tag-news","15":"tag-nicolas-sarkozy","16":"tag-republique-francaise"},"share_on_mastodon":{"url":"","error":""},"_links":{"self":[{"href":"https:\/\/www.europesays.com\/fr\/wp-json\/wp\/v2\/posts\/476623","targetHints":{"allow":["GET"]}}],"collection":[{"href":"https:\/\/www.europesays.com\/fr\/wp-json\/wp\/v2\/posts"}],"about":[{"href":"https:\/\/www.europesays.com\/fr\/wp-json\/wp\/v2\/types\/post"}],"author":[{"embeddable":true,"href":"https:\/\/www.europesays.com\/fr\/wp-json\/wp\/v2\/users\/2"}],"replies":[{"embeddable":true,"href":"https:\/\/www.europesays.com\/fr\/wp-json\/wp\/v2\/comments?post=476623"}],"version-history":[{"count":0,"href":"https:\/\/www.europesays.com\/fr\/wp-json\/wp\/v2\/posts\/476623\/revisions"}],"wp:featuredmedia":[{"embeddable":true,"href":"https:\/\/www.europesays.com\/fr\/wp-json\/wp\/v2\/media\/476624"}],"wp:attachment":[{"href":"https:\/\/www.europesays.com\/fr\/wp-json\/wp\/v2\/media?parent=476623"}],"wp:term":[{"taxonomy":"category","embeddable":true,"href":"https:\/\/www.europesays.com\/fr\/wp-json\/wp\/v2\/categories?post=476623"},{"taxonomy":"post_tag","embeddable":true,"href":"https:\/\/www.europesays.com\/fr\/wp-json\/wp\/v2\/tags?post=476623"}],"curies":[{"name":"wp","href":"https:\/\/api.w.org\/{rel}","templated":true}]}}