{"id":476633,"date":"2025-10-20T08:20:16","date_gmt":"2025-10-20T08:20:16","guid":{"rendered":"https:\/\/www.europesays.com\/fr\/476633\/"},"modified":"2025-10-20T08:20:16","modified_gmt":"2025-10-20T08:20:16","slug":"tokyo-gracheva-simpose-et-file-au-second-tour","status":"publish","type":"post","link":"https:\/\/www.europesays.com\/fr\/476633\/","title":{"rendered":"Tokyo : Gracheva s&rsquo;impose et file au second tour"},"content":{"rendered":"<p class=\"date\">\n                                                            Thibaut Simon, Media365, publi\u00e9 le lundi 20 octobre 2025 \u00e0 08h45\n                                                    <\/p>\n<p>Varvara Gracheva se qualifie pour le second tour du tournoi de Tokyo gr\u00e2ce \u00e0 son succ\u00e8s sur Xinyu Wang (4-6, 6-3, 6-4). La Fran\u00e7aise rejoint Belinda Bencic au prochain tour.<\/p>\n<p>Seule fran\u00e7aise pr\u00e9sente \u00e0 Tokyo et issue des qualifications, Varvara Gracheva a r\u00e9ussi son entr\u00e9e au Japon dans le tournoi WTA 500 apr\u00e8s deux \u00e9liminations au premier tour \u00e0 Wuhan et Osaka &#8211; elle avait \u00e9t\u00e9 \u00e9limin\u00e9e en qualifications \u00e0 S\u00e9oul et P\u00e9kin. Oppos\u00e9e \u00e0 la Chinoise Xinyu Wang (24 ans, 62e), la Fran\u00e7aise a bataill\u00e9 plus de deux heures pour l&#8217;emporter. Surtout que la rencontre \u00e9tait mal partie pour la 83e joueuse mondiale. La perte du premier set apr\u00e8s avoir men\u00e9 4-2 &#8211; elle a encaiss\u00e9 quatre jeux d&rsquo;affil\u00e9e &#8211; et un break d&rsquo;entr\u00e9e de deuxi\u00e8me manche pour Wang (4-6, 0-1). Plus solide sur son service, notamment en deuxi\u00e8me balle, Gracheva a retrouv\u00e9 du rythme pour d\u00e9breaker et prendre le service de son adversaire une deuxi\u00e8me fois d&rsquo;affil\u00e9e dans le 2e set (3-1). En sauvant une balle de break \u00e0 5-3, Gracheva a conclu le set sur sa premi\u00e8re tentative (4-6, 6-3) avant un dernier set de tous les dangers.<\/p>\n<p>Gracheva prend rendez-vous avec Bencic<\/p>\n<p>Le dernier set n&rsquo;a pas \u00e9t\u00e9 de tout repos. A l&rsquo;image du match o\u00f9 les deux joueuses ont conc\u00e9d\u00e9 22 balles de break (13 contre Wang et 9 contre Gracheva), le d\u00e9but de la manche d\u00e9cisive a vu les deux joueuses s&rsquo;\u00e9changer leur service sur les quatre premiers jeux (2-2). La tension \u00e9tait palpable jusqu&rsquo;\u00e0 4-4. Le moment choisi par Gracheva pour prendre une derni\u00e8re fois le service de la Chinoise avant de conclure sur son service (6-4) au bout d&rsquo;une heure de jeu dans le troisi\u00e8me set. La Fran\u00e7aise n&rsquo;a pas l\u00e2ch\u00e9 pour valider son ticket face \u00e0 une joueuse en manque de confiance, qui conc\u00e8de une sixi\u00e8me d\u00e9faite de suite. Gracheva retrouve le second tour d&rsquo;un tableau principal. Une premi\u00e8re depuis ao\u00fbt et son \u00e9pop\u00e9e \u00e0 Cincinnati o\u00f9 son chemin s&rsquo;\u00e9tait arr\u00eat\u00e9 en quart de finale. Au prochain tour, la Fran\u00e7aise affrontera pour la premi\u00e8re fois Belinda Bencic (14e). T\u00eate de s\u00e9rie num\u00e9ro 5, la Suissesse reste sur une cruelle d\u00e9faite en quart de finale \u00e0 Ningbo (Chine) face \u00e0 Jasmine Paolini et une rencontre termin\u00e9e au bout de 3h18 de jeu.<\/p>\n","protected":false},"excerpt":{"rendered":"Thibaut Simon, Media365, publi\u00e9 le lundi 20 octobre 2025 \u00e0 08h45 Varvara Gracheva se qualifie pour le second&hellip;\n","protected":false},"author":2,"featured_media":476634,"comment_status":"","ping_status":"","sticky":false,"template":"","format":"standard","meta":{"footnotes":""},"categories":[1415],"tags":[1011,27,60,1467],"class_list":{"0":"post-476633","1":"post","2":"type-post","3":"status-publish","4":"format-standard","5":"has-post-thumbnail","7":"category-tennis","8":"tag-fr","9":"tag-france","10":"tag-sports","11":"tag-tennis"},"share_on_mastodon":{"url":"https:\/\/pubeurope.com\/@fr\/115405522396453094","error":""},"_links":{"self":[{"href":"https:\/\/www.europesays.com\/fr\/wp-json\/wp\/v2\/posts\/476633","targetHints":{"allow":["GET"]}}],"collection":[{"href":"https:\/\/www.europesays.com\/fr\/wp-json\/wp\/v2\/posts"}],"about":[{"href":"https:\/\/www.europesays.com\/fr\/wp-json\/wp\/v2\/types\/post"}],"author":[{"embeddable":true,"href":"https:\/\/www.europesays.com\/fr\/wp-json\/wp\/v2\/users\/2"}],"replies":[{"embeddable":true,"href":"https:\/\/www.europesays.com\/fr\/wp-json\/wp\/v2\/comments?post=476633"}],"version-history":[{"count":0,"href":"https:\/\/www.europesays.com\/fr\/wp-json\/wp\/v2\/posts\/476633\/revisions"}],"wp:featuredmedia":[{"embeddable":true,"href":"https:\/\/www.europesays.com\/fr\/wp-json\/wp\/v2\/media\/476634"}],"wp:attachment":[{"href":"https:\/\/www.europesays.com\/fr\/wp-json\/wp\/v2\/media?parent=476633"}],"wp:term":[{"taxonomy":"category","embeddable":true,"href":"https:\/\/www.europesays.com\/fr\/wp-json\/wp\/v2\/categories?post=476633"},{"taxonomy":"post_tag","embeddable":true,"href":"https:\/\/www.europesays.com\/fr\/wp-json\/wp\/v2\/tags?post=476633"}],"curies":[{"name":"wp","href":"https:\/\/api.w.org\/{rel}","templated":true}]}}