{"id":476645,"date":"2025-10-20T08:29:10","date_gmt":"2025-10-20T08:29:10","guid":{"rendered":"https:\/\/www.europesays.com\/fr\/476645\/"},"modified":"2025-10-20T08:29:10","modified_gmt":"2025-10-20T08:29:10","slug":"gabriel-garcia-marquez-plinio-apuleyo-mendoza-une-odeur-de-goyave-entretiens","status":"publish","type":"post","link":"https:\/\/www.europesays.com\/fr\/476645\/","title":{"rendered":"Gabriel Garc\u00eda M\u00e1rquez, Plinio Apuleyo Mendoza, Une odeur de goyave. Entretiens"},"content":{"rendered":"<p>\u00ab\u00a0\u00c0 mon sens, l\u2019imagination n\u2019est qu\u2019un instrument, bon pour \u00e9laborer la r\u00e9alit\u00e9.\u00a0 Mais la source de la cr\u00e9ation, en fin de compte, c\u2019est toujours la r\u00e9alit\u00e9.\u00a0 Et la fantaisie, autrement dit l\u2019invention pure et simple, \u00e0 la Walt Disney, est ce qu\u2019il y a de plus d\u00e9testable\u00a0\u00bb. Lorsque Garc\u00eda M\u00e1rquez dit cela \u00e0 son ami Plinio Apuleyo Mendoza, il s\u2019oppose \u00e0 l\u2019interpr\u00e9tation convenue de sa litt\u00e9rature, suivant laquelle le surnaturel viendrait, comme une \u00e9pice, relever la r\u00e9alit\u00e9 dans ce qu\u2019il convient d\u2019appeler un \u00ab\u00a0 r\u00e9alisme magique\u00a0\u00a0\u00bb. Sa d\u00e9mesure, poursuit-il, n\u2019a rien \u00e0 voir avec la fantasmagorie, mais elle est \u00e0 l\u2019image de la celle de son continent d\u2019origine. Le r\u00e9alisme de Garc\u00eda M\u00e1rquez n\u2019est pas magique, il est sud-Am\u00e9ricain.<\/p>\n<p>Dans ces passionnants entretiens publi\u00e9s la premi\u00e8re fois en 1982, ann\u00e9e de son prix Nobel, non seulement Garc\u00eda M\u00e1rquez affirme les principes de son art, mais il raconte son enfance, sa jeunesse, sa d\u00e9couverte de Kafka, de Faulkner et de Sophocle, ainsi que la mis\u00e8re, les voyages et les amiti\u00e9s, avec un sens du d\u00e9tail, une distance critique et un humour hors du commun. Voici les clefs d\u2019une \u0153uvre dont les secrets r\u00e9sident, \u00e0 la fin, dans la lecture de chacun.<\/p>\n<p><strong><a href=\"https:\/\/www.liseuse-hachette.fr\/?ean=9782246843726\" target=\"_blank\" rel=\"noopener\">Feuilleter l&rsquo;ouvrage\u2026<\/a><\/strong><\/p>\n","protected":false},"excerpt":{"rendered":"\u00ab\u00a0\u00c0 mon sens, l\u2019imagination n\u2019est qu\u2019un instrument, bon pour \u00e9laborer la r\u00e9alit\u00e9.\u00a0 Mais la source de la cr\u00e9ation,&hellip;\n","protected":false},"author":2,"featured_media":476646,"comment_status":"","ping_status":"","sticky":false,"template":"","format":"standard","meta":{"footnotes":""},"categories":[1357],"tags":[1379,58,59,1011,27,1380],"class_list":{"0":"post-476645","1":"post","2":"type-post","3":"status-publish","4":"format-standard","5":"has-post-thumbnail","7":"category-livres","8":"tag-books","9":"tag-divertissement","10":"tag-entertainment","11":"tag-fr","12":"tag-france","13":"tag-livres"},"share_on_mastodon":{"url":"","error":""},"_links":{"self":[{"href":"https:\/\/www.europesays.com\/fr\/wp-json\/wp\/v2\/posts\/476645","targetHints":{"allow":["GET"]}}],"collection":[{"href":"https:\/\/www.europesays.com\/fr\/wp-json\/wp\/v2\/posts"}],"about":[{"href":"https:\/\/www.europesays.com\/fr\/wp-json\/wp\/v2\/types\/post"}],"author":[{"embeddable":true,"href":"https:\/\/www.europesays.com\/fr\/wp-json\/wp\/v2\/users\/2"}],"replies":[{"embeddable":true,"href":"https:\/\/www.europesays.com\/fr\/wp-json\/wp\/v2\/comments?post=476645"}],"version-history":[{"count":0,"href":"https:\/\/www.europesays.com\/fr\/wp-json\/wp\/v2\/posts\/476645\/revisions"}],"wp:featuredmedia":[{"embeddable":true,"href":"https:\/\/www.europesays.com\/fr\/wp-json\/wp\/v2\/media\/476646"}],"wp:attachment":[{"href":"https:\/\/www.europesays.com\/fr\/wp-json\/wp\/v2\/media?parent=476645"}],"wp:term":[{"taxonomy":"category","embeddable":true,"href":"https:\/\/www.europesays.com\/fr\/wp-json\/wp\/v2\/categories?post=476645"},{"taxonomy":"post_tag","embeddable":true,"href":"https:\/\/www.europesays.com\/fr\/wp-json\/wp\/v2\/tags?post=476645"}],"curies":[{"name":"wp","href":"https:\/\/api.w.org\/{rel}","templated":true}]}}