{"id":476647,"date":"2025-10-20T08:30:14","date_gmt":"2025-10-20T08:30:14","guid":{"rendered":"https:\/\/www.europesays.com\/fr\/476647\/"},"modified":"2025-10-20T08:30:14","modified_gmt":"2025-10-20T08:30:14","slug":"deuxieme-volet-repousse-les-limites-de-la-saga","status":"publish","type":"post","link":"https:\/\/www.europesays.com\/fr\/476647\/","title":{"rendered":"deuxi\u00e8me volet repousse les limites de la saga"},"content":{"rendered":"<p>\n    Mercredi 22 octobre sort la deuxi\u00e8me partie de Kaamelott. Le r\u00e9alisateur Alexandre Astier promet que sa com\u00e9die inspir\u00e9e de la l\u00e9gende d\u2019Arthur c\u00f4toie ici une histoire plus complexe qu\u2019elle n\u2019y para\u00eet.<\/p>\n<p class=\"fig-paragraph\">La saga culte\u00a0<a href=\"https:\/\/video.lefigaro.fr\/figaro\/culture\/alexandre-astier-devoile-les-secrets-des-deux-prochains-volets-des-films-kaamelott-20250808\" data-fig-type=\"Video\" data-gtm-custom-categorie=\"navigation\" data-gtm-custom-action=\"crossclick\" data-gtm-custom-label=\"Contextuel\" data-gtm-event=\"customEventSPE\" data-fig-domain=\"LEFIGARO\" rel=\"nofollow noopener\" target=\"_blank\">Kaamelott\u00a0<\/a> fait son retour au cin\u00e9ma avec un deuxi\u00e8me volet coup\u00e9 en deux, dont la premi\u00e8re partie sort mercredi en salle, une fresque \u00e9pique que son cr\u00e9ateur<a href=\"http:\/\/www.lefigaro.fr\/cinema\/alexandre-astier-presente-l-affiche-de-kaamelott-2-partie-1-20250724\" data-fig-type=\"NewsFlash\" data-gtm-custom-categorie=\"navigation\" data-gtm-custom-action=\"crossclick\" data-gtm-custom-label=\"Contextuel\" data-gtm-event=\"customEventSPE\" data-fig-domain=\"LEFIGARO\" rel=\"nofollow noopener\" target=\"_blank\">\u00a0Alexandre Astier<\/a>\u00a0veut libre et ambitieuse.<\/p>\n<p class=\"fig-paragraph\">\u00ab\u00a0Dans ce volet-l\u00e0, les gens partent \u00e0 l&rsquo;aventure\u00a0\u00bb, promet le r\u00e9alisateur, qui incarne aussi le roi Arthur \u00e0 l&rsquo;\u00e9cran. Apr\u00e8s avoir chass\u00e9 du tr\u00f4ne son ennemi Lancelot, Arthur Pendragon, us\u00e9 par les affres du pouvoir et les luttes politiques, est poursuivi par la col\u00e8re des dieux. Il d\u00e9cide de r\u00e9unir ses chevaliers autour de la nouvelle Table ronde, pour les envoyer \u00e0 l&rsquo;aventure aux quatre coins du monde afin de prouver leur valeur. \u00ab\u00a0J&rsquo;ai une culture du jeu de r\u00f4les, o\u00f9 les mondes d\u00e9crits ne sont pas des mondes ferm\u00e9s\u00a0\u00bb, explique le r\u00e9alisateur lors d&rsquo;une rencontre avec l&rsquo;AFP.<\/p>\n<p>                                    <a class=\"fig-a11y-skip a11y-hidden\" href=\"#fig-a11y-skip-main-inarticle\"><br \/>\n        Passer la publicit\u00e9<br \/>\n    <\/a><\/p>\n<p class=\"fig-paragraph\">L&rsquo;histoire de\u00a0<a href=\"http:\/\/www.lefigaro.fr\/cinema\/kaamelott-d-alexandre-astier-les-deux-derniers-volets-actuellement-en-preparation-20240912\" data-fig-type=\"Article\" data-gtm-custom-categorie=\"navigation\" data-gtm-custom-action=\"crossclick\" data-gtm-custom-label=\"Contextuel\" data-gtm-event=\"customEventSPE\" data-fig-domain=\"LEFIGARO\" rel=\"nofollow noopener\" target=\"_blank\">Kaamelott\u00a0<\/a>se d\u00e9roule dans \u00ab\u00a0un monde g\u00e9n\u00e9rique, style heroic fantasy m\u00e9di\u00e9val\u00a0\u00bb, dans lequel \u00ab\u00a0il se passe \u00e0 peu pr\u00e8s tout ce qui est possible de se passer\u00a0\u00bb, ajoute son cr\u00e9ateur, qui a toujours \u00e9crit seul ses sc\u00e9narios. Avec ce film de plus de quatre heures au total &#8211; cette premi\u00e8re partie dure 2h19 &#8211; et une galerie de plus de soixante-dix personnages, Alexandre Astier repousse les limites de l&rsquo;univers Kaamelott. La seconde partie du film sortira en novembre 2026.<\/p>\n<p class=\"fig-body-link\">\n            \u00c0 lire aussi<br \/>\n        <a class=\"fig-body-link__link\" href=\"http:\/\/www.lefigaro.fr\/cinema\/kaamelott-2-alexandre-astier-nous-dit-tout-sur-les-deux-prochains-volets-20250808\" target=\"_blank\" data-fig-type=\"NewsFlash\" rel=\"noopener nofollow\" data-gtm-custom-categorie=\"navigation\" data-gtm-custom-action=\"crossclick\" data-gtm-custom-label=\"Contextuel\" data-gtm-event=\"customEventSPE\" data-fig-domain=\"LEFIGARO\">Kaamelott 2: Alexandre Astier nous dit tout sur les deux prochains volets<br \/>\n    <\/a>\n<\/p>\n<p>Un tournage \u00e9puisant<\/p>\n<p class=\"fig-paragraph\">Le tournage des deux parties du film s&rsquo;est \u00e9tal\u00e9 sur huit mois, de l&rsquo;Islande \u00e0 Malte, la France et m\u00eame dans un sous-marin, pour un budget de 38 millions d&rsquo;euros. \u00ab\u00a0C&rsquo;\u00e9tait quand m\u00eame tr\u00e8s \u00e9prouvant, je ne sais pas si je referai un truc aussi long\u00a0\u00bb, confie Alexandre Astier qui, comme \u00e0 son habitude, s&rsquo;est occup\u00e9 du montage du film, de la bande originale et n&rsquo;a mis la touche finale \u00e0 cette premi\u00e8re partie qu&rsquo;une semaine avant sa sortie. Kaamelott, qui a d\u00e9but\u00e9 sur la case access prime time sur M6 en 2005 avec des formats courts humoristiques de quelques minutes, est depuis devenu une saga sans \u00e9quivalent dans le cin\u00e9ma fran\u00e7ais.<\/p>\n<p class=\"fig-paragraph\">Le r\u00e9alisateur aime retrouver \u00ab\u00a0ce monde-l\u00e0, o\u00f9 de temps en temps\u00bb, il peut \u00abreplonger pour raconter un autre truc\u00a0\u00bb. Le film est port\u00e9 par un casting prestigieux avec entre autres Alain Chabat, Guillaume Gallienne, Audrey Fleurot et Clovis Cornillac, d\u00e9j\u00e0 pr\u00e9sents dans le premier volet, rejoints par les nouveaux venus Virginie Ledoyen, Haroun ou Thomas VDB. En revanche, l&rsquo;un des piliers de l&rsquo;histoire, Perceval, personnalit\u00e9 centrale de Kaamelott, tr\u00e8s appr\u00e9ci\u00e9e des fans pour sa maladresse et sa na\u00efvet\u00e9, n&rsquo;est plus l\u00e0. L&rsquo;acteur Franck Pitiot a refus\u00e9 de rempiler.<\/p>\n<p>Pour le r\u00e9alisateur, le film \u00ab\u00a0n\u2019a jamais \u00e9t\u00e9 une com\u00e9die\u00a0\u00bb<\/p>\n<p class=\"fig-paragraph\">\u00ab\u00a0J&rsquo;essaie de le prendre avec philosophie\u00a0\u00bb, r\u00e9agit Alexandre Astier, qui est \u00ab\u00a0un peu triste\u00bb de son d\u00e9part, m\u00eame si \u00ab\u00a0dans des sagas de cette dur\u00e9e-l\u00e0, ce sont des choses qui malheureusement arrivent\u00a0\u00bb. En 20 ans d&rsquo;existence, la version parodique de la qu\u00eate du Graal a gagn\u00e9 en gravit\u00e9 et en noirceur, apr\u00e8s avoir d\u00e9but\u00e9 comme un programme dr\u00f4le. \u00ab\u00a0Pour moi, \u00e7a n&rsquo;a jamais \u00e9t\u00e9 une com\u00e9die\u00a0\u00bb, expose le touche-\u00e0-tout du cin\u00e9ma et de la sc\u00e8ne. \u00ab\u00a0Je ne promets pas de faire rire, je ne sais pas le faire\u00a0\u00bb, ajoute-t-il. \u00ab\u00a0La part de com\u00e9die que j&rsquo;accepte d&rsquo;assumer, c&rsquo;est le vernis que je consid\u00e8re \u00eatre le dialogue, parce que j&rsquo;aime bien les langages color\u00e9s, musicaux, mais mon histoire en elle-m\u00eame, le fond n&rsquo;est pas dr\u00f4le du tout\u00a0\u00bb, pr\u00e9cise-t-il.<\/p>\n<p class=\"fig-paragraph\">Le troisi\u00e8me volet de la trilogie Kaamelott, qui portera sur \u00ab\u00a0le Graal\u00a0\u00bb, selon son cr\u00e9ateur, n&rsquo;est pas encore \u00e9crit. \u00ab\u00a0J&rsquo;attends de savoir qui je serai au moment d&rsquo;\u00e9crire\u00a0\u00bb, assure l&rsquo;interpr\u00e8te du roi Arthur. \u00ab\u00a0J&rsquo;ai envie de faire autre chose d&rsquo;ailleurs, avant de faire le troisi\u00e8me volet&#8230; si je le fais un jour\u00a0\u00bb, l\u00e2che-t-il.<\/p>\n","protected":false},"excerpt":{"rendered":"Mercredi 22 octobre sort la deuxi\u00e8me partie de Kaamelott. Le r\u00e9alisateur Alexandre Astier promet que sa com\u00e9die inspir\u00e9e&hellip;\n","protected":false},"author":2,"featured_media":476648,"comment_status":"","ping_status":"","sticky":false,"template":"","format":"standard","meta":{"footnotes":""},"categories":[1356],"tags":[14989,650,58,59,1011,27,41019,252,1364],"class_list":{"0":"post-476647","1":"post","2":"type-post","3":"status-publish","4":"format-standard","5":"has-post-thumbnail","7":"category-television","8":"tag-alexandre-astier","9":"tag-cinema","10":"tag-divertissement","11":"tag-entertainment","12":"tag-fr","13":"tag-france","14":"tag-kaamelott","15":"tag-television","16":"tag-tv"},"share_on_mastodon":{"url":"","error":""},"_links":{"self":[{"href":"https:\/\/www.europesays.com\/fr\/wp-json\/wp\/v2\/posts\/476647","targetHints":{"allow":["GET"]}}],"collection":[{"href":"https:\/\/www.europesays.com\/fr\/wp-json\/wp\/v2\/posts"}],"about":[{"href":"https:\/\/www.europesays.com\/fr\/wp-json\/wp\/v2\/types\/post"}],"author":[{"embeddable":true,"href":"https:\/\/www.europesays.com\/fr\/wp-json\/wp\/v2\/users\/2"}],"replies":[{"embeddable":true,"href":"https:\/\/www.europesays.com\/fr\/wp-json\/wp\/v2\/comments?post=476647"}],"version-history":[{"count":0,"href":"https:\/\/www.europesays.com\/fr\/wp-json\/wp\/v2\/posts\/476647\/revisions"}],"wp:featuredmedia":[{"embeddable":true,"href":"https:\/\/www.europesays.com\/fr\/wp-json\/wp\/v2\/media\/476648"}],"wp:attachment":[{"href":"https:\/\/www.europesays.com\/fr\/wp-json\/wp\/v2\/media?parent=476647"}],"wp:term":[{"taxonomy":"category","embeddable":true,"href":"https:\/\/www.europesays.com\/fr\/wp-json\/wp\/v2\/categories?post=476647"},{"taxonomy":"post_tag","embeddable":true,"href":"https:\/\/www.europesays.com\/fr\/wp-json\/wp\/v2\/tags?post=476647"}],"curies":[{"name":"wp","href":"https:\/\/api.w.org\/{rel}","templated":true}]}}