{"id":476655,"date":"2025-10-20T08:34:11","date_gmt":"2025-10-20T08:34:11","guid":{"rendered":"https:\/\/www.europesays.com\/fr\/476655\/"},"modified":"2025-10-20T08:34:11","modified_gmt":"2025-10-20T08:34:11","slug":"victoire-historique-du-maroc-largentine-consolee-par-messi","status":"publish","type":"post","link":"https:\/\/www.europesays.com\/fr\/476655\/","title":{"rendered":"Victoire historique du Maroc, l\u2019Argentine consol\u00e9e par Messi"},"content":{"rendered":"<p>Un nouvel exploit pour le Maroc. Trois ans apr\u00e8s avoir atteint la demi-finale de la Coupe du monde\u00a02022 au Qatar, <a href=\"https:\/\/www.20minutes.fr\/sport\/football\/4179615-20251016-coupe-monde-u20-bleuets-prives-finale-maroc-bout-cruelle-serie-tirs-but\" class=\"c-link c-link--is-underlined\" target=\"_blank\" rel=\"noopener\">les Marocains repartent du Chili avec le troph\u00e9e du Mondial U20 sous le coude<\/a>. Les co\u00e9quipiers de l\u2019attaquant Yassir Zabiri, auteur des deux seuls buts de la rencontre, ont remport\u00e9 la finale contre l\u2019Argentine (2-0) pour signer un exploit majeur.<\/p>\n<\/p>\n<p>Zabiti a d\u2019abord ouvert le score \u00e0 la 12e minute avant d\u2019enfoncer le clou un peu plus d\u2019un quart d\u2019heure plus tard, \u00e0 la 29e, devant 43.000 spectateurs pour la plupart acquis \u00e0 la cause des Marocains. Ces derniers signent le premier succ\u00e8s africain dans un <a href=\"https:\/\/www.20minutes.fr\/sport\/football\/4179135-20251014-mondial-u20-cirque-dates-fifa-bouabre-repart-club-apres-avoir-qualifie-bleuets-demies\" class=\"c-link c-link--is-underlined\" target=\"_blank\" rel=\"noopener\">Mondial U20<\/a> depuis le Ghana en\u00a02009.<\/p>\n<p>Messi console les joueurs argentins<\/p>\n<p>Nation la plus titr\u00e9e, l\u2019Argentine n\u2019a pas pu tenir son rang de favori en finale et prolonge sa longue disette. L\u2019Albiceleste n\u2019a plus gagn\u00e9 de Coupe du monde des moins de 20 ans depuis\u00a02007, mais les joueurs vaincus pourront se consoler avec <a href=\"https:\/\/www.20minutes.fr\/sport\/lionel_messi\/\" class=\"c-link c-link--is-underlined\" target=\"_blank\" rel=\"noopener\">un message de r\u00e9confort de Lionel Messi<\/a>. Le champion du monde\u00a02022 a apport\u00e9 son soutien \u00e0 ses jeunes compatriotes sur les r\u00e9seaux. \u00ab\u00a0Gardez la t\u00eate haute, les gars. Vous avez fait un tournoi impressionnant et m\u00eame si nous voulions tous vous voir remporter la Coupe, nous gardons la joie de tout ce que vous nous avez donn\u00e9 et la fiert\u00e9 de vous avoir vu d\u00e9fendre les couleurs du pays avec votre c\u0153ur.\u00a0\u00bb<\/p>\n<p>L\u2019ancien Parisien sait ce que \u00e7a fait de perdre une finale de Coupe du monde. Il \u00e9tait pass\u00e9 \u00e0 c\u00f4t\u00e9 de l\u2019exploit face \u00e0 l\u2019Allemagne, en\u00a02014, avant de finalement r\u00e9aliser son r\u00eave, \u00e0 Doha, au terme d\u2019une finale que la France enti\u00e8re aimerait oublier.<\/p>\n","protected":false},"excerpt":{"rendered":"Un nouvel exploit pour le Maroc. Trois ans apr\u00e8s avoir atteint la demi-finale de la Coupe du monde\u00a02022&hellip;\n","protected":false},"author":2,"featured_media":476656,"comment_status":"","ping_status":"","sticky":false,"template":"","format":"standard","meta":{"footnotes":""},"categories":[9],"tags":[6715,63,1011,27,2223,58154,517,60],"class_list":{"0":"post-476655","1":"post","2":"type-post","3":"status-publish","4":"format-standard","5":"has-post-thumbnail","7":"category-sports","8":"tag-argentine","9":"tag-football","10":"tag-fr","11":"tag-france","12":"tag-maroc","13":"tag-mondial-u20","14":"tag-sport","15":"tag-sports"},"share_on_mastodon":{"url":"https:\/\/pubeurope.com\/@fr\/115405577498603612","error":""},"_links":{"self":[{"href":"https:\/\/www.europesays.com\/fr\/wp-json\/wp\/v2\/posts\/476655","targetHints":{"allow":["GET"]}}],"collection":[{"href":"https:\/\/www.europesays.com\/fr\/wp-json\/wp\/v2\/posts"}],"about":[{"href":"https:\/\/www.europesays.com\/fr\/wp-json\/wp\/v2\/types\/post"}],"author":[{"embeddable":true,"href":"https:\/\/www.europesays.com\/fr\/wp-json\/wp\/v2\/users\/2"}],"replies":[{"embeddable":true,"href":"https:\/\/www.europesays.com\/fr\/wp-json\/wp\/v2\/comments?post=476655"}],"version-history":[{"count":0,"href":"https:\/\/www.europesays.com\/fr\/wp-json\/wp\/v2\/posts\/476655\/revisions"}],"wp:featuredmedia":[{"embeddable":true,"href":"https:\/\/www.europesays.com\/fr\/wp-json\/wp\/v2\/media\/476656"}],"wp:attachment":[{"href":"https:\/\/www.europesays.com\/fr\/wp-json\/wp\/v2\/media?parent=476655"}],"wp:term":[{"taxonomy":"category","embeddable":true,"href":"https:\/\/www.europesays.com\/fr\/wp-json\/wp\/v2\/categories?post=476655"},{"taxonomy":"post_tag","embeddable":true,"href":"https:\/\/www.europesays.com\/fr\/wp-json\/wp\/v2\/tags?post=476655"}],"curies":[{"name":"wp","href":"https:\/\/api.w.org\/{rel}","templated":true}]}}