{"id":476657,"date":"2025-10-20T08:35:12","date_gmt":"2025-10-20T08:35:12","guid":{"rendered":"https:\/\/www.europesays.com\/fr\/476657\/"},"modified":"2025-10-20T08:35:12","modified_gmt":"2025-10-20T08:35:12","slug":"sa-fille-tombe-sur-sa-sextape","status":"publish","type":"post","link":"https:\/\/www.europesays.com\/fr\/476657\/","title":{"rendered":"sa fille tombe sur sa sextape"},"content":{"rendered":"<p>Auteur-compositeur, pianiste, chroniqueur, com\u00e9dien\u2026 Andr\u00e9<br \/>\nManoukian, c\u2019est un peu le sage de la chanson fran\u00e7aise. Ce dernier<br \/>\ncharme depuis plus de vingt ans avec sa voix feutr\u00e9e et ses<br \/>\nr\u00e9flexions sur la musique, l\u2019amour et l\u2019\u00e2me humaine. Apr\u00e8s avoir<br \/>\n<strong>marqu\u00e9 les esprits<\/strong> en tant que jur\u00e9 dans <a href=\"https:\/\/www.melty.fr\/tele\/nouvelle-star-20-ans-ce-candidat-culte-revele-les-veritables-raisons-de-son-absence-1090269.html\" target=\"_blank\" rel=\"noopener\"><br \/>\nNouvelle Star<\/a> entre 2003 et 2016, l\u00a0\u00bbartiste poursuit<br \/>\naujourd\u2019hui sa route entre France Inter o\u00f9 il intervient dans<br \/>\nPar Jupiter ! et Partons en live. Sur France 3,<br \/>\n\u00a0il pr\u00e9sente \u00e9galement La Vie secr\u00e8te des chansons.<br \/>\nToujours prompt \u00e0 rire de lui-m\u00eame, Andr\u00e9 Manoukian pensait avoir<br \/>\ntout racont\u00e9 sur sa vie priv\u00e9e. Mais une anecdote racont\u00e9e \u00e0 Daphn\u00e9<br \/>\nB\u00fcrki dans Je t\u2019aime etc., sur France 2 \u00a0a laiss\u00e9<br \/>\ntout le monde bouche b\u00e9e.<\/p>\n<p>Andr\u00e9 Manoukian, le po\u00e8te du piano et du verbe<\/p>\n<p>Toujours en qu\u00eate d\u2019harmonie, l\u2019artiste de 68 ans pr\u00e9pare la<br \/>\nsortie de son nouvel album, <strong>La Sultane<\/strong>,<br \/>\ndont le clip \u00e9ponyme a \u00e9t\u00e9 d\u00e9voil\u00e9 en juin dernier. Inspir\u00e9 par sa<br \/>\nm\u00e8re arm\u00e9nienne, le titre rend hommage \u00e0 ses origines et pr\u00f4ne la<br \/>\nr\u00e9conciliation entre Arm\u00e9niens et Turcs. \u00ab\u00a0Quand j\u2019\u00e9tais petit,<br \/>\nma maman disait \u00e0 ma s\u0153ur : \u201cT\u2019es ma Sultane !\u201d \u00c7a veut dire :<br \/>\n\u201cT\u2019es une princesse\u201d\u00a0\u00bb, confiait-il dans une vid\u00e9o partag\u00e9e sur<br \/>\nFacebook. Avec ce disque, le chanteur veut prouver que la musique<br \/>\npeut panser les blessures de l\u2019histoire.<\/p>\n<p>Dans une interview accord\u00e9e \u00e0 Paris Match en 2015,<br \/>\nl&rsquo;artiste se souvenait avec \u00e9motion de ses racines : \u00ab\u00a0J\u2019ai \u00e9t\u00e9<br \/>\n\u00e9lev\u00e9 par ma grand-m\u00e8re qui m\u2019a appris \u00e0 parler arm\u00e9nien avant m\u00eame<br \/>\nque je ne parle fran\u00e7ais.\u00a0\u00bb <strong>Une identit\u00e9<br \/>\nforte<\/strong>, qu\u2019il ne cesse d\u2019incarner \u00e0 travers son art et sa<br \/>\nsensibilit\u00e9.<\/p>\n<p>Des amours passionn\u00e9s et une vie de famille bien remplie<\/p>\n<p>S\u2019il parle souvent de musique, Andr\u00e9 Manoukian n\u2019a jamais cach\u00e9<br \/>\nson c\u00f4t\u00e9 romantique. Dans les ann\u00e9es 1980, l&rsquo;homme a partag\u00e9 la vie<br \/>\nde Liane Foly, sa muse de toujours. Huit ans d\u2019une histoire<br \/>\nfusionnelle qui a marqu\u00e9 le public. Invit\u00e9e en f\u00e9vrier dernier sur<br \/>\nle plateau de Vivement dimanche, la chanteuse confiait \u00e0<br \/>\nMichel Drucker : \u00ab\u00a0<strong>J\u2019aurais aim\u00e9 qu\u2019Andr\u00e9<br \/>\nm\u2019\u00e9pouse<\/strong>. J\u2019aurais aim\u00e9 avoir des enfants avec lui.\u00a0\u00bb<br \/>\nDes mots tendres auxquels le musicien a r\u00e9pondu, le sourire aux<br \/>\nl\u00e8vres, sur Figaro TV Magazine en septembre : \u00ab\u00a0On<br \/>\nvoulait se marier comme dans New York, New York\u2026 mais on n\u2019a jamais<br \/>\ntrouv\u00e9 de juge \u00e0 r\u00e9veiller la nuit !\u00a0\u00bb<\/p>\n<p>Apr\u00e8s cette p\u00e9riode passionn\u00e9e, Andr\u00e9 Manoukian a trouv\u00e9 la<br \/>\nstabilit\u00e9 aupr\u00e8s de <a href=\"https:\/\/www.melty.fr\/people\/andre-manoukian-elle-deteste-sans-filtre-sur-sa-femme-et-sa-vie-de-couple-2214518.html\" target=\"_blank\" rel=\"noopener\"><br \/>\nSt\u00e9phanie, sa compagne depuis plus de trente ans<\/a>. Ensemble, les<br \/>\ntourtereaux ont deux fils, Anton et Aris, n\u00e9s au d\u00e9but des ann\u00e9es<br \/>\n2000. Dans T\u00e9l\u00e9 2 Semaines en 2013, l&rsquo;ancien jur\u00e9 de la<br \/>\nNouvelle Star expliquait avec douceur le choix de vivre \u00e0<br \/>\nChamonix : \u00ab\u00a0Ma femme a eu besoin d\u2019oxyg\u00e8ne, elle en a eu marre<br \/>\ndu bordel du show-biz. L\u00e0-bas, les stars, ce sont les<br \/>\nalpinistes.\u00a0\u00bb Mais c\u2019est avec sa premi\u00e8re \u00e9pouse, Sophie, qu\u2019il<br \/>\na eu sa fille a\u00een\u00e9e, Julie, n\u00e9e en 1982, aujourd\u2019hui r\u00e9alisatrice.<br \/>\nC\u2019est justement elle qui, sans le vouloir, allait \u00eatre \u00e0 l\u2019origine<br \/>\nd\u2019<strong>un moment de g\u00eane<\/strong>\u2026 rest\u00e9 dans les annales.<\/p>\n<p>Quand Andr\u00e9 Manoukian raconte \u00ab\u00a0le pire<br \/>\nmalaise\u00a0\u00bb de sa vie<\/p>\n<p>Dans l&rsquo;\u00e9mission Je t\u2019aime etc., diffus\u00e9e sur France 2,<br \/>\nen novembre 2019, Andr\u00e9 Manoukian avait livr\u00e9 cette anecdote<br \/>\nm\u00e9morable. Le ton \u00e9tait l\u00e9ger, la confidence sinc\u00e8re, mais<br \/>\nl\u2019histoire a vite fait le tour des m\u00e9dias. Le musicien racontait<br \/>\navoir tourn\u00e9, au d\u00e9but des ann\u00e9es 2000, <strong>une sextape avec sa<br \/>\ncompagne de l\u2019\u00e9poque<\/strong>. \u00ab\u00a0On est \u00e0 Venise, c\u2019est un<br \/>\nmoment magique, des retrouvailles fabuleuses\u2026 et dans<br \/>\nl\u2019enthousiasme, on oublie. On laisse \u00e7a dans le t\u00e9l\u00e9phone<br \/>\nportable\u00a0\u00bb, avait-il expliqu\u00e9 \u00e0 Daphn\u00e9 B\u00fcrki, sourire en<br \/>\ncoin.<\/p>\n<p>Rien de dramatique\u2026 jusqu\u2019au jour o\u00f9 sa fille Julie casse son<br \/>\nt\u00e9l\u00e9phone. G\u00e9n\u00e9reux, son p\u00e8re lui pr\u00eate le sien, celui-l\u00e0 m\u00eame o\u00f9<br \/>\nla fameuse vid\u00e9o \u00e9tait encore enregistr\u00e9e. Ce n&rsquo;est autre que le<br \/>\nfianc\u00e9 de la jeune femme qui, en tombant dessus, r\u00e9alise <strong>la<br \/>\ngaffe monumentale<\/strong>. \u00ab\u00a0Ce n\u2019est pas elle qui me l\u2019a dit,<br \/>\nc\u2019est son fianc\u00e9\u00a0\u00bb, confiait Andr\u00e9 Manoukian en riant. Fort<br \/>\nheureusement, le jeune homme a eu le r\u00e9flexe d\u2019effacer la vid\u00e9o<br \/>\navant d\u2019en parler. Mais l\u2019histoire ne s\u2019arr\u00eate pas l\u00e0 : \u00ab\u00a0J\u2019ai<br \/>\nappel\u00e9 ma fille pour savoir si elle \u00e9tait traumatis\u00e9e. Elle m\u2019a<br \/>\njur\u00e9 qu\u2019elle n\u2019avait rien vu. Mais sa meilleure amie, elle, a voulu<br \/>\nregarder\u2026\u00a0\u00bb, avait ajout\u00e9 le chanteur, hilare. Avec son humour<br \/>\nhabituel, il avait conclu en relativisant : \u00ab\u00a0\u00c0 l\u2019\u00e9poque, elles<br \/>\navaient 20 piges. \u00c7a va !\u00a0\u00bb<\/p>\n","protected":false},"excerpt":{"rendered":"Auteur-compositeur, pianiste, chroniqueur, com\u00e9dien\u2026 Andr\u00e9 Manoukian, c\u2019est un peu le sage de la chanson fran\u00e7aise. Ce dernier charme&hellip;\n","protected":false},"author":2,"featured_media":476658,"comment_status":"","ping_status":"","sticky":false,"template":"","format":"standard","meta":{"footnotes":""},"categories":[8],"tags":[905,51013,58,59,1011,27],"class_list":{"0":"post-476657","1":"post","2":"type-post","3":"status-publish","4":"format-standard","5":"has-post-thumbnail","7":"category-divertissement","8":"tag-a-la-une-melty","9":"tag-andre-manoukian","10":"tag-divertissement","11":"tag-entertainment","12":"tag-fr","13":"tag-france"},"share_on_mastodon":{"url":"","error":""},"_links":{"self":[{"href":"https:\/\/www.europesays.com\/fr\/wp-json\/wp\/v2\/posts\/476657","targetHints":{"allow":["GET"]}}],"collection":[{"href":"https:\/\/www.europesays.com\/fr\/wp-json\/wp\/v2\/posts"}],"about":[{"href":"https:\/\/www.europesays.com\/fr\/wp-json\/wp\/v2\/types\/post"}],"author":[{"embeddable":true,"href":"https:\/\/www.europesays.com\/fr\/wp-json\/wp\/v2\/users\/2"}],"replies":[{"embeddable":true,"href":"https:\/\/www.europesays.com\/fr\/wp-json\/wp\/v2\/comments?post=476657"}],"version-history":[{"count":0,"href":"https:\/\/www.europesays.com\/fr\/wp-json\/wp\/v2\/posts\/476657\/revisions"}],"wp:featuredmedia":[{"embeddable":true,"href":"https:\/\/www.europesays.com\/fr\/wp-json\/wp\/v2\/media\/476658"}],"wp:attachment":[{"href":"https:\/\/www.europesays.com\/fr\/wp-json\/wp\/v2\/media?parent=476657"}],"wp:term":[{"taxonomy":"category","embeddable":true,"href":"https:\/\/www.europesays.com\/fr\/wp-json\/wp\/v2\/categories?post=476657"},{"taxonomy":"post_tag","embeddable":true,"href":"https:\/\/www.europesays.com\/fr\/wp-json\/wp\/v2\/tags?post=476657"}],"curies":[{"name":"wp","href":"https:\/\/api.w.org\/{rel}","templated":true}]}}