{"id":476664,"date":"2025-10-20T08:39:12","date_gmt":"2025-10-20T08:39:12","guid":{"rendered":"https:\/\/www.europesays.com\/fr\/476664\/"},"modified":"2025-10-20T08:39:12","modified_gmt":"2025-10-20T08:39:12","slug":"gerald-darmanin-compte-bien-aller-lui-rendre-visite-en-prison","status":"publish","type":"post","link":"https:\/\/www.europesays.com\/fr\/476664\/","title":{"rendered":"G\u00e9rald Darmanin compte bien aller lui rendre visite en prison"},"content":{"rendered":"<p>Alors que l\u2019incarc\u00e9ration <a href=\"https:\/\/www.20minutes.fr\/justice\/4178888-20251013-sarkozy-condamne-ex-president-sait-desormais-quand-ira-prison\" target=\"_blank\" class=\"c-link c-link--is-underlined\" rel=\"noopener\">pr\u00e9vue mardi \u00e0 la prison de la Sant\u00e9<\/a> de l\u2019ancien pr\u00e9sident de la R\u00e9publique <a href=\"https:\/\/www.20minutes.fr\/politique\/nicolas_sarkozy\/\" class=\"c-link c-link--is-underlined\" target=\"_blank\" rel=\"noopener\">Nicolas Sarkozy<\/a> se pr\u00e9cise, ses amiti\u00e9s se d\u00e9montrent. Le ministre de la Justice <a href=\"https:\/\/www.20minutes.fr\/dossier\/gerald_darmanin\" class=\"c-link c-link--is-underlined\" target=\"_blank\" rel=\"noopener\">G\u00e9rald Darmanin<\/a> a d\u00e9clar\u00e9 ce lundi sur France Inter qu\u2019il ira le \u00ab\u00a0voir en prison\u00a0\u00bb. Plus encore, le garde des Sceaux a \u00e9galement indiqu\u00e9 qu\u2019il s\u2019inqui\u00e9tera \u00ab\u00a0de ses conditions de s\u00e9curit\u00e9\u00a0\u00bb lors de sa d\u00e9tention.<\/p>\n<p>Un m\u00e9lange des genres\u00a0? Pas vraiment. \u00ab\u00a0Le ministre de la justice peut aller voir n\u2019importe quelle <a href=\"https:\/\/www.20minutes.fr\/dossier\/prison\" class=\"c-link c-link--is-underlined\" target=\"_blank\" rel=\"noopener\">prison<\/a> et n\u2019importe quel d\u00e9tenu quand il le souhaite\u00a0\u00bb, a-t-il ajout\u00e9, rappelant que Nicolas Sarkozy, ayant fait appel de sa condamnation \u00e0 cinq ans de prison dans le dossier libyen, \u00e9tait \u00ab\u00a0pr\u00e9sum\u00e9 innocent\u00a0\u00bb. Le ministre, un proche de l\u2019ancien chef de l\u2019Etat, a insist\u00e9 sur l\u2019importance de \u00ab\u00a0faire attention \u00e0 la s\u00e9curit\u00e9 d\u2019un ancien pr\u00e9sident dans la prison de la Sant\u00e9\u00a0\u00bb.<\/p>\n<p>\u00ab\u00a0J\u2019ai beaucoup de tristesse pour le pr\u00e9sident Sarkozy\u00a0\u00bb, \u00ab\u00a0l\u2019homme que je suis, j\u2019ai \u00e9t\u00e9 son collaborateur, ne peut pas \u00eatre insensible \u00e0 la d\u00e9tresse d\u2019un homme\u00a0\u00bb, a-t-il poursuivi. \u00ab\u00a0Le ministre de la Justice fait son travail et organise quelque chose d\u2019exceptionnel\u00a0\u00bb, les conditions de d\u00e9tention, \u00ab\u00a0non seulement d\u2019un ancien pr\u00e9sident de la R\u00e9publique mais de quelqu\u2019un qui est pr\u00e9sum\u00e9 innocent\u00a0\u00bb, a encore dit G\u00e9rald Darmanin, assurant se rendre \u00ab\u00a0trois fois par semaine\u00a0\u00bb dans des prisons fran\u00e7aises. \u00ab\u00a0Le ministre organise cela de fa\u00e7on professionnelle et l\u2019homme \u00e9videmment est triste de cette situation\u00a0\u00bb, a-t-il r\u00e9sum\u00e9.<\/p>\n<\/p>\n<p>Un ancien pr\u00e9sident \u00ab\u00a0pr\u00e9sum\u00e9 innocent\u00a0\u00bb<\/p>\n<p>Le ministre a ajout\u00e9 n\u2019avoir \u00ab\u00a0pas de commentaire \u00e0 faire\u00a0\u00bb sur l\u2019appel lanc\u00e9 ce dimanche par les fils de Nicolas Sarkozy \u00e0 un rassemblement de soutien mardi matin, au moment o\u00f9 l\u2019ancien pr\u00e9sident quittera son domicile pour la Sant\u00e9. \u00ab\u00a0Je sais le choc que c\u2019est de voir son p\u00e8re au parloir\u00a0\u00bb, a dit G\u00e9rald Darmanin qui s\u2019est souvenu de ses visites \u00e0 son p\u00e8re d\u00e9tenu \u00e0 Valenciennes. \u00ab\u00a0Il faut se mettre un tout petit peu \u00e0 la place de la famille\u00a0\u00bb.<\/p>\n<p><a href=\"https:\/\/www.20minutes.fr\/politique\/nicolas_sarkozy\/\" class=\"c-link c-btn c-btn--primary\" target=\"_blank\" rel=\"noopener\">Notre dossier sur Nicolas Sarkosy<\/a><\/p>\n<p>Quant \u00e0 la comparaison que Nicolas Sarkozy a faite entre sa situation et celle d\u2019Alfred Dreyfus, officier injustement condamn\u00e9 pour espionnage sur la foi de fausses accusations nourries d\u2019antis\u00e9mitisme, le ministre Darmanin \u00ab\u00a0lui laisse l\u2019enti\u00e8ret\u00e9 de la responsabilit\u00e9 de ses propos\u00a0\u00bb. \u00ab\u00a0Je ne suis pas totalement d\u2019accord, toujours, avec Nicolas Sarkozy\u00a0\u00bb, mais \u00ab\u00a0dans un moment aussi dramatique [\u2026] il y a des propos qui sont sans doute, de part et d\u2019autre, excessifs\u00a0\u00bb.<\/p>\n","protected":false},"excerpt":{"rendered":"Alors que l\u2019incarc\u00e9ration pr\u00e9vue mardi \u00e0 la prison de la Sant\u00e9 de l\u2019ancien pr\u00e9sident de la R\u00e9publique Nicolas&hellip;\n","protected":false},"author":2,"featured_media":476665,"comment_status":"","ping_status":"","sticky":false,"template":"","format":"standard","meta":{"footnotes":""},"categories":[4],"tags":[47,11,1011,27,432,303,8335,3784,4145,12,3091,316,4919,806,25,104],"class_list":{"0":"post-476664","1":"post","2":"type-post","3":"status-publish","4":"format-standard","5":"has-post-thumbnail","7":"category-france","8":"tag-actualite","9":"tag-actualites","10":"tag-fr","11":"tag-france","12":"tag-gerald-darmanin","13":"tag-justice","14":"tag-les-republicains-lr","15":"tag-ministre","16":"tag-ministre-de-la-justice","17":"tag-news","18":"tag-nicolas-sarkozy","19":"tag-politique","20":"tag-president","21":"tag-prison","22":"tag-republique-francaise","23":"tag-societe"},"share_on_mastodon":{"url":"https:\/\/pubeurope.com\/@fr\/115405597852167921","error":""},"_links":{"self":[{"href":"https:\/\/www.europesays.com\/fr\/wp-json\/wp\/v2\/posts\/476664","targetHints":{"allow":["GET"]}}],"collection":[{"href":"https:\/\/www.europesays.com\/fr\/wp-json\/wp\/v2\/posts"}],"about":[{"href":"https:\/\/www.europesays.com\/fr\/wp-json\/wp\/v2\/types\/post"}],"author":[{"embeddable":true,"href":"https:\/\/www.europesays.com\/fr\/wp-json\/wp\/v2\/users\/2"}],"replies":[{"embeddable":true,"href":"https:\/\/www.europesays.com\/fr\/wp-json\/wp\/v2\/comments?post=476664"}],"version-history":[{"count":0,"href":"https:\/\/www.europesays.com\/fr\/wp-json\/wp\/v2\/posts\/476664\/revisions"}],"wp:featuredmedia":[{"embeddable":true,"href":"https:\/\/www.europesays.com\/fr\/wp-json\/wp\/v2\/media\/476665"}],"wp:attachment":[{"href":"https:\/\/www.europesays.com\/fr\/wp-json\/wp\/v2\/media?parent=476664"}],"wp:term":[{"taxonomy":"category","embeddable":true,"href":"https:\/\/www.europesays.com\/fr\/wp-json\/wp\/v2\/categories?post=476664"},{"taxonomy":"post_tag","embeddable":true,"href":"https:\/\/www.europesays.com\/fr\/wp-json\/wp\/v2\/tags?post=476664"}],"curies":[{"name":"wp","href":"https:\/\/api.w.org\/{rel}","templated":true}]}}