{"id":476670,"date":"2025-10-20T08:42:11","date_gmt":"2025-10-20T08:42:11","guid":{"rendered":"https:\/\/www.europesays.com\/fr\/476670\/"},"modified":"2025-10-20T08:42:11","modified_gmt":"2025-10-20T08:42:11","slug":"football-ligue-2-sur-quelle-chaine-regarder-le-derby-annecy","status":"publish","type":"post","link":"https:\/\/www.europesays.com\/fr\/476670\/","title":{"rendered":"Football. Ligue 2 : sur quelle cha\u00eene regarder le derby Annecy"},"content":{"rendered":"<p>Quelle premi\u00e8re\u00a0! Le FC Annecy\u00a0(11e, 12 points) va enfin retrouver le Parc des Sports. Et pour sa premi\u00e8re dans son antre cette saison, les Ann\u00e9ciens ont le droit \u00e0 une affiche de gala car c&rsquo;est l&rsquo;AS Saint-\u00c9tienne\u00a0(3e, 20 points) qui se pr\u00e9sente ce samedi (20 heures).<\/p>\n<p>Les joueurs de Laurent Guyot restent sur un succ\u00e8s \u00e0 Clermont lors de la derni\u00e8re journ\u00e9e (<a href=\"https:\/\/www.ledauphine.com\/sport\/2025\/10\/17\/annecy-pour-relancer-la-machine-a-clermont-suivez-la-rencontre\" target=\"_blank\" rel=\"noopener\">1-0<\/a>), tandis que les Verts se sont pris les pieds dans le tapis chez eux contre Le Mans (<a href=\"https:\/\/www.ledauphine.com\/sport\/2025\/10\/18\/les-verts-perdent-pied\" target=\"_blank\" rel=\"noopener\">3-2<\/a>).<\/p>\n<p>Lors de la saison 2023-2024, Annecy avait obtenu un point sur sa pelouse (1-1) avant de s&rsquo;incliner \u00e0 Geoffroy-Guichard (2-1).\u00a0<\/p>\n<p><a href=\"https:\/\/www.ledauphine.com\/sport\/calendrier-resultats\/football\/national-ligue-2\" target=\"_blank\" rel=\"noopener\"><strong>&gt;&gt;\u00a0Les r\u00e9sultats, le classement et le calendrier de Ligue 2<\/strong><\/a><\/p>\n<p>Comme depuis le d\u00e9but de saison, les Verts \u00e9volueront en prime time, \u00e0 20 heures donc sur beIN Sports 1\u00a0et en direct comment\u00e9 sur notre site.<\/p>\n","protected":false},"excerpt":{"rendered":"Quelle premi\u00e8re\u00a0! Le FC Annecy\u00a0(11e, 12 points) va enfin retrouver le Parc des Sports. Et pour sa premi\u00e8re&hellip;\n","protected":false},"author":2,"featured_media":476671,"comment_status":"","ping_status":"","sticky":false,"template":"","format":"standard","meta":{"footnotes":""},"categories":[9653],"tags":[1111,11,3853,3855,9443,2430,3856,1777,674,20116,1701,1011,27,4638,12636,3367,12,25,4001,517,1947,2205],"class_list":{"0":"post-476670","1":"post","2":"type-post","3":"status-publish","4":"format-standard","5":"has-post-thumbnail","7":"category-saint-etienne","8":"tag-actu","9":"tag-actualites","10":"tag-annecy","11":"tag-annecy-region","12":"tag-asse-as-saint-etienne","13":"tag-auvergne-rhone-alpes","14":"tag-edition-annecy-rumilly-les-aravis","15":"tag-eu","16":"tag-europe","17":"tag-fc-annecy","18":"tag-fil-info-sport","19":"tag-fr","20":"tag-france","21":"tag-haute-savoie","22":"tag-ligue-2-football","23":"tag-loire","24":"tag-news","25":"tag-republique-francaise","26":"tag-saint-etienne","27":"tag-sport","28":"tag-sport-national","29":"tag-television-medias"},"share_on_mastodon":{"url":"https:\/\/pubeurope.com\/@fr\/115405608962781127","error":""},"_links":{"self":[{"href":"https:\/\/www.europesays.com\/fr\/wp-json\/wp\/v2\/posts\/476670","targetHints":{"allow":["GET"]}}],"collection":[{"href":"https:\/\/www.europesays.com\/fr\/wp-json\/wp\/v2\/posts"}],"about":[{"href":"https:\/\/www.europesays.com\/fr\/wp-json\/wp\/v2\/types\/post"}],"author":[{"embeddable":true,"href":"https:\/\/www.europesays.com\/fr\/wp-json\/wp\/v2\/users\/2"}],"replies":[{"embeddable":true,"href":"https:\/\/www.europesays.com\/fr\/wp-json\/wp\/v2\/comments?post=476670"}],"version-history":[{"count":0,"href":"https:\/\/www.europesays.com\/fr\/wp-json\/wp\/v2\/posts\/476670\/revisions"}],"wp:featuredmedia":[{"embeddable":true,"href":"https:\/\/www.europesays.com\/fr\/wp-json\/wp\/v2\/media\/476671"}],"wp:attachment":[{"href":"https:\/\/www.europesays.com\/fr\/wp-json\/wp\/v2\/media?parent=476670"}],"wp:term":[{"taxonomy":"category","embeddable":true,"href":"https:\/\/www.europesays.com\/fr\/wp-json\/wp\/v2\/categories?post=476670"},{"taxonomy":"post_tag","embeddable":true,"href":"https:\/\/www.europesays.com\/fr\/wp-json\/wp\/v2\/tags?post=476670"}],"curies":[{"name":"wp","href":"https:\/\/api.w.org\/{rel}","templated":true}]}}