{"id":476674,"date":"2025-10-20T08:45:09","date_gmt":"2025-10-20T08:45:09","guid":{"rendered":"https:\/\/www.europesays.com\/fr\/476674\/"},"modified":"2025-10-20T08:45:09","modified_gmt":"2025-10-20T08:45:09","slug":"le-heavy-week-end-sort-lartillerie-lourde-avec-gojira-en-tete-daffiche","status":"publish","type":"post","link":"https:\/\/www.europesays.com\/fr\/476674\/","title":{"rendered":"le Heavy Week-End sort l\u2019artillerie lourde avec Gojira en t\u00eate d&rsquo;affiche"},"content":{"rendered":"<p>\u00c0 peine <a href=\"https:\/\/www.estrepublicain.fr\/culture-loisirs\/2025\/06\/09\/nos-plus-belles-photos-des-trois-jours-de-heavy-week-end-2025\" target=\"_blank\" rel=\"noopener\">referm\u00e9<\/a> le <a href=\"https:\/\/www.estrepublicain.fr\/culture-loisirs\/2025\/06\/08\/le-heavy-week-end-attire-35-000-spectateurs-et-prepare-deja-une-prevente-pour-son-edition-2026\" target=\"_blank\" rel=\"noopener\">chapitre 2025<\/a> , en juin dernier, que les dates du cru 2026 s\u2019affichaient sur les \u00e9crans g\u00e9ants de l\u2019amphith\u00e9\u00e2tre plein air du <a href=\"https:\/\/www.estrepublicain.fr\/p\/zenith-du-grand-nancy\" target=\"_blank\" rel=\"noopener\">Z\u00e9nith du Grand Nancy<\/a>. Rendez-vous les 5, 6 et 7\u00a0juin prochain.<\/p>\n<p>Mais qui allait-on voir\u00a0? Beaucoup esp\u00e9raient voir appara\u00eetre quelques noms. Il n\u2019en a rien \u00e9t\u00e9. Des pistes \u00e9taient explor\u00e9es et bien engag\u00e9es, mais rien de valid\u00e9. Du c\u00f4t\u00e9 du public, un groupe revenait avec insistance. Encore sous le coup de la c\u00e9r\u00e9monie d\u2019ouverture des Jeux Olympiques de Paris 2024, les fans r\u00e9clamaient Gojira.<\/p>\n<p>  Quatre milliards d\u2019\u00e9coutes<\/p>\n<p>Vrai que la performance du groupe fran\u00e7ais a marqu\u00e9 les esprits. Des m\u00e9talleux, mais aussi du grand public. Une tourn\u00e9e \u00e9tait annonc\u00e9e quelque mois plus tard\u2026 Mais rien dans le coin.<\/p>\n<p>Que les fans se rassurent, Joe Duplantier et sa bande feront bien escale au Nancy Open Air, \u00e0 l\u2019occasion du <a href=\"https:\/\/www.estrepublicain.fr\/culture-loisirs\/2025\/06\/08\/heavy-week-end-slipknot-pour-cloturer-trois-jours-de-fete\" target=\"_blank\" rel=\"noopener\">Heavy Week-End<\/a>. Le rendez-vous est fix\u00e9 au samedi 6\u00a0juin\u00a0! Ce sera, d\u2019ailleurs, leur unique concert en France en 2026.<\/p>\n<p>Pour que la f\u00eate soit totale, Mathieu Drouot et GDP ont sorti d\u2019autres cartes ma\u00eetresses de leur manche. \u00c0 commencer par <a href=\"https:\/\/www.estrepublicain.fr\/edition-de-verdun\/2019\/04\/13\/sabaton-ambassadeur-de-la-premiere-guerre-mondiale\" target=\"_blank\" rel=\"noopener\">Sabaton<\/a>. Les Su\u00e9dois, qui ont sorti leur onzi\u00e8me album \u00ab\u00a0Legends\u00a0\u00bb ce vendredi 17\u00a0octobre, ne sont pas les premiers venus. Ils comptabilisent plus de 4\u00a0milliards de streams rien que sur Spotify\u2026 Auxquels il faut ajouter les statistiques sur les autres plateformes et plus d\u2019un milliard et demi de vues sur Youtube.<\/p>\n<p>  De Verdun au Heavy Week-End<\/p>\n<p>Au passage, \u00e0 l\u2019occasion de la sortie de leur LP, P\u00e4r Sundstr\u00f6m, bassiste, leader et t\u00eate pensante du groupe, et Sabaton &#8211; venus \u00e0 Verdun en avril\u00a02019 pr\u00e9senter au monde leur opus \u00ab\u00a0Great War\u00a0\u00bb et le titre \u00ab\u00a0Fields of Verdun\u00a0\u00bb &#8211; ont sorti le clip du morceau \u00ab\u00a0L\u2019Emperor\u00a0\u00bb consacr\u00e9 \u00e0 Napol\u00e9on\u2026 Une le\u00e7on d\u2019histoire attendue vendredi 5\u00a0juin.<\/p>\n<p>Restait \u00e0 d\u00e9voiler la derni\u00e8re pointure\u2026 Ce sont les lascars d\u2019Electric Callboy qui ont mis tout le monde d\u2019accord. Ils seront sur sc\u00e8ne le dimanche 7\u00a0juin. En janvier dernier sortait leur single \u00ab\u00a0Elevator Operator\u00a0\u00bb. L\u2019album va suivre.<\/p>\n<p>Ce sera l\u2019occasion de retrouver le batteur de Sum 41, Frank Zummo, qui a rejoint, pour de bon, la formation \u00e0 l\u2019\u00e9t\u00e9 2025, apr\u00e8s un \u00ab\u00a0d\u00e9pannage\u00a0\u00bb, en d\u00e9cembre\u00a02024, \u00e0 l\u2019occasion d\u2019un concert au festival australien Good Things.<\/p>\n<p>Une vraie performance, le musicien ayant appris les morceaux d\u2019Electric Callboy en moins de 24 heures\u00a0! Et en clin d\u2019\u0153il, la reprise de \u00ab\u00a0Still Waiting\u00a0\u00bb, de Sum 41, d\u00e9boule r\u00e9guli\u00e8rement lors des concerts.<\/p>\n<p class=\"note\">Billetterie ouverte sur www.heavyweekend.live et nancyopenair.com.<\/p>\n","protected":false},"excerpt":{"rendered":"\u00c0 peine referm\u00e9 le chapitre 2025 , en juin dernier, que les dates du cru 2026 s\u2019affichaient sur&hellip;\n","protected":false},"author":2,"featured_media":476675,"comment_status":"","ping_status":"","sticky":false,"template":"","format":"standard","meta":{"footnotes":""},"categories":[9635],"tags":[1111,11,1687,3602,1707,1704,1706,1705,10174,1777,674,1011,27,775,3457,873,1702,1703,12,3456,25],"class_list":{"0":"post-476674","1":"post","2":"type-post","3":"status-publish","4":"format-standard","5":"has-post-thumbnail","7":"category-nancy","8":"tag-actu","9":"tag-actualites","10":"tag-culture-loisirs","11":"tag-edition-bar-le-duc","12":"tag-edition-luneville","13":"tag-edition-nancy-et-agglomeration","14":"tag-edition-pont-a-mousson","15":"tag-edition-toul","16":"tag-edition-verdun","17":"tag-eu","18":"tag-europe","19":"tag-fr","20":"tag-france","21":"tag-grand-est","22":"tag-meurthe-et-moselle","23":"tag-musique","24":"tag-nancy","25":"tag-nancy-ville-54b","26":"tag-news","27":"tag-region-lorraine","28":"tag-republique-francaise"},"share_on_mastodon":{"url":"https:\/\/pubeurope.com\/@fr\/115405621419036744","error":""},"_links":{"self":[{"href":"https:\/\/www.europesays.com\/fr\/wp-json\/wp\/v2\/posts\/476674","targetHints":{"allow":["GET"]}}],"collection":[{"href":"https:\/\/www.europesays.com\/fr\/wp-json\/wp\/v2\/posts"}],"about":[{"href":"https:\/\/www.europesays.com\/fr\/wp-json\/wp\/v2\/types\/post"}],"author":[{"embeddable":true,"href":"https:\/\/www.europesays.com\/fr\/wp-json\/wp\/v2\/users\/2"}],"replies":[{"embeddable":true,"href":"https:\/\/www.europesays.com\/fr\/wp-json\/wp\/v2\/comments?post=476674"}],"version-history":[{"count":0,"href":"https:\/\/www.europesays.com\/fr\/wp-json\/wp\/v2\/posts\/476674\/revisions"}],"wp:featuredmedia":[{"embeddable":true,"href":"https:\/\/www.europesays.com\/fr\/wp-json\/wp\/v2\/media\/476675"}],"wp:attachment":[{"href":"https:\/\/www.europesays.com\/fr\/wp-json\/wp\/v2\/media?parent=476674"}],"wp:term":[{"taxonomy":"category","embeddable":true,"href":"https:\/\/www.europesays.com\/fr\/wp-json\/wp\/v2\/categories?post=476674"},{"taxonomy":"post_tag","embeddable":true,"href":"https:\/\/www.europesays.com\/fr\/wp-json\/wp\/v2\/tags?post=476674"}],"curies":[{"name":"wp","href":"https:\/\/api.w.org\/{rel}","templated":true}]}}