{"id":476679,"date":"2025-10-20T08:48:20","date_gmt":"2025-10-20T08:48:20","guid":{"rendered":"https:\/\/www.europesays.com\/fr\/476679\/"},"modified":"2025-10-20T08:48:20","modified_gmt":"2025-10-20T08:48:20","slug":"incendies-volontaires-en-serie-adolescente-de-15-ans-encagoulee-blessee","status":"publish","type":"post","link":"https:\/\/www.europesays.com\/fr\/476679\/","title":{"rendered":"incendies volontaires en s\u00e9rie, adolescente de 15 ans encagoul\u00e9e bless\u00e9e"},"content":{"rendered":"<p>            Par<br \/>\n        <strong><br \/>\n            <a href=\"https:\/\/actu.fr\/auteur\/jm-aubert\" title=\"Consulter tous les articles de Jean-Marc Aubert\" rel=\"nofollow noopener\" target=\"_blank\">Jean-Marc Aubert<\/a><br \/>\n        <\/strong><\/p>\n<p>        Publi\u00e9 le<\/p>\n<p>            20 oct. 2025 \u00e0 9h38        <\/p>\n<p>Une adolescente de 15 ans a \u00e9t\u00e9 l\u00e9g\u00e8rement bless\u00e9e au visage le week-end dernier \u00e0 <strong>Lattes<\/strong>, au sud de Montpellier, lors de son interpellation, apr\u00e8s des <strong>feux volontaires en s\u00e9rie<\/strong>.<\/p>\n<p class=\" wall-content\">Entre 3h30 et 4h, dans la nuit de samedi 18 \u00e0 ce dimanche 19 octobre 2025, plusieurs d\u00e9parts de feux ont mobilis\u00e9 les sapeurs-pompiers du <strong>Sdis 34<\/strong> dans la ville de Lattes, avec notamment des containers remplis de d\u00e9chets qui \u00e9taient vis\u00e9s, mais d\u2019autres biens publics et priv\u00e9s \u00e9galement. Des incendies rapidement ma\u00eetris\u00e9.<\/p>\n<p>    <a href=\"https:\/\/www.google.com\/maps\/embed?pb=!1m18!1m12!1m3!1d5120.912103755632!2d3.9034294030814816!3d43.5718875755236!2m3!1f0!2f0!3f0!3m2!1i1024!2i768!4f13.1!3m3!1m2!1s0x12b6afcb353f408b%3A0x6fe33a84e3d61a1d!2sPolice%20Municipale%20de%20Lattes!5e0!3m2!1sfr!2sfr!4v1760945768260!5m2!1sfr!2sfr\" title=\"Ouvrie le lien\" rel=\"nofollow noopener\" target=\"_blank\">Cliquez ici pour visualiser le contenu<\/a><\/p>\n<p>Vid\u00e9o-protection<\/p>\n<p class=\" wall-content\">Les policiers municipaux et nationaux ont rapidement soup\u00e7onn\u00e9 quatre jeunes, dont au moins deux filles, gr\u00e2ce \u00e0 des t\u00e9moignages et \u00e0 l\u2019exploitation des cam\u00e9ras de <strong>vid\u00e9o-protection<\/strong> de la Ville de Lattes. Un quatuor en goguette rep\u00e9r\u00e9 \u00e0 la vue des policiers de la DIPN 34, dont un \u00e9quipage de la brigade anticriminalit\u00e9 -Bac- de Montpellier.<\/p>\n<p class=\" wall-content\">Une suspecte, une adolescente \u00e2g\u00e9e de 15 ans \u00e9tait encagoul\u00e9e lorsqu\u2019elle a \u00e9t\u00e9 interpell\u00e9e, alors qu\u2019elle tentait de s\u2019enfuir pour \u00e9chapper aux policiers. Une arrestation mouvement\u00e9e : <strong>l\u00e9g\u00e8rement bless\u00e9e au visage<\/strong>, la mineure a \u00e9t\u00e9 amen\u00e9e aux urgences de l\u2019h\u00f4pital Lapeyronie par des policiers de la DIPN 34, o\u00f9 elle a re\u00e7u des soins, avant d\u2019\u00eatre ramen\u00e9e \u00e0 l\u2019h\u00f4tel de police. L\u2019enqu\u00eate se poursuit.<\/p>\n<p class=\" wall-content\">Personnalisez votre actualit\u00e9 en ajoutant vos villes et m\u00e9dias en favori avec <a href=\"https:\/\/moncompte.actu.fr\" title=\"D\u00e9couvez Mon Actu\" rel=\"nofollow noopener\" data-trk=\"{&quot;cta&quot;:{&quot;action&quot;:&quot;https:\\\/\\\/moncompte.actu.fr&quot;,&quot;category&quot;:&quot;mon compte&quot;,&quot;from&quot;:&quot;article footer&quot;,&quot;name&quot;:&quot;Mon actu&quot;,&quot;type&quot;:&quot;cta&quot;}}\" target=\"_blank\">Mon Actu<\/a>.<\/p>\n","protected":false},"excerpt":{"rendered":"Par Jean-Marc Aubert Publi\u00e9 le 20 oct. 2025 \u00e0 9h38 Une adolescente de 15 ans a \u00e9t\u00e9 l\u00e9g\u00e8rement&hellip;\n","protected":false},"author":2,"featured_media":476680,"comment_status":"","ping_status":"","sticky":false,"template":"","format":"standard","meta":{"footnotes":""},"categories":[9599],"tags":[1111,11,1777,674,118,1011,27,1310,2208,12,2680,1072,1311,25],"class_list":{"0":"post-476679","1":"post","2":"type-post","3":"status-publish","4":"format-standard","5":"has-post-thumbnail","7":"category-montpellier","8":"tag-actu","9":"tag-actualites","10":"tag-eu","11":"tag-europe","12":"tag-faits-divers","13":"tag-fr","14":"tag-france","15":"tag-incendie","16":"tag-montpellier","17":"tag-news","18":"tag-occitanie","19":"tag-police","20":"tag-pompiers","21":"tag-republique-francaise"},"share_on_mastodon":{"url":"https:\/\/pubeurope.com\/@fr\/115405632509239640","error":""},"_links":{"self":[{"href":"https:\/\/www.europesays.com\/fr\/wp-json\/wp\/v2\/posts\/476679","targetHints":{"allow":["GET"]}}],"collection":[{"href":"https:\/\/www.europesays.com\/fr\/wp-json\/wp\/v2\/posts"}],"about":[{"href":"https:\/\/www.europesays.com\/fr\/wp-json\/wp\/v2\/types\/post"}],"author":[{"embeddable":true,"href":"https:\/\/www.europesays.com\/fr\/wp-json\/wp\/v2\/users\/2"}],"replies":[{"embeddable":true,"href":"https:\/\/www.europesays.com\/fr\/wp-json\/wp\/v2\/comments?post=476679"}],"version-history":[{"count":0,"href":"https:\/\/www.europesays.com\/fr\/wp-json\/wp\/v2\/posts\/476679\/revisions"}],"wp:featuredmedia":[{"embeddable":true,"href":"https:\/\/www.europesays.com\/fr\/wp-json\/wp\/v2\/media\/476680"}],"wp:attachment":[{"href":"https:\/\/www.europesays.com\/fr\/wp-json\/wp\/v2\/media?parent=476679"}],"wp:term":[{"taxonomy":"category","embeddable":true,"href":"https:\/\/www.europesays.com\/fr\/wp-json\/wp\/v2\/categories?post=476679"},{"taxonomy":"post_tag","embeddable":true,"href":"https:\/\/www.europesays.com\/fr\/wp-json\/wp\/v2\/tags?post=476679"}],"curies":[{"name":"wp","href":"https:\/\/api.w.org\/{rel}","templated":true}]}}