{"id":47668,"date":"2025-04-23T22:29:12","date_gmt":"2025-04-23T22:29:12","guid":{"rendered":"https:\/\/www.europesays.com\/fr\/47668\/"},"modified":"2025-04-23T22:29:12","modified_gmt":"2025-04-23T22:29:12","slug":"des-repas-jetes-une-table-cassee-et-des-barricades","status":"publish","type":"post","link":"https:\/\/www.europesays.com\/fr\/47668\/","title":{"rendered":"des repas jet\u00e9s, une table cass\u00e9e et des barricades"},"content":{"rendered":"<p itemprop=\"description\"><strong>Dimanche soir, dix-huit retenus du centre de r\u00e9tention administrative de Lyon-Saint-Exup\u00e9ry ont protest\u00e9 violemment contre leur d\u00eener, jetant leur nourriture et d\u00e9gradant le mobilier.<\/strong><\/p>\n<p>C\u2019est une sc\u00e8ne de tension qui s\u2019est \u00e0 nouveau jou\u00e9e au centre de r\u00e9tention administrative (CRA) n\u00b02 de Lyon, situ\u00e9 \u00e0 Colombier-Saugnieu, pr\u00e8s de l\u2019a\u00e9roport. Selon les informations de BFM, dix-huit retenus se sont r\u00e9volt\u00e9s dimanche 21 avril en fin de journ\u00e9e, pour <a href=\"https:\/\/www.lyonmag.com\/article\/143366\/centre-de-retention-de-lyon-la-nourriture-ne-leur-convient-pas-des-retenus-algeriens-provoquent-une-emeute\" target=\"_blank\" rel=\"noopener\">des motifs similaires \u00e0 ceux du lundi pr\u00e9c\u00e9dent<\/a> : le contenu de leur plateau-repas.<\/p>\n<p>M\u00e9contents du d\u00eener servi, les retenus ont lanc\u00e9 leur nourriture contre les vitres du r\u00e9fectoire. L\u2019intervention des agents de la police aux fronti\u00e8res (PAF), mobilis\u00e9s pour les repousser vers leur zone de vie, a donn\u00e9 lieu \u00e0 de nouvelles tensions.<\/p>\n<p>Les retenus ont jet\u00e9 divers objets, vers\u00e9 de l\u2019eau savonneuse au sol \u2013 rendant la progression des policiers plus difficile \u2013 et tent\u00e9 d\u2019emp\u00eacher la fermeture d\u2019une porte menant \u00e0 une cour int\u00e9rieure.<\/p>\n<p>Une table a \u00e9t\u00e9 d\u00e9grad\u00e9e et les individus se sont barricad\u00e9s avant qu\u2019une nouvelle intervention polici\u00e8re ne mette fin aux troubles. Le calme est finalement revenu dans la soir\u00e9e.<\/p>\n","protected":false},"excerpt":{"rendered":"Dimanche soir, dix-huit retenus du centre de r\u00e9tention administrative de Lyon-Saint-Exup\u00e9ry ont protest\u00e9 violemment contre leur d\u00eener, jetant&hellip;\n","protected":false},"author":2,"featured_media":47669,"comment_status":"","ping_status":"","sticky":false,"template":"","format":"standard","meta":{"footnotes":""},"categories":[1889],"tags":[1111,11,2813,2190,2430,1109,251,1112,2811,1777,674,118,1011,27,1922,1110,1114,2428,2810,12,241,316,25,2812,517,800],"class_list":{"0":"post-47668","1":"post","2":"type-post","3":"status-publish","4":"format-standard","5":"has-post-thumbnail","7":"category-lyon","8":"tag-actu","9":"tag-actualites","10":"tag-article","11":"tag-asvel","12":"tag-auvergne-rhone-alpes","13":"tag-breves","14":"tag-culture","15":"tag-depeches","16":"tag-economique","17":"tag-eu","18":"tag-europe","19":"tag-faits-divers","20":"tag-fr","21":"tag-france","22":"tag-info","23":"tag-informations","24":"tag-infos","25":"tag-lyon","26":"tag-lyonmag","27":"tag-news","28":"tag-ol","29":"tag-politique","30":"tag-republique-francaise","31":"tag-sociale","32":"tag-sport","33":"tag-transports"},"share_on_mastodon":{"url":"https:\/\/pubeurope.com\/@fr\/114389645078804614","error":""},"_links":{"self":[{"href":"https:\/\/www.europesays.com\/fr\/wp-json\/wp\/v2\/posts\/47668","targetHints":{"allow":["GET"]}}],"collection":[{"href":"https:\/\/www.europesays.com\/fr\/wp-json\/wp\/v2\/posts"}],"about":[{"href":"https:\/\/www.europesays.com\/fr\/wp-json\/wp\/v2\/types\/post"}],"author":[{"embeddable":true,"href":"https:\/\/www.europesays.com\/fr\/wp-json\/wp\/v2\/users\/2"}],"replies":[{"embeddable":true,"href":"https:\/\/www.europesays.com\/fr\/wp-json\/wp\/v2\/comments?post=47668"}],"version-history":[{"count":0,"href":"https:\/\/www.europesays.com\/fr\/wp-json\/wp\/v2\/posts\/47668\/revisions"}],"wp:featuredmedia":[{"embeddable":true,"href":"https:\/\/www.europesays.com\/fr\/wp-json\/wp\/v2\/media\/47669"}],"wp:attachment":[{"href":"https:\/\/www.europesays.com\/fr\/wp-json\/wp\/v2\/media?parent=47668"}],"wp:term":[{"taxonomy":"category","embeddable":true,"href":"https:\/\/www.europesays.com\/fr\/wp-json\/wp\/v2\/categories?post=47668"},{"taxonomy":"post_tag","embeddable":true,"href":"https:\/\/www.europesays.com\/fr\/wp-json\/wp\/v2\/tags?post=47668"}],"curies":[{"name":"wp","href":"https:\/\/api.w.org\/{rel}","templated":true}]}}