{"id":476681,"date":"2025-10-20T08:49:11","date_gmt":"2025-10-20T08:49:11","guid":{"rendered":"https:\/\/www.europesays.com\/fr\/476681\/"},"modified":"2025-10-20T08:49:11","modified_gmt":"2025-10-20T08:49:11","slug":"montpellier-en-route-vers-leurope-sete-en-pleine-reconstruction","status":"publish","type":"post","link":"https:\/\/www.europesays.com\/fr\/476681\/","title":{"rendered":"Montpellier en route vers l\u2019Europe, S\u00e8te en pleine reconstruction"},"content":{"rendered":"\n<p>Un trou d\u2019air. Les Bleus ont travers\u00e9 le Mondial aux Philippines comme une m\u00e9t\u00e9ore. Habitu\u00e9s \u00e0 la haute altitude et aux parcours au long cours, les doubles champions olympiques ont \u00e9court\u00e9 leur s\u00e9jour en Asie. Les Montpelli\u00e9rains Nicolas Le Goff et Quentin Jouffroy ont rejoint tr\u00e8s vite leurs partenaires de club sur les hauts de Castelnau et ont pris part \u00e0 la pr\u00e9paration d\u2019une saison qui d\u00e9bute le mardi 21 octobre face \u00e0 Cannes.<\/p>\n<p>Les clubs engag\u00e9s en Coupe d\u2019Europe peuvent-ils prendre le relais de l\u2019\u00e9quipe de France, effacer la d\u00e9faillance des Bleus et montrer la vitalit\u00e9 du volley fran\u00e7ais\u00a0? Tours, plus grand club fran\u00e7ais du moment, et Montpellier porteront ce challenge sur leurs \u00e9paules tout au long d\u2019une saison \u00e0 l\u2019allure d\u2019un marathon.<\/p>\n<p>Pour la seconde fois de son histoire, le MHSC-Volley, plac\u00e9 sous le contr\u00f4le de la famille Nicollin depuis 2021, s\u2019appr\u00eate \u00e0 participer \u00e0 l\u2019\u00e9preuve continentale. Il va croiser ce qu\u2019il se fait de mieux sur la sc\u00e8ne europ\u00e9enne en affrontant <br \/>un club polonais : Projekt Varsovie, un club italien <br \/>de la r\u00e9gion des Marches\u00a0: Civitanova et le club belge de Louvain. Son pr\u00e9sident Jean-Charles Caylar vise une place en quarts de finale, \u00e0 savoir l\u2019une des deux premi\u00e8res places d\u2019une poule relev\u00e9e.<\/p>\n<p>L\u2019homme, qui porte le club depuis 2011, attend par ailleurs beaucoup mieux sur la sc\u00e8ne hexagonale. L\u2019an pass\u00e9, l\u2019\u00e9quipe dirig\u00e9e par Lo\u00efc Le Marrec a laiss\u00e9 un s\u00e9rieux go\u00fbt d\u2019inachev\u00e9. Apr\u00e8s avoir r\u00e9ussi son approche des sommets, avec une premi\u00e8re place au bout de la saison r\u00e9guli\u00e8re, elle a cal\u00e9 sur les pentes raides du play-off. Elle a chut\u00e9 en demi-finale dans le combat des chefs face \u00e0 Tours, futur champion de France, mais aussi en finale de la Coupe de France face \u00e0 Tourcoing.<\/p>\n<p>Montpellier n\u2019a pas tout chamboul\u00e9 pour autant. Au cours de l\u2019\u00e9t\u00e9, il a \u00e9largi son effectif pour d\u00e9fier Tours et tenir son rang en Coupe d\u2019Europe. Dans un premier temps, il a reconduit les contrats de ses leaders : Le Goff, Palacios&#8230;, puis densifi\u00e9 son banc, avec par exemple le dernier renfort du central canadien Jordan Schnitzer.<\/p>\n<p> \u00ab On a atteint cet objectif \u00bb\n              <\/p>\n<p>\u00ab La premi\u00e8re \u00e9tape du projet \u00e9tait de faire en sorte que le MHSC VB soit un club reconnu et respect\u00e9 dans le volley-ball national. On a atteint cet objectif. La deuxi\u00e8me \u00e9tape est de franchir les fronti\u00e8res pour que le club soit reconnu au niveau europ\u00e9en. Cela demande d\u2019autres moyens et du temps. L\u2019id\u00e9e est de s\u2019appuyer sur des joueurs cadres, on a donc voulu prolonger ces gar\u00e7ons qui s\u2019inscrivent dans le projet. C\u2019est avec eux qu\u2019on y arrivera \u00bb, expliquait r\u00e9cemment le pr\u00e9sident Jean-Charles Caylar.<\/p>\n<p>Champion de France en 2022, apr\u00e8s une disette d\u2019un demi-si\u00e8cle, Montpellier veut aller plus loin et prendre le relais de certains clubs dans le creux de la vague, comme le Montpellier H\u00e9rault tomb\u00e9 en Ligue\u00a02, ou Montpellier rugby, absent de la phase finale depuis trois ans. Longtemps parent pauvre du sport collectif de la M\u00e9tropole, il creuse le sillon de sa renomm\u00e9e nouvelle.<\/p>\n<p>Afficher son ambition, c\u2019est une belle audace, mais cela peut \u00eatre aussi casse-gueule. L\u2019Arago S\u00e8te a pay\u00e9 la saison pass\u00e9e pour le savoir et \u00e9viter de tomber dans le m\u00eame pi\u00e8ge. La t\u00eate de gondole du sport s\u00e9tois a v\u00e9cu une saison cauchemardesque. Pas de play-off, saison boucl\u00e9e \u00e0 la 10e\u00a0place loin de l\u2019objectif du quatuor de t\u00eate, changement d\u2019entra\u00eeneur et remplacement de Luc Marquet, ic\u00f4ne s\u00e9toise, et air de d\u00e9j\u00e0 vu.<\/p>\n<p>L\u2019Arago se cherche un apr\u00e8s-Duflos. Ou plut\u00f4t un successeur au manager Patrick Duflos. L\u2019ancien passeur international (59\u00a0ans) a r\u00e9ussi ses trois passages (2004-07, 2009-16, 2019-22) \u00e0 la t\u00eate de l\u2019\u00e9quipe s\u00e9toise. Et, dans les intervalles, personne n\u2019a fait mieux que l\u2019actuel entra\u00eeneur toulousain.<\/p>\n<p>L\u2019Arago S\u00e8te a renouvel\u00e9 son effectif, confi\u00e9 l\u2019\u00e9quipe \u00e0 un entra\u00eeneur italien : Fulvio Bertini et r\u00e9appris l\u2019humilit\u00e9 pour repartir de l\u2019avant. Pour relancer la machine, il attend surtout la fin des travaux de la Halle du Barrou, esp\u00e9r\u00e9e pour fin d\u00e9cembre. Contrainte de jouer dans la salle Vi\u00e9, d\u2019un autre temps, de s\u2019exiler \u00e0 B\u00e9ziers ou ailleurs, l\u2019\u00e9quipe s\u00e9toise n\u2019a jamais pu s\u2019appuyer sur son chaudron. Aujourd\u2019hui, elle esp\u00e8re pour le moins \u00e9chapper \u00e0 un nouveau trou d\u2019air.<\/p>\n","protected":false},"excerpt":{"rendered":"Un trou d\u2019air. Les Bleus ont travers\u00e9 le Mondial aux Philippines comme une m\u00e9t\u00e9ore. Habitu\u00e9s \u00e0 la haute&hellip;\n","protected":false},"author":2,"featured_media":476682,"comment_status":"","ping_status":"","sticky":false,"template":"","format":"standard","meta":{"footnotes":""},"categories":[9599],"tags":[1111,11,1777,674,1011,27,463,2208,12,2680,25],"class_list":{"0":"post-476681","1":"post","2":"type-post","3":"status-publish","4":"format-standard","5":"has-post-thumbnail","7":"category-montpellier","8":"tag-actu","9":"tag-actualites","10":"tag-eu","11":"tag-europe","12":"tag-fr","13":"tag-france","14":"tag-mhsc","15":"tag-montpellier","16":"tag-news","17":"tag-occitanie","18":"tag-republique-francaise"},"share_on_mastodon":{"url":"","error":""},"_links":{"self":[{"href":"https:\/\/www.europesays.com\/fr\/wp-json\/wp\/v2\/posts\/476681","targetHints":{"allow":["GET"]}}],"collection":[{"href":"https:\/\/www.europesays.com\/fr\/wp-json\/wp\/v2\/posts"}],"about":[{"href":"https:\/\/www.europesays.com\/fr\/wp-json\/wp\/v2\/types\/post"}],"author":[{"embeddable":true,"href":"https:\/\/www.europesays.com\/fr\/wp-json\/wp\/v2\/users\/2"}],"replies":[{"embeddable":true,"href":"https:\/\/www.europesays.com\/fr\/wp-json\/wp\/v2\/comments?post=476681"}],"version-history":[{"count":0,"href":"https:\/\/www.europesays.com\/fr\/wp-json\/wp\/v2\/posts\/476681\/revisions"}],"wp:featuredmedia":[{"embeddable":true,"href":"https:\/\/www.europesays.com\/fr\/wp-json\/wp\/v2\/media\/476682"}],"wp:attachment":[{"href":"https:\/\/www.europesays.com\/fr\/wp-json\/wp\/v2\/media?parent=476681"}],"wp:term":[{"taxonomy":"category","embeddable":true,"href":"https:\/\/www.europesays.com\/fr\/wp-json\/wp\/v2\/categories?post=476681"},{"taxonomy":"post_tag","embeddable":true,"href":"https:\/\/www.europesays.com\/fr\/wp-json\/wp\/v2\/tags?post=476681"}],"curies":[{"name":"wp","href":"https:\/\/api.w.org\/{rel}","templated":true}]}}