{"id":476685,"date":"2025-10-20T08:51:19","date_gmt":"2025-10-20T08:51:19","guid":{"rendered":"https:\/\/www.europesays.com\/fr\/476685\/"},"modified":"2025-10-20T08:51:19","modified_gmt":"2025-10-20T08:51:19","slug":"rouen-la-marche-des-normands-un-evenement-patriotique-attaque-par-lextreme-gauche","status":"publish","type":"post","link":"https:\/\/www.europesays.com\/fr\/476685\/","title":{"rendered":"Rouen : la \u00ab Marche des Normands \u00bb, un \u00e9v\u00e8nement patriotique attaqu\u00e9 par l&rsquo;extr\u00eame gauche"},"content":{"rendered":"<p>                                            Soci\u00e9t\u00e9\n                                                                            <\/p>\n<p>\n                                            Sous haute surveillance, la \u00ab Marche des Normands \u00bb s\u2019est tenue le samedi 18 octobre \u00e0 Rouen malgr\u00e9 les appels \u00e0 l\u2019interdiction. Organis\u00e9e par un collectif identitaire revendiquant la d\u00e9fense de \u00ab l\u2019\u00e2me normande \u00bb, elle a suscit\u00e9 une vive opposition de la gauche radicale qui est descendue dans la rue pour d\u00e9noncer une r\u00e9cup\u00e9ration nationaliste.                                        <\/p>\n<p>                                                Publi\u00e9 le 20 octobre 2025 \u00e0 10h27                                                                                            <\/p>\n<p>                                            <img loading=\"lazy\" width=\"1024\" height=\"683\" src=\"https:\/\/www.europesays.com\/fr\/wp-content\/uploads\/2025\/10\/Drapeau_normand_aux_deux_leopards_DSC03931-1-1.jpg\" class=\"attachment-post-thumbnail size-post-thumbnail wp-post-image\" alt=\"La \u00ab Marche des Normands \u00bb a rassembl\u00e9 plusieurs centaines de participants dans les rues de Rouen \u00a9Wikimedia Commons\" decoding=\"async\"  \/><\/p>\n<p>                                            La \u00ab Marche des Normands \u00bb a rassembl\u00e9 plusieurs centaines de participants dans les rues de Rouen \u00a9Wikimedia Commons<\/p>\n<p>La manifestation de la \u00ab Marche des Normands \u00bb, lanc\u00e9e \u00e0 18 h le samedi 18 octobre depuis le Donjon de Rouen (Normandie), a finalement \u00e9t\u00e9 autoris\u00e9e par la pr\u00e9fecture de Seine-Maritime malgr\u00e9 plusieurs demandes d\u2019interdiction. Le maire de Rouen, <a href=\"https:\/\/www.valeursactuelles.com\/politique\/congres-du-ps-olivier-faure-et-nicolas-mayer-rossignol-au-coude-a-coude-au-1er-tour-boris-vallaud-elimine\" target=\"_blank\" rel=\"noopener nofollow\">Nicolas Mayer-Rossignol <\/a>et l\u2019\u00e9lu \u00e9cologiste Jean-Michel B\u00e9r\u00e9govoy avaient saisi le pr\u00e9fet apr\u00e8s plusieurs incidents impliquant <a href=\"https:\/\/www.valeursactuelles.com\/clubvaleurs\/faits-divers\/albi-trois-antifas-juges-pour-lagression-de-deux-militants-identitaires\" target=\"_blank\" rel=\"noopener nofollow\">des militants<\/a>. \u00ab Ce sont des militants violents qui provoquent des rixes \u00bb, a expliqu\u00e9 le maire dans une vid\u00e9o publi\u00e9e sur X. \u00ab Ils cherchent \u00e0 falsifier une vision de l\u2019identit\u00e9 normande\u2026 L\u2019histoire de la Normandie n\u2019appartient pas \u00e0 ces racistes \u00bb.<\/p>\n<p><a href=\"https:\/\/www.valeursactuelles.com\/monde\/royaume-uni-la-cathedrale-de-canterbury-profanee-et-saccagee-par-une-exposition-dart-moderne-dextreme-gauche\" class=\"h-flex h-align-items-center h-border-tb h-ptb-15\" rel=\"nofollow noopener\" target=\"_blank\">A\u00a0LIRE\u00a0Royaume-Uni : la cath\u00e9drale de Canterbury profan\u00e9e et saccag\u00e9e par une exposition d\u2019art moderne d\u2019extr\u00eame gauche<\/a><\/p>\n<blockquote class=\"twitter-tweet\">\n<p dir=\"ltr\" lang=\"fr\">\u00abMarche des Normands\u00bb: face aux militants d\u2019extr\u00eame droite, racistes et violents, qui falsifient l\u2019Histoire et instrumentalisent le Patrimoine, face \u00e0 la bollorisation des esprits, nous d\u00e9fendrons inlassablement la R\u00e9publique fraternelle. <a href=\"https:\/\/twitter.com\/Rouen?ref_src=twsrc%5Etfw\" rel=\"nofollow noopener\" target=\"_blank\">@Rouen<\/a> ne sera jamais une ville de haine. <a href=\"https:\/\/t.co\/AXx1DywpU6\" rel=\"nofollow\">pic.twitter.com\/AXx1DywpU6<\/a><\/p>\n<p>\u2014 Nicolas Mayer-Rossignol (@NicolasMayerNMR) <a href=\"https:\/\/twitter.com\/NicolasMayerNMR\/status\/1979201738688135431?ref_src=twsrc%5Etfw\" rel=\"nofollow noopener\" target=\"_blank\">October 17, 2025<\/a><\/p>\n<\/blockquote>\n<p>De son c\u00f4t\u00e9, la pr\u00e9fecture a justifi\u00e9 sa d\u00e9cision en rappelant qu\u2019\u00ab il n\u2019y a pas d\u2019\u00e9l\u00e9ments qui justifieraient une telle mesure \u00bb d\u2019interdiction, soulignant que la libert\u00e9 de manifester restait \u00ab un principe constitutionnel \u00bb, rapporte <a href=\"https:\/\/www.paris-normandie.fr\/id667492\/article\/2025-10-18\/rouen-la-marche-des-normands-est-finalement-autorisee-ce-samedi-apres-midi\" target=\"_blank\" rel=\"nofollow noopener\">Paris-Normandie<\/a>. En 2023, la marche avait \u00e9t\u00e9 interdite, mais elle avait pu se tenir en 2024 sans incident. Cette ann\u00e9e, une dizaine de cars de CRS et des gendarmes mobiles ont \u00e9t\u00e9 d\u00e9ploy\u00e9s pour encadrer l\u2019\u00e9v\u00e9nement.<\/p>\n<p>                    <img decoding=\"async\" src=\"https:\/\/www.europesays.com\/fr\/wp-content\/uploads\/2025\/10\/1760950279_593_maxresdefault.jpg\" alt=\"Vid\u00e9o YouTube\" style=\"width: 100%; height: auto; display: block;\"\/><\/p>\n<p>                        Chargement\u2026                    <\/p>\n<p><a href=\"https:\/\/www.valeursactuelles.com\/regions\/bretagne\/ille-et-vilaine\/na\/societe\/ille-et-vilaine-sous-la-vindicte-de-lextreme-gauche-le-banquet-du-canon-francais-contraint-a-capituler\" class=\"h-flex h-align-items-center h-border-tb h-ptb-15\" rel=\"nofollow noopener\" target=\"_blank\">A\u00a0LIRE\u00a0Ille-et-Vilaine : sous la vindicte de l\u2019extr\u00eame gauche, le banquet du Canon fran\u00e7ais contraint \u00e0 capituler<\/a>\u00ab D\u00e9fendre et c\u00e9l\u00e9brer l\u2019\u00e2me normande \u00bb<\/p>\n<p>Organis\u00e9e par le collectif identitaire \u00ab Les Normaux \u00bb, la marche a rassembl\u00e9 environ 220 participants selon la pr\u00e9fecture. Pour les organisateurs, la \u00ab Marche des Normands \u00bb n\u2019avait rien d\u2019un rassemblement politique, mais se voulait avant tout une c\u00e9l\u00e9bration de l\u2019identit\u00e9 r\u00e9gionale. Ils affirment vouloir \u00ab d\u00e9fendre et c\u00e9l\u00e9brer l\u2019\u00e2me normande, libre, enracin\u00e9e et vivante \u00bb, pr\u00e9cisent-ils \u00e0 <a href=\"https:\/\/france3-regions.franceinfo.fr\/normandie\/seine-maritime\/rouen\/la-marche-des-normands-defile-dans-les-rues-de-rouen-une-contre-manifestation-organisee-3235781.html\" target=\"_blank\" rel=\"nofollow noopener\">France 3 R\u00e9gions<\/a>. Le collectif Les Normaux d\u00e9nonce \u00ab une chasse aux sorci\u00e8res \u00bb men\u00e9e, selon lui, par \u00ab des chercheurs-militants d\u2019extr\u00eame gauche \u00bb et rejette les accusations d\u2019extr\u00e9misme. Pr\u00e9sent\u00e9e comme un hommage \u00e0 l\u2019histoire et \u00e0 la culture normande, la marche s\u2019est finalement d\u00e9roul\u00e9e dans le calme.<\/p>\n<p>Une contre-manifestation encadr\u00e9e<\/p>\n<p>Le cort\u00e8ge a d\u00e9fil\u00e9 dans le centre-ville, notamment le long de la rue Jeanne-d\u2019Arc, un itin\u00e9raire symbolique passant devant l\u2019ancien si\u00e8ge de la Gestapo et \u00e0 proximit\u00e9 d\u2019une urne contenant les cendres de d\u00e9port\u00e9s. En parall\u00e8le, une contre-manifestation a r\u00e9uni entre 350 et 400 personnes selon France 3 Normandie. Les participants, parmi lesquels des syndicats, des partis de gauche radicale et des collectifs antifascistes, ont scand\u00e9 \u00ab Fascistes, hors de nos rues \u00bb, rapporte notre confr\u00e8re. Les forces de l\u2019ordre ont rapidement bloqu\u00e9 leur progression pour \u00e9viter tout contact avec le cort\u00e8ge identitaire.<\/p>\n<p>                                                                    <script async src=\"https:\/\/platform.twitter.com\/widgets.js\" charset=\"utf-8\"><\/script><\/p>\n","protected":false},"excerpt":{"rendered":"Soci\u00e9t\u00e9 Sous haute surveillance, la \u00ab Marche des Normands \u00bb s\u2019est tenue le samedi 18 octobre \u00e0 Rouen&hellip;\n","protected":false},"author":2,"featured_media":476686,"comment_status":"","ping_status":"","sticky":false,"template":"","format":"standard","meta":{"footnotes":""},"categories":[9587],"tags":[1111,11,1777,674,9384,1011,27,937,2088,12,5161,25,9590],"class_list":{"0":"post-476685","1":"post","2":"type-post","3":"status-publish","4":"format-standard","5":"has-post-thumbnail","7":"category-rouen","8":"tag-actu","9":"tag-actualites","10":"tag-eu","11":"tag-europe","12":"tag-extreme-gauche","13":"tag-fr","14":"tag-france","15":"tag-histoire","16":"tag-manifestation","17":"tag-news","18":"tag-normandie","19":"tag-republique-francaise","20":"tag-rouen"},"share_on_mastodon":{"url":"https:\/\/pubeurope.com\/@fr\/115405644936643626","error":""},"_links":{"self":[{"href":"https:\/\/www.europesays.com\/fr\/wp-json\/wp\/v2\/posts\/476685","targetHints":{"allow":["GET"]}}],"collection":[{"href":"https:\/\/www.europesays.com\/fr\/wp-json\/wp\/v2\/posts"}],"about":[{"href":"https:\/\/www.europesays.com\/fr\/wp-json\/wp\/v2\/types\/post"}],"author":[{"embeddable":true,"href":"https:\/\/www.europesays.com\/fr\/wp-json\/wp\/v2\/users\/2"}],"replies":[{"embeddable":true,"href":"https:\/\/www.europesays.com\/fr\/wp-json\/wp\/v2\/comments?post=476685"}],"version-history":[{"count":0,"href":"https:\/\/www.europesays.com\/fr\/wp-json\/wp\/v2\/posts\/476685\/revisions"}],"wp:featuredmedia":[{"embeddable":true,"href":"https:\/\/www.europesays.com\/fr\/wp-json\/wp\/v2\/media\/476686"}],"wp:attachment":[{"href":"https:\/\/www.europesays.com\/fr\/wp-json\/wp\/v2\/media?parent=476685"}],"wp:term":[{"taxonomy":"category","embeddable":true,"href":"https:\/\/www.europesays.com\/fr\/wp-json\/wp\/v2\/categories?post=476685"},{"taxonomy":"post_tag","embeddable":true,"href":"https:\/\/www.europesays.com\/fr\/wp-json\/wp\/v2\/tags?post=476685"}],"curies":[{"name":"wp","href":"https:\/\/api.w.org\/{rel}","templated":true}]}}