{"id":476687,"date":"2025-10-20T08:54:11","date_gmt":"2025-10-20T08:54:11","guid":{"rendered":"https:\/\/www.europesays.com\/fr\/476687\/"},"modified":"2025-10-20T08:54:11","modified_gmt":"2025-10-20T08:54:11","slug":"grenoble-une-jeune-femme-poignardee-mortellement-linfo-re","status":"publish","type":"post","link":"https:\/\/www.europesays.com\/fr\/476687\/","title":{"rendered":"Grenoble : une jeune femme poignard\u00e9e mortellement &#8211; LINFO.re"},"content":{"rendered":"<p>Ce samedi 18 octobre 2025, vers 20h30, une femme de 24 ans a succomb\u00e9 apr\u00e8s une agression \u00e0 l\u2019arme blanche en Is\u00e8re. Elle pr\u00e9sentait de graves blessures au niveau du thorax.<\/p>\n<p style=\"text-align: justify;\">Les \u00e9quipes de secours, incluant les sapeurs-pompiers et le Samu 38, n\u2019ont malheureusement pas pu la sauver.\u00a0<\/p>\n<p><strong>Une voisine plac\u00e9e en garde \u00e0 vue<\/strong><\/p>\n<p style=\"text-align: justify;\">Selon le procureur adjoint de <strong><a href=\"https:\/\/www.linfo.re\/france\/faits-divers\/grenoble-la-disparition-d-une-mere-de-famille-elucidee-36-ans-apres\" target=\"_blank\" rel=\"nofollow noopener\">Grenoble<\/a>,<\/strong> Fran\u00e7ois Touret de Coucy, une jeune femme de 20 ans, voisine de la victime, a \u00e9t\u00e9 appr\u00e9hend\u00e9e peu apr\u00e8s les faits. Une <a href=\"https:\/\/www.linfo.re\/tags\/agression-a-l-arme-blanche\" target=\"_blank\" rel=\"nofollow noopener\"><strong>arme blanche<\/strong><\/a> ensanglant\u00e9e a \u00e9t\u00e9 rep\u00e9r\u00e9e dans la cuisine de l\u2019appartement situ\u00e9 rue Danton, dans le quartier Chorier-Berriat.<\/p>\n<p style=\"text-align: justify;\">D\u2019apr\u00e8s les premi\u00e8res constatations, la suspecte n\u2019avait pas encore livr\u00e9 d\u2019explications. La m\u00e8re de la victime, t\u00e9moin de la sc\u00e8ne, \u00e9tait trop boulevers\u00e9e pour \u00eatre interrog\u00e9e.<\/p>\n<p><strong>Des ant\u00e9c\u00e9dents \u00e9voqu\u00e9s<\/strong><\/p>\n<p style=\"text-align: justify;\">Selon\u00a0Le Dauphin\u00e9 Lib\u00e9r\u00e9 et ICI Is\u00e8re, un diff\u00e9rend de voisinage serait \u00e0 l\u2019origine du drame. La victime avait d\u00e9j\u00e0 \u00e9t\u00e9 condamn\u00e9e en 2020 pour d\u00e9tention de stup\u00e9fiants, tandis que la suspecte avait fait l\u2019objet d\u2019un rappel \u00e0 la loi en 2021 pour violences.<br \/>Les riverains d\u00e9crivent ce lieu\u00a0comme habituellement calme.<\/p>\n<p>Retrouvez notre dossier sur les <a href=\"https:\/\/www.linfo.re\/france\/faits-divers\" target=\"_blank\" rel=\"nofollow noopener\"><strong>faits-divers\u00a0<\/strong><\/a><\/p>\n","protected":false},"excerpt":{"rendered":"Ce samedi 18 octobre 2025, vers 20h30, une femme de 24 ans a succomb\u00e9 apr\u00e8s une agression \u00e0&hellip;\n","protected":false},"author":2,"featured_media":476688,"comment_status":"","ping_status":"","sticky":false,"template":"","format":"standard","meta":{"footnotes":""},"categories":[9566],"tags":[1111,47,11,7065,2430,1777,674,118,1011,27,2731,1922,108,12,25],"class_list":{"0":"post-476687","1":"post","2":"type-post","3":"status-publish","4":"format-standard","5":"has-post-thumbnail","7":"category-grenoble","8":"tag-actu","9":"tag-actualite","10":"tag-actualites","11":"tag-agression-au-couteau","12":"tag-auvergne-rhone-alpes","13":"tag-eu","14":"tag-europe","15":"tag-faits-divers","16":"tag-fr","17":"tag-france","18":"tag-grenoble","19":"tag-info","20":"tag-isere","21":"tag-news","22":"tag-republique-francaise"},"share_on_mastodon":{"url":"https:\/\/pubeurope.com\/@fr\/115405656733383665","error":""},"_links":{"self":[{"href":"https:\/\/www.europesays.com\/fr\/wp-json\/wp\/v2\/posts\/476687","targetHints":{"allow":["GET"]}}],"collection":[{"href":"https:\/\/www.europesays.com\/fr\/wp-json\/wp\/v2\/posts"}],"about":[{"href":"https:\/\/www.europesays.com\/fr\/wp-json\/wp\/v2\/types\/post"}],"author":[{"embeddable":true,"href":"https:\/\/www.europesays.com\/fr\/wp-json\/wp\/v2\/users\/2"}],"replies":[{"embeddable":true,"href":"https:\/\/www.europesays.com\/fr\/wp-json\/wp\/v2\/comments?post=476687"}],"version-history":[{"count":0,"href":"https:\/\/www.europesays.com\/fr\/wp-json\/wp\/v2\/posts\/476687\/revisions"}],"wp:featuredmedia":[{"embeddable":true,"href":"https:\/\/www.europesays.com\/fr\/wp-json\/wp\/v2\/media\/476688"}],"wp:attachment":[{"href":"https:\/\/www.europesays.com\/fr\/wp-json\/wp\/v2\/media?parent=476687"}],"wp:term":[{"taxonomy":"category","embeddable":true,"href":"https:\/\/www.europesays.com\/fr\/wp-json\/wp\/v2\/categories?post=476687"},{"taxonomy":"post_tag","embeddable":true,"href":"https:\/\/www.europesays.com\/fr\/wp-json\/wp\/v2\/tags?post=476687"}],"curies":[{"name":"wp","href":"https:\/\/api.w.org\/{rel}","templated":true}]}}