{"id":476689,"date":"2025-10-20T08:55:23","date_gmt":"2025-10-20T08:55:23","guid":{"rendered":"https:\/\/www.europesays.com\/fr\/476689\/"},"modified":"2025-10-20T08:55:23","modified_gmt":"2025-10-20T08:55:23","slug":"cesson-sevigne-une-operation-solidaire-pour-offrir-des-livres-aux-enfants","status":"publish","type":"post","link":"https:\/\/www.europesays.com\/fr\/476689\/","title":{"rendered":"Cesson-S\u00e9vign\u00e9. Une op\u00e9ration solidaire pour offrir des livres aux enfants"},"content":{"rendered":"<p>Pour la dixi\u00e8me ann\u00e9e cons\u00e9cutive, la librairie Des Gourmandises sur l\u2019\u00e9tag\u00e8re reconduit sa participation \u00e0 l\u2019op\u00e9ration \u00ab\u00a0Donnez \u00e0 lire\u00a0\u00bb.<\/p>\n<p>Ce rendez-vous national, men\u00e9 en collaboration avec l\u2019antenne rennaise du Secours populaire du 17\u00a0octobre au 20\u00a0novembre, vise \u00e0 offrir des livres aux enfants et adolescents de familles d\u00e9munies, \u00e9loign\u00e9s de la lecture.<\/p>\n<p>Le principe est simple\u00a0: durant un mois, les clients des librairies sont invit\u00e9s \u00e0 ajouter un livre jeunesse \u00e0 leurs achats et \u00e0 le remettre au libraire. Les ouvrages collect\u00e9s sont ensuite distribu\u00e9s par le Secours populaire aux enfants et jeunes concern\u00e9s.<\/p>\n<p>\u00a0120\u00a0livres ont ainsi \u00e9t\u00e9 collect\u00e9s et remis l\u2019ann\u00e9e derni\u00e8re. J\u2019esp\u00e8re faire mieux cette ann\u00e9e\u00a0, anticipe Odile Larroque, la g\u00e9rante de la librairie. Elle pr\u00e9cise que \u00a0cette \u00e9dition anniversaire est parrain\u00e9e par la com\u00e9dienne autrice Isabelle Carr\u00e9 et par le journaliste Augustin Trapenard, tous deux convaincus du r\u00f4le fondamental des livres dans l\u2019\u00e9ducation et l\u2019\u00e9panouissement des jeunes\u00a0.<\/p>\n<p>Du 17\u00a0octobre au 20\u00a0novembre, \u00e0 la librairie Des Gourmandises sur l\u2019\u00e9tag\u00e8re, 7\u00a0bis, mail de Bourgchevreuil\u00a0; site internet\u00a0: www.librairie-cesson.fr<\/p>\n<p>\u00a0<\/p>\n","protected":false},"excerpt":{"rendered":"Pour la dixi\u00e8me ann\u00e9e cons\u00e9cutive, la librairie Des Gourmandises sur l\u2019\u00e9tag\u00e8re reconduit sa participation \u00e0 l\u2019op\u00e9ration \u00ab\u00a0Donnez \u00e0&hellip;\n","protected":false},"author":2,"featured_media":476690,"comment_status":"","ping_status":"","sticky":false,"template":"","format":"standard","meta":{"footnotes":""},"categories":[2821],"tags":[1111,11,829,4099,1719,1777,674,1011,27,1380,12,22818,1476,584,25,12280],"class_list":{"0":"post-476689","1":"post","2":"type-post","3":"status-publish","4":"format-standard","5":"has-post-thumbnail","7":"category-rennes","8":"tag-actu","9":"tag-actualites","10":"tag-bretagne","11":"tag-cesson-sevigne","12":"tag-enfants","13":"tag-eu","14":"tag-europe","15":"tag-fr","16":"tag-france","17":"tag-livres","18":"tag-news","19":"tag-offrir","20":"tag-operation","21":"tag-rennes","22":"tag-republique-francaise","23":"tag-solidaire"},"share_on_mastodon":{"url":"https:\/\/pubeurope.com\/@fr\/115405660010424357","error":""},"_links":{"self":[{"href":"https:\/\/www.europesays.com\/fr\/wp-json\/wp\/v2\/posts\/476689","targetHints":{"allow":["GET"]}}],"collection":[{"href":"https:\/\/www.europesays.com\/fr\/wp-json\/wp\/v2\/posts"}],"about":[{"href":"https:\/\/www.europesays.com\/fr\/wp-json\/wp\/v2\/types\/post"}],"author":[{"embeddable":true,"href":"https:\/\/www.europesays.com\/fr\/wp-json\/wp\/v2\/users\/2"}],"replies":[{"embeddable":true,"href":"https:\/\/www.europesays.com\/fr\/wp-json\/wp\/v2\/comments?post=476689"}],"version-history":[{"count":0,"href":"https:\/\/www.europesays.com\/fr\/wp-json\/wp\/v2\/posts\/476689\/revisions"}],"wp:featuredmedia":[{"embeddable":true,"href":"https:\/\/www.europesays.com\/fr\/wp-json\/wp\/v2\/media\/476690"}],"wp:attachment":[{"href":"https:\/\/www.europesays.com\/fr\/wp-json\/wp\/v2\/media?parent=476689"}],"wp:term":[{"taxonomy":"category","embeddable":true,"href":"https:\/\/www.europesays.com\/fr\/wp-json\/wp\/v2\/categories?post=476689"},{"taxonomy":"post_tag","embeddable":true,"href":"https:\/\/www.europesays.com\/fr\/wp-json\/wp\/v2\/tags?post=476689"}],"curies":[{"name":"wp","href":"https:\/\/api.w.org\/{rel}","templated":true}]}}