{"id":476691,"date":"2025-10-20T08:56:11","date_gmt":"2025-10-20T08:56:11","guid":{"rendered":"https:\/\/www.europesays.com\/fr\/476691\/"},"modified":"2025-10-20T08:56:11","modified_gmt":"2025-10-20T08:56:11","slug":"la-ligne-b-du-metro-totalement-a-larret-a-cause-dune-grosse-panne","status":"publish","type":"post","link":"https:\/\/www.europesays.com\/fr\/476691\/","title":{"rendered":"La ligne B du m\u00e9tro totalement \u00e0 l\u2019arr\u00eat \u00e0 cause d\u2019une grosse panne"},"content":{"rendered":"<p>D\u00e9but de semaine gal\u00e8re \u00e0 Rennes alors que les vacances de la Toussaint d\u00e9marrent tout juste. Depuis 6 heures ce lundi matin, aucun <a href=\"https:\/\/google.com\/search?q=M2TRO+20+MINUTES&amp;rlz=1C1GCEA_enFR1168FR1168&amp;oq=M2TRO+20+MINUTES&amp;gs_lcrp=EgZjaHJvbWUyBggAEEUYOTIICAEQABgWGB4yCggCEAAYogQYiQUyCggDEAAYgAQYogQyBwgEEAAY7wUyCggFEAAYgAQYogTSAQgyNDc4ajBqNKgCALACAQ&amp;sourceid=chrome&amp;ie=UTF-8\" target=\"_blank\" class=\"c-link c-link--is-underlined\" rel=\"noopener\">m\u00e9tro<\/a> ne circule sur la ligne B. \u00ab\u00a0En raison d\u2019un incident, la ligne B ne circule pas actuellement\u00a0\u00bb, indique le Star sur son site internet.<\/p>\n<p class=\"mb-xxl@xs color-ultramarine font-weight-semi-bold@xs font-source-serif-pro heading-s@xs\">L\u2019acc\u00e8s \u00e0 ce contenu a \u00e9t\u00e9 bloqu\u00e9 afin de respecter votre choix de consentement<\/p>\n<p class=\"mb-m@xs text-l@xs\">En cliquant sur\u00ab J\u2019accepte \u00bb, vous acceptez le d\u00e9p\u00f4t de cookies par des services externes et aurez ainsi acc\u00e8s aux contenus de nos partenaires.<\/p>\n<p class=\"mb-xl@xs text-s@xs\">Plus d\u2019informations sur la page<a href=\"https:\/\/www.20minutes.fr\/gestion-cookies\" class=\"mx-xxs@xs color-ultramarine\" target=\"_blank\" rel=\"noopener\">Politique de gestion des cookies<\/a><\/p>\n<p>J\u2019accepte<\/p>\n<p>Dans un communiqu\u00e9, la direction <a href=\"https:\/\/www.20minutes.fr\/dossier\/keolis\" class=\"c-link c-link--is-underlined\" target=\"_blank\" rel=\"noopener\">de Keolis<\/a> donne plus de d\u00e9tails sur cet incident qui impacte fortement le trafic. \u00ab\u00a0Lors d\u2019une man\u0153uvre du train travaux, qui sert \u00e0 la maintenance de la voie, un aiguillage permettant d\u2019acheminer les rames vers la ligne a \u00e9t\u00e9 endommag\u00e9, indique l\u2019op\u00e9rateur. Les rames ne peuvent donc pas acc\u00e9der ans l\u2019imm\u00e9diat.\u00a0\u00bb Un service de bus relais a \u00e9t\u00e9 mis en place pour desservir les diff\u00e9rentes stations de la ligne entre Saint-Jacques-Gait\u00e9 et ViaSilva \u00e0 Cesson-S\u00e9vign\u00e9.<\/p>\n<\/p>\n<p>Inaugur\u00e9e en\u00a02022 avec plus d\u2019un an de retard, la ligne B du m\u00e9tro rennais <a href=\"https:\/\/www.20minutes.fr\/rennes\/4122802-20241122-rennes-ligne-b-metro-encore-carafe-star-deploie-bus-relais\" class=\"c-link c-link--is-underlined\" target=\"_blank\" rel=\"noopener\">a d\u00e9j\u00e0 connu de nombreuses pannes<\/a> depuis sa mise en service. Fin\u00a02023, l\u2019incendie d\u2019un poste d\u2019aiguillage avait ainsi mis \u00e0 l\u2019arr\u00eat la ligne automatique pendant plus d\u2019un mois. Quelques semaines plus tard, une nouvelle grosse panne avait eu lieu suite \u00e0 la casse d\u2019une pi\u00e8ce. Le trafic avait alors \u00e9t\u00e9 interrompu pr\u00e8s de six mois.<\/p>\n","protected":false},"excerpt":{"rendered":"D\u00e9but de semaine gal\u00e8re \u00e0 Rennes alors que les vacances de la Toussaint d\u00e9marrent tout juste. Depuis 6&hellip;\n","protected":false},"author":2,"featured_media":476692,"comment_status":"","ping_status":"","sticky":false,"template":"","format":"standard","meta":{"footnotes":""},"categories":[2821],"tags":[1111,47,11,829,1777,674,118,1011,27,848,35535,38251,4047,12,10899,584,25,104,2803,2216],"class_list":{"0":"post-476691","1":"post","2":"type-post","3":"status-publish","4":"format-standard","5":"has-post-thumbnail","7":"category-rennes","8":"tag-actu","9":"tag-actualite","10":"tag-actualites","11":"tag-bretagne","12":"tag-eu","13":"tag-europe","14":"tag-faits-divers","15":"tag-fr","16":"tag-france","17":"tag-ille-et-vilaine","18":"tag-incident","19":"tag-ligne-b","20":"tag-metro","21":"tag-news","22":"tag-panne","23":"tag-rennes","24":"tag-republique-francaise","25":"tag-societe","26":"tag-transport","27":"tag-transports-en-commun"},"share_on_mastodon":{"url":"","error":""},"_links":{"self":[{"href":"https:\/\/www.europesays.com\/fr\/wp-json\/wp\/v2\/posts\/476691","targetHints":{"allow":["GET"]}}],"collection":[{"href":"https:\/\/www.europesays.com\/fr\/wp-json\/wp\/v2\/posts"}],"about":[{"href":"https:\/\/www.europesays.com\/fr\/wp-json\/wp\/v2\/types\/post"}],"author":[{"embeddable":true,"href":"https:\/\/www.europesays.com\/fr\/wp-json\/wp\/v2\/users\/2"}],"replies":[{"embeddable":true,"href":"https:\/\/www.europesays.com\/fr\/wp-json\/wp\/v2\/comments?post=476691"}],"version-history":[{"count":0,"href":"https:\/\/www.europesays.com\/fr\/wp-json\/wp\/v2\/posts\/476691\/revisions"}],"wp:featuredmedia":[{"embeddable":true,"href":"https:\/\/www.europesays.com\/fr\/wp-json\/wp\/v2\/media\/476692"}],"wp:attachment":[{"href":"https:\/\/www.europesays.com\/fr\/wp-json\/wp\/v2\/media?parent=476691"}],"wp:term":[{"taxonomy":"category","embeddable":true,"href":"https:\/\/www.europesays.com\/fr\/wp-json\/wp\/v2\/categories?post=476691"},{"taxonomy":"post_tag","embeddable":true,"href":"https:\/\/www.europesays.com\/fr\/wp-json\/wp\/v2\/tags?post=476691"}],"curies":[{"name":"wp","href":"https:\/\/api.w.org\/{rel}","templated":true}]}}