{"id":476712,"date":"2025-10-20T09:07:12","date_gmt":"2025-10-20T09:07:12","guid":{"rendered":"https:\/\/www.europesays.com\/fr\/476712\/"},"modified":"2025-10-20T09:07:12","modified_gmt":"2025-10-20T09:07:12","slug":"architecture-et-urbanisme-deux-expositions-a-decouvrir-a-la-condition-publique","status":"publish","type":"post","link":"https:\/\/www.europesays.com\/fr\/476712\/","title":{"rendered":"Architecture et urbanisme : deux expositions \u00e0 d\u00e9couvrir \u00e0 La Condition Publique"},"content":{"rendered":"<p class=\"introduction\">La Condition Publique lance sa saison artistique et culturelle de l&rsquo;automne 2025 sous le signe des croisements entre art, patrimoine, architecture et urbanisme. Cette programmation est le fruit d&rsquo;une collaboration avec le Groupe A \u2013 Coop\u00e9rative culturelle et le WAAO \u2013 Centre d\u2019architecture et d\u2019urbanisme, offrant au public et aux professionnels un regard neuf sur la fabrique de la ville de demain.<\/p>\n<p>\u00a9 Photo de couverture : S\u00e9bastien Jarry<\/p>\n<p><b>EXPOSITION : REGARDS D\u2019ARTISTES SUR L\u2019URBANISME #10\u00a0<\/b><\/p>\n<p>10 ans d\u2019\u00e9tudes sur la ville de demain<\/p>\n<p>Pour marquer son dixi\u00e8me anniversaire, le programme \u00ab\u00a0Regards d\u2019Artistes sur l\u2019Urbanisme\u00a0\u00bb (RAU) investit la Condition Publique. Initi\u00e9 par <a href=\"https:\/\/www.facebook.com\/GroupeACoop\" target=\"_blank\" rel=\"noopener\">le Groupe A \u2013 Coop\u00e9rative culturelle<\/a> et <a href=\"https:\/\/www.ville-renouvelee.fr\/\" target=\"_blank\" rel=\"noopener\">Ville Renouvel\u00e9e<\/a>, ce programme invite depuis 2015 une cinquantaine d\u2019artistes \u00e0 arpenter et documenter les grands projets urbains de la m\u00e9tropole lilloise.<\/p>\n<p>L\u2019exposition retrace dix ann\u00e9es d\u2019exp\u00e9rimentations artistiques, montrant comment l\u2019art contemporain s\u2019est immisc\u00e9 dans la fabrique de la ville pour insuffler du d\u00e9sir et de la sensibilit\u00e9 aux am\u00e9nagements. Plus qu\u2019un bilan, elle propose une vision de la m\u00e9tamorphose du nord-est de la MEL et sugg\u00e8re de nouvelles fa\u00e7ons d\u2019appr\u00e9hender la ville comme une \u00ab\u00a0immense agora, un espace du possible\u00a0\u00bb.<\/p>\n<ul>\n<li><b>P\u00e9riode :<\/b> Du vendredi 19 septembre au samedi 20 d\u00e9cembre 2025<\/li>\n<li><b>Horaires :<\/b> Le mercredi et le samedi de 14h00 \u00e0 19h00, et le 1er dimanche du mois de 12h00 \u00e0 19h00<\/li>\n<li><b>Acc\u00e8s :<\/b> Gratuit \u2013 Entr\u00e9e libre<\/li>\n<li><b>Visites :<\/b> Visite guid\u00e9e tous les samedis \u00e0 16h30<\/li>\n<\/ul>\n<p>\u00a9 Photos Groupe A \u2013 Coop\u00e9rative culturelle \/ Surface Neutre<\/p>\n<p><b>EXPOSITION MAQUETTES MICROTOPIES 2025<\/b><\/p>\n<p>Le futur de l\u2019architecture \u00e9ph\u00e9m\u00e8re<\/p>\n<p>En parall\u00e8le, <a href=\"https:\/\/waao.fr\/\" target=\"_blank\" rel=\"noopener\">le WAAO<\/a>, centre d\u2019architecture et d\u2019urbanisme, expose les maquettes des laur\u00e9ats <a href=\"https:\/\/microtopies.fr\/\" target=\"_blank\" rel=\"noopener\">du festival Microtopies<\/a>. Ce festival, qui m\u00eale urbanisme, architecture, design et paysage, a s\u00e9lectionn\u00e9 10 collectifs pour r\u00e9aliser des micro-architectures sur des sites vari\u00e9s de la MEL.<\/p>\n<p>Les maquettes pr\u00e9sent\u00e9es dans les vitrines de la rue couverte illustrent la r\u00e9flexion pouss\u00e9e des concepteurs sur l\u2019\u00e9conomie des ressources naturelles et le r\u00e9emploi des mat\u00e9riaux. Ces installations sont pens\u00e9es pour animer des espaces oubli\u00e9s et explorer des solutions face au d\u00e9fi climatique, tout en r\u00e9veillant la curiosit\u00e9 des habitants.<\/p>\n<ul>\n<li><b>Lieu :<\/b> Rue couverte de La Condition Publique \/ Vitrines de la maison des artistes<\/li>\n<li><b>P\u00e9riode :<\/b> Du jeudi 18 septembre au samedi 20 d\u00e9cembre 2025<\/li>\n<li><strong>Horaires d\u2019ouverture de La Condition Publique :<\/strong> Du mercredi au samedi, de 14h00 \u00e0 19h00 et le 1er dimanche du mois de 11h00 \u00e0 19h00<\/li>\n<li><b>Acc\u00e8s :<\/b> Gratuit \u2013 Entr\u00e9e libre<\/li>\n<\/ul>\n","protected":false},"excerpt":{"rendered":"La Condition Publique lance sa saison artistique et culturelle de l&rsquo;automne 2025 sous le signe des croisements entre&hellip;\n","protected":false},"author":2,"featured_media":476713,"comment_status":"","ping_status":"","sticky":false,"template":"","format":"standard","meta":{"footnotes":""},"categories":[2815],"tags":[1111,11,1777,674,3293,1011,27,811,30671,1307,12,25],"class_list":{"0":"post-476712","1":"post","2":"type-post","3":"status-publish","4":"format-standard","5":"has-post-thumbnail","7":"category-lille","8":"tag-actu","9":"tag-actualites","10":"tag-eu","11":"tag-europe","12":"tag-exposition","13":"tag-fr","14":"tag-france","15":"tag-hauts-de-france","16":"tag-la-condition-publique","17":"tag-lille","18":"tag-news","19":"tag-republique-francaise"},"share_on_mastodon":{"url":"https:\/\/pubeurope.com\/@fr\/115405708035586693","error":""},"_links":{"self":[{"href":"https:\/\/www.europesays.com\/fr\/wp-json\/wp\/v2\/posts\/476712","targetHints":{"allow":["GET"]}}],"collection":[{"href":"https:\/\/www.europesays.com\/fr\/wp-json\/wp\/v2\/posts"}],"about":[{"href":"https:\/\/www.europesays.com\/fr\/wp-json\/wp\/v2\/types\/post"}],"author":[{"embeddable":true,"href":"https:\/\/www.europesays.com\/fr\/wp-json\/wp\/v2\/users\/2"}],"replies":[{"embeddable":true,"href":"https:\/\/www.europesays.com\/fr\/wp-json\/wp\/v2\/comments?post=476712"}],"version-history":[{"count":0,"href":"https:\/\/www.europesays.com\/fr\/wp-json\/wp\/v2\/posts\/476712\/revisions"}],"wp:featuredmedia":[{"embeddable":true,"href":"https:\/\/www.europesays.com\/fr\/wp-json\/wp\/v2\/media\/476713"}],"wp:attachment":[{"href":"https:\/\/www.europesays.com\/fr\/wp-json\/wp\/v2\/media?parent=476712"}],"wp:term":[{"taxonomy":"category","embeddable":true,"href":"https:\/\/www.europesays.com\/fr\/wp-json\/wp\/v2\/categories?post=476712"},{"taxonomy":"post_tag","embeddable":true,"href":"https:\/\/www.europesays.com\/fr\/wp-json\/wp\/v2\/tags?post=476712"}],"curies":[{"name":"wp","href":"https:\/\/api.w.org\/{rel}","templated":true}]}}