{"id":476714,"date":"2025-10-20T09:08:11","date_gmt":"2025-10-20T09:08:11","guid":{"rendered":"https:\/\/www.europesays.com\/fr\/476714\/"},"modified":"2025-10-20T09:08:11","modified_gmt":"2025-10-20T09:08:11","slug":"les-essais-sont-concluants-les-nouvelles-rames-prevues-pour-fevrier-2026","status":"publish","type":"post","link":"https:\/\/www.europesays.com\/fr\/476714\/","title":{"rendered":"les essais sont concluants, les nouvelles rames pr\u00e9vues pour f\u00e9vrier 2026"},"content":{"rendered":"<p>            Par<br \/>\n        <strong><br \/>\n            <a href=\"https:\/\/actu.fr\/auteur\/nicolas-demollien\" title=\"Consulter tous les articles de Nicolas Demollien\" target=\"_blank\" rel=\"noopener\">Nicolas Demollien<\/a><br \/>\n        <\/strong><\/p>\n<p>        Publi\u00e9 le<\/p>\n<p>            20 oct. 2025 \u00e0 10h46        <\/p>\n<p>Bonne nouvelle du c\u00f4t\u00e9 du<b> m\u00e9tro<\/b> <a href=\"https:\/\/actu.fr\/tag\/ilevia\" target=\"_blank\" rel=\"noopener\">Il\u00e9via<\/a> \u00e0 <a href=\"https:\/\/actu.fr\/hauts-de-france\/lille_59350\" target=\"_blank\" rel=\"noopener\">Lille<\/a> (Nord) ! Les <b>essais men\u00e9s ces derni\u00e8res semaines<\/b> sont <b>concluants<\/b> et vont permettre l\u2019<b>arriv\u00e9e des nouvelles rames de 52 m\u00e8tres<\/b> sur la <b>ligne 1<\/b> d\u2019ici f\u00e9vrier 2026.<\/p>\n<p>Les nouvelles rames du m\u00e9tro Il\u00e9via de Lille vont enfin arriver<\/p>\n<p class=\" wall-content\">Pour m\u00e9moire, le m\u00e9tro avait \u00e9t\u00e9 <a href=\"https:\/\/actu.fr\/hauts-de-france\/lille_59350\/metropole-de-lille-la-ligne-1-du-metro-ilevia-sera-totalement-a-larret-ces-samedi-18-et-dimanche-19-octobre_63306094.html\" target=\"_blank\" rel=\"noopener\">totalement interrompu ces samedi 18 et dimanche 19 octobre 2025<\/a> pour la r\u00e9alisation d\u2019essais complets men\u00e9s par Alstom dans des <b>conditions proches de l\u2019exploitation r\u00e9elle<\/b>.<\/p>\n<p data-end=\"751\" class=\" wall-content\">\u00ab\u00a0D\u00e8s samedi matin, une mont\u00e9e en charge du syst\u00e8me a \u00e9t\u00e9 effectu\u00e9e, permettant la circulation simultan\u00e9e des rames actuelles (VAL208) et des nouvelles rames BOA, soit <b>jusqu\u2019\u00e0 30 rames mobilis\u00e9es en m\u00eame temps<\/b>\u00ab\u00a0, d\u00e9taille-t-on du c\u00f4t\u00e9 de la <a href=\"https:\/\/actu.fr\/tag\/metropole-europeenne-de-lille\" target=\"_blank\" rel=\"noopener\">M\u00e9tropole europ\u00e9enne de Lille<\/a>.<\/p>\n<p data-end=\"751\" class=\" wall-content\">\n<p data-end=\"751\" class=\" wall-content\">De quoi permettre de<b> finaliser les tests techniques<\/b> et compl\u00e9ter les dossiers transmis aux partenaires du projet et aux services de l\u2019\u00c9tat, en vue de l\u2019autorisation d\u2019exploitation du nouveau pilote automatique en version 52 m\u00e8tres. \u00ab\u00a0La mise en service commerciale des nouvelles rames marquera l\u2019<b>aboutissement d\u2019un chantier technique et humain de plus de dix ans<\/b>.<\/p>\n<p>Qu\u2019est-ce que \u00e7a va changer ?\u00a0<\/p>\n<p data-end=\"1389\" class=\" wall-content\">Compos\u00e9es de quatre voitures interconnect\u00e9es sans cloison, les nouvelles rames de 52 m\u00e8tres doivent offrir <b>davantage de confort et de fluidit\u00e9<\/b>. La M\u00e9tropole europ\u00e9enne d\u00e9taille dans un communiqu\u00e9 :\u00a0<\/p>\n<p>Votre r\u00e9gion, votre actu !<\/p>\n<p>Recevez chaque jour les infos qui comptent pour vous.<\/p>\n<p>\t<a href=\"https:\/\/actu.fr\/newsletter\" class=\"ac-btn ac-btn--corner ac-btn--medium ac-btn--blue800\" target=\"_blank\" rel=\"noopener\">S&rsquo;incrire<\/a><\/p>\n<ul class=\" wall-content\">\n<li data-end=\"1468\"><b data-end=\"1413\">+50 % de capacit\u00e9<\/b> : 320 passagers contre 216 sur les rames actuelles ;<\/li>\n<li data-end=\"1561\"><b data-end=\"1498\">Accessibilit\u00e9 renforc\u00e9e<\/b> avec quatre zones d\u00e9di\u00e9es aux personnes \u00e0 mobilit\u00e9 r\u00e9duite ;<\/li>\n<li data-end=\"1674\"><b data-end=\"1630\">Espaces plus lumineux, plus spacieux et enti\u00e8rement circulants<\/b> pour un meilleur confort de d\u00e9placement ;<\/li>\n<li data-end=\"1780\"><b data-end=\"1711\">Information voyageurs enrichie<\/b> : \u00e9crans multim\u00e9dias et syst\u00e8me de vid\u00e9oprotection en temps r\u00e9el ;<\/li>\n<li data-end=\"1919\"><b data-end=\"1858\">\u00c9clairage LED adaptatif et freinage \u00e9lectrique \u00e0 r\u00e9cup\u00e9ration d\u2019\u00e9nergie<\/b>, pour une exploitation plus durable et \u00e9conome en \u00e9nergie.<\/li>\n<\/ul>\n<p data-end=\"2188\" class=\" wall-content\">\u00ab\u00a0<b>Plus hautes, plus larges et deux fois plus longues<\/b>, ces rames marquent une \u00e9tape majeure dans la modernisation du m\u00e9tro lillois. Elles offriront \u00e0 terme une <b>exp\u00e9rience de voyage plus fluide, plus s\u00fbre et plus agr\u00e9able<\/b> \u00e0 l\u2019ensemble des usagers du r\u00e9seau m\u00e9tropolitain\u00a0\u00bb, encha\u00eene la collectivit\u00e9.<\/p>\n<p>Et maintenant ?<\/p>\n<p class=\" wall-content\">D\u2019ici la mise en service, les <b>essais d\u2019Alstom se poursuivront jusqu\u2019\u00e0 la fin de l\u2019ann\u00e9e<\/b>. Le ma\u00eetre d\u2019\u0153uvre EGIS-SYSTRA prendra ensuite le relais avec les<b> essais d\u2019ensemble, destin\u00e9s \u00e0 v\u00e9rifier la compatibilit\u00e9 de tous les sous-syst\u00e8mes avant le transfert d\u00e9finitif<\/b> \u00e0 l\u2019exploitant.<\/p>\n<p data-end=\"2863\" class=\" wall-content\">\u00ab\u00a0Une <b>marche \u00e0 blanc sera organis\u00e9e fin janvier 2026<\/b>, afin de tester les rames dans des conditions r\u00e9elles d\u2019exploitation, avant la mise en service commerciale pr\u00e9vue mi-f\u00e9vrier\u00a0\u00bb.<\/p>\n<p class=\" wall-content\">Personnalisez votre actualit\u00e9 en ajoutant vos villes et m\u00e9dias en favori avec <a href=\"https:\/\/moncompte.actu.fr\" title=\"D\u00e9couvez Mon Actu\" rel=\"nofollow noopener\" data-trk=\"{&quot;cta&quot;:{&quot;action&quot;:&quot;https:\\\/\\\/moncompte.actu.fr&quot;,&quot;category&quot;:&quot;mon compte&quot;,&quot;from&quot;:&quot;article footer&quot;,&quot;name&quot;:&quot;Mon actu&quot;,&quot;type&quot;:&quot;cta&quot;}}\" target=\"_blank\">Mon Actu<\/a>.<\/p>\n","protected":false},"excerpt":{"rendered":"Par Nicolas Demollien Publi\u00e9 le 20 oct. 2025 \u00e0 10h46 Bonne nouvelle du c\u00f4t\u00e9 du m\u00e9tro Il\u00e9via \u00e0&hellip;\n","protected":false},"author":2,"featured_media":476715,"comment_status":"","ping_status":"","sticky":false,"template":"","format":"standard","meta":{"footnotes":""},"categories":[2815],"tags":[1111,11,1777,674,1011,27,811,4288,1307,4863,12,25,104,2803],"class_list":{"0":"post-476714","1":"post","2":"type-post","3":"status-publish","4":"format-standard","5":"has-post-thumbnail","7":"category-lille","8":"tag-actu","9":"tag-actualites","10":"tag-eu","11":"tag-europe","12":"tag-fr","13":"tag-france","14":"tag-hauts-de-france","15":"tag-ilevia","16":"tag-lille","17":"tag-metropole-europeenne-de-lille","18":"tag-news","19":"tag-republique-francaise","20":"tag-societe","21":"tag-transport"},"share_on_mastodon":{"url":"https:\/\/pubeurope.com\/@fr\/115405711162009077","error":""},"_links":{"self":[{"href":"https:\/\/www.europesays.com\/fr\/wp-json\/wp\/v2\/posts\/476714","targetHints":{"allow":["GET"]}}],"collection":[{"href":"https:\/\/www.europesays.com\/fr\/wp-json\/wp\/v2\/posts"}],"about":[{"href":"https:\/\/www.europesays.com\/fr\/wp-json\/wp\/v2\/types\/post"}],"author":[{"embeddable":true,"href":"https:\/\/www.europesays.com\/fr\/wp-json\/wp\/v2\/users\/2"}],"replies":[{"embeddable":true,"href":"https:\/\/www.europesays.com\/fr\/wp-json\/wp\/v2\/comments?post=476714"}],"version-history":[{"count":0,"href":"https:\/\/www.europesays.com\/fr\/wp-json\/wp\/v2\/posts\/476714\/revisions"}],"wp:featuredmedia":[{"embeddable":true,"href":"https:\/\/www.europesays.com\/fr\/wp-json\/wp\/v2\/media\/476715"}],"wp:attachment":[{"href":"https:\/\/www.europesays.com\/fr\/wp-json\/wp\/v2\/media?parent=476714"}],"wp:term":[{"taxonomy":"category","embeddable":true,"href":"https:\/\/www.europesays.com\/fr\/wp-json\/wp\/v2\/categories?post=476714"},{"taxonomy":"post_tag","embeddable":true,"href":"https:\/\/www.europesays.com\/fr\/wp-json\/wp\/v2\/tags?post=476714"}],"curies":[{"name":"wp","href":"https:\/\/api.w.org\/{rel}","templated":true}]}}