{"id":476716,"date":"2025-10-20T09:09:12","date_gmt":"2025-10-20T09:09:12","guid":{"rendered":"https:\/\/www.europesays.com\/fr\/476716\/"},"modified":"2025-10-20T09:09:12","modified_gmt":"2025-10-20T09:09:12","slug":"ceremonie-pour-marquer-la-liberation-des-otages-a-marseille","status":"publish","type":"post","link":"https:\/\/www.europesays.com\/fr\/476716\/","title":{"rendered":"C\u00e9r\u00e9monie pour marquer la lib\u00e9ration des otages \u00e0 Marseille"},"content":{"rendered":"\n<p>La soir\u00e9e a d\u00e9but\u00e9 par Les chaises vides, titre de Patrick Bruel et s\u2019est poursuivie par des pri\u00e8res et des paroles d\u2019espoir de paix. Parmi les personnalit\u00e9s pr\u00e9sentes, les responsables de la communaut\u00e9 juive de Marseille : Bruno Benjamin (Crif), Michel Cohen-Tenoudji (consistoire), Lionel Stora (FSJU), de nombreux \u00e9lus dont Martine Vassal, la pr\u00e9sidente DVD de la M\u00e9tropole et du D\u00e9partement, Laurent Lhardit, d\u00e9put\u00e9 PS, Ludovic Perney, vice-pr\u00e9sident LR de la R\u00e9gion. L\u2019essayiste Amine El Khatmi \u00e9tait par ailleurs l\u2019invit\u00e9 de la soir\u00e9e.<\/p>\n","protected":false},"excerpt":{"rendered":"La soir\u00e9e a d\u00e9but\u00e9 par Les chaises vides, titre de Patrick Bruel et s\u2019est poursuivie par des pri\u00e8res&hellip;\n","protected":false},"author":2,"featured_media":476717,"comment_status":"","ping_status":"","sticky":false,"template":"","format":"standard","meta":{"footnotes":""},"categories":[2814],"tags":[1111,11,1777,674,1011,27,884,12,19141,882,25],"class_list":{"0":"post-476716","1":"post","2":"type-post","3":"status-publish","4":"format-standard","5":"has-post-thumbnail","7":"category-marseille","8":"tag-actu","9":"tag-actualites","10":"tag-eu","11":"tag-europe","12":"tag-fr","13":"tag-france","14":"tag-marseille","15":"tag-news","16":"tag-otages","17":"tag-provence-alpes-cote-dazur","18":"tag-republique-francaise"},"share_on_mastodon":{"url":"","error":""},"_links":{"self":[{"href":"https:\/\/www.europesays.com\/fr\/wp-json\/wp\/v2\/posts\/476716","targetHints":{"allow":["GET"]}}],"collection":[{"href":"https:\/\/www.europesays.com\/fr\/wp-json\/wp\/v2\/posts"}],"about":[{"href":"https:\/\/www.europesays.com\/fr\/wp-json\/wp\/v2\/types\/post"}],"author":[{"embeddable":true,"href":"https:\/\/www.europesays.com\/fr\/wp-json\/wp\/v2\/users\/2"}],"replies":[{"embeddable":true,"href":"https:\/\/www.europesays.com\/fr\/wp-json\/wp\/v2\/comments?post=476716"}],"version-history":[{"count":0,"href":"https:\/\/www.europesays.com\/fr\/wp-json\/wp\/v2\/posts\/476716\/revisions"}],"wp:featuredmedia":[{"embeddable":true,"href":"https:\/\/www.europesays.com\/fr\/wp-json\/wp\/v2\/media\/476717"}],"wp:attachment":[{"href":"https:\/\/www.europesays.com\/fr\/wp-json\/wp\/v2\/media?parent=476716"}],"wp:term":[{"taxonomy":"category","embeddable":true,"href":"https:\/\/www.europesays.com\/fr\/wp-json\/wp\/v2\/categories?post=476716"},{"taxonomy":"post_tag","embeddable":true,"href":"https:\/\/www.europesays.com\/fr\/wp-json\/wp\/v2\/tags?post=476716"}],"curies":[{"name":"wp","href":"https:\/\/api.w.org\/{rel}","templated":true}]}}