{"id":476726,"date":"2025-10-20T09:14:15","date_gmt":"2025-10-20T09:14:15","guid":{"rendered":"https:\/\/www.europesays.com\/fr\/476726\/"},"modified":"2025-10-20T09:14:15","modified_gmt":"2025-10-20T09:14:15","slug":"orages-a-paris-et-en-ile-de-france-vigilance-jaune-inattendue-pour-le-debut-des-vacances","status":"publish","type":"post","link":"https:\/\/www.europesays.com\/fr\/476726\/","title":{"rendered":"Orages \u00e0 Paris et en \u00cele-de-France : vigilance jaune inattendue pour le d\u00e9but des vacances"},"content":{"rendered":"<p>La premi\u00e8re semaine des vacances de la Toussaint d\u00e9bute dans une atmosph\u00e8re grise et instable sur l\u2019ensemble de l\u2019\u00cele-de-France. Alors que la pluie \u00e9tait d\u00e9j\u00e0 annonc\u00e9e pour ce week-end, M\u00e9t\u00e9o France a surpris en d\u00e9clenchant une vigilance jaune aux orages pour ce lundi 20 octobre.<\/p>\n<p>                                            R\u00e9sum\u00e9<\/p>\n<ul>\n<li><strong>M\u00e9t\u00e9o France<\/strong> place <a href=\"https:\/\/www.meteocity.com\/france\/ile-de-france-r3012874\" rel=\"nofollow noopener\" target=\"_blank\">l\u2019\u00cele-de-France<\/a> en vigilance jaune aux orages ce lundi 20 octobre, avec un risque de ph\u00e9nom\u00e8nes localement forts.<\/li>\n<li>Un temps tr\u00e8s nuageux, des averses parfois orageuses et un vent soutenu jusqu\u2019\u00e0 55 km\/h sont attendus \u00e0 Paris et en \u00cele-de-France.<\/li>\n<li>La vigilance s\u2019\u00e9tend \u00e0 30 d\u00e9partements fran\u00e7ais et concerne particuli\u00e8rement les activit\u00e9s ext\u00e9rieures durant les vacances scolaires.<\/li>\n<li>Les pr\u00e9visions annoncent une persistance du temps perturb\u00e9 jusqu\u2019\u00e0 mercredi, avec une l\u00e9g\u00e8re stabilisation possible en milieu de semaine.<\/li>\n<\/ul>\n<p>    Vigilance jaune aux orages : une mesure exceptionnelle pour Paris et l\u2019\u00cele-de-France<\/p>\n<p>D\u00e8s le dimanche 19 octobre, la <a href=\"https:\/\/www.meteocity.com\/france\/paris-v2988507\" rel=\"nofollow noopener\" target=\"_blank\">m\u00e9t\u00e9o \u00e0 Paris<\/a> et en \u00cele-de-France a commenc\u00e9 \u00e0 se d\u00e9grader. Les habitants ont constat\u00e9 un ciel tr\u00e8s nuageux et de premi\u00e8res averses en soir\u00e9e, avec un cumul de pr\u00e9cipitations d\u2019environ <strong>3 mm<\/strong> et des temp\u00e9ratures douces proches de <strong>15 \u00b0C<\/strong>.<\/p>\n<p>Face \u00e0 l\u2019instabilit\u00e9 de l\u2019atmosph\u00e8re, <strong>M\u00e9t\u00e9o France<\/strong> a d\u00e9clench\u00e9 une vigilance jaune aux orages pour l\u2019ensemble de la r\u00e9gion ce <strong>lundi 20 octobre<\/strong>. Cette alerte concerne \u00e9galement plusieurs autres d\u00e9partements, notamment l\u2019Aisne, les Alpes-de-Haute-Provence, les Alpes-Maritimes, les Ardennes ou encore la Corse-du-Sud. Au total, ce sont <strong>30 d\u00e9partements<\/strong> qui sont plac\u00e9s sous surveillance pour risque d\u2019orages.<\/p>\n<p>L\u2019objectif de cette vigilance est de pr\u00e9venir la population face \u00e0 des \u00e9pisodes orageux pouvant localement g\u00e9n\u00e9rer des conditions dangereuses, notamment pour les activit\u00e9s en ext\u00e9rieur ou les d\u00e9placements en p\u00e9riode de vacances scolaires.<\/p>\n<p>    Pr\u00e9visions m\u00e9t\u00e9o d\u00e9taill\u00e9es pour Paris et l\u2019\u00cele-de-France<\/p>\n<p>    Lundi 20 octobre : journ\u00e9e agit\u00e9e sous le signe des orages<\/p>\n<p>La journ\u00e9e de lundi d\u00e9bute sous un ciel tr\u00e8s charg\u00e9. D\u00e8s le matin, des <strong>pluies faibles<\/strong> sont possibles, avec une temp\u00e9rature de <strong>14 \u00b0C<\/strong> vers 8 h. Le vent de <strong>Sud-Sud-Ouest<\/strong> se montre soutenu et peut atteindre <strong>55 km\/h<\/strong> en rafales, rendant la sensation de fra\u00eecheur plus marqu\u00e9e.<\/p>\n<p>\u00c0 la mi-journ\u00e9e, le risque d\u2019averses se pr\u00e9cise. Dans l\u2019apr\u00e8s-midi, des <strong>averses localement orageuses<\/strong> sont attendues, avec un cumul pr\u00e9vu autour de <strong>4 mm<\/strong> de pr\u00e9cipitations et une temp\u00e9rature qui grimpe jusqu\u2019\u00e0 <strong>17 \u00b0C<\/strong>. Le vent de Sud-Ouest reste fort jusqu\u2019en d\u00e9but de soir\u00e9e.<\/p>\n<p>\u00c9volution en d\u00e9but de semaine : de la pluie vers une l\u00e9g\u00e8re stabilisation<\/p>\n<p>Mardi 21 octobre, la m\u00e9t\u00e9o reste capricieuse mais amorce une stabilisation : le ciel se maintient tr\u00e8s nuageux, avec des temp\u00e9ratures minimales proches de <strong>12 \u00b0C<\/strong>. Le vent faiblit et quelques \u00e9claircies pourraient appara\u00eetre avant le coucher du soleil. Les maximales restent stables, autour de <strong>17 \u00b0C<\/strong>.<\/p>\n<p>Mercredi 22 octobre, la couverture nuageuse domine encore le matin (minima de <strong>13 \u00b0C<\/strong>), et le soleil reste souvent cach\u00e9 l\u2019apr\u00e8s-midi. Les temp\u00e9ratures maximales oscillent toujours autour de <strong>17 \u00b0C<\/strong>. La tendance g\u00e9n\u00e9rale reste \u00e0 un temps humide et peu lumineux pour la premi\u00e8re partie des vacances scolaires.<\/p>\n","protected":false},"excerpt":{"rendered":"La premi\u00e8re semaine des vacances de la Toussaint d\u00e9bute dans une atmosph\u00e8re grise et instable sur l\u2019ensemble de&hellip;\n","protected":false},"author":2,"featured_media":476727,"comment_status":"","ping_status":"","sticky":false,"template":"","format":"standard","meta":{"footnotes":""},"categories":[1592],"tags":[1111,11,1777,674,1011,27,662,12,626,25],"class_list":{"0":"post-476726","1":"post","2":"type-post","3":"status-publish","4":"format-standard","5":"has-post-thumbnail","7":"category-ile-de-france","8":"tag-actu","9":"tag-actualites","10":"tag-eu","11":"tag-europe","12":"tag-fr","13":"tag-france","14":"tag-ile-de-france","15":"tag-news","16":"tag-paris","17":"tag-republique-francaise"},"share_on_mastodon":{"url":"https:\/\/pubeurope.com\/@fr\/115405734786119930","error":""},"_links":{"self":[{"href":"https:\/\/www.europesays.com\/fr\/wp-json\/wp\/v2\/posts\/476726","targetHints":{"allow":["GET"]}}],"collection":[{"href":"https:\/\/www.europesays.com\/fr\/wp-json\/wp\/v2\/posts"}],"about":[{"href":"https:\/\/www.europesays.com\/fr\/wp-json\/wp\/v2\/types\/post"}],"author":[{"embeddable":true,"href":"https:\/\/www.europesays.com\/fr\/wp-json\/wp\/v2\/users\/2"}],"replies":[{"embeddable":true,"href":"https:\/\/www.europesays.com\/fr\/wp-json\/wp\/v2\/comments?post=476726"}],"version-history":[{"count":0,"href":"https:\/\/www.europesays.com\/fr\/wp-json\/wp\/v2\/posts\/476726\/revisions"}],"wp:featuredmedia":[{"embeddable":true,"href":"https:\/\/www.europesays.com\/fr\/wp-json\/wp\/v2\/media\/476727"}],"wp:attachment":[{"href":"https:\/\/www.europesays.com\/fr\/wp-json\/wp\/v2\/media?parent=476726"}],"wp:term":[{"taxonomy":"category","embeddable":true,"href":"https:\/\/www.europesays.com\/fr\/wp-json\/wp\/v2\/categories?post=476726"},{"taxonomy":"post_tag","embeddable":true,"href":"https:\/\/www.europesays.com\/fr\/wp-json\/wp\/v2\/tags?post=476726"}],"curies":[{"name":"wp","href":"https:\/\/api.w.org\/{rel}","templated":true}]}}