{"id":476728,"date":"2025-10-20T09:16:10","date_gmt":"2025-10-20T09:16:10","guid":{"rendered":"https:\/\/www.europesays.com\/fr\/476728\/"},"modified":"2025-10-20T09:16:10","modified_gmt":"2025-10-20T09:16:10","slug":"le-plus-grand-musee-du-monde-ferme-toute-la-journee-ce-lundi","status":"publish","type":"post","link":"https:\/\/www.europesays.com\/fr\/476728\/","title":{"rendered":"le plus grand mus\u00e9e du monde ferm\u00e9 toute la journ\u00e9e ce lundi"},"content":{"rendered":"<p>            Par<br \/>\n        <strong><br \/>\n            <a href=\"https:\/\/actu.fr\/auteur\/redaction-paris\" title=\"Consulter tous les articles de R\u00e9daction Paris\" target=\"_blank\" rel=\"noopener\">R\u00e9daction Paris<\/a><br \/>\n        <\/strong><\/p>\n<p>        Publi\u00e9 le<\/p>\n<p>            20 oct. 2025 \u00e0 11h04        <\/p>\n<p>Au lendemain du <a href=\"https:\/\/actu.fr\/ile-de-france\/paris_75056\/paris-un-braquage-a-eu-lieu-ce-dimanche-matin-musee-du-louvre-l-etablissement-ferme-toute-la-journee_63320743.html\" target=\"_blank\" rel=\"noopener\">braquage historique du Louvre \u00e0 Paris<\/a>, le mus\u00e9e va finalement rester ferm\u00e9 toute la journ\u00e9e du lundi 20 octobre 2025 a annonc\u00e9 la direction de l\u2019\u00e9tablissement culturel \u00e0 l\u2019AFP.<\/p>\n<p>Les agents de surveillance exigent des r\u00e9ponses\u00a0\u00a0<\/p>\n<p class=\" wall-content\">\u00ab\u00a0Les visiteurs se pressent devant l\u2019entr\u00e9e du Louvre\u00a0\u00bb, \u00e9crit l\u2019AFP. Mais ils y seront refoul\u00e9s. Au moins pour ce lundi. Et ce, alors que le service presse du mus\u00e9e le plus visit\u00e9 du monde annon\u00e7ait pourtant, plus t\u00f4t, sa r\u00e9ouverture au public d\u00e8s 9 heures. Les billets seront cependant rembours\u00e9s, assure une source \u00e0 <a href=\"https:\/\/www.franceinfo.fr\/faits-divers\/cambriolage-au-musee-du-louvre\/direct-cambriolage-au-louvre-la-traque-des-suspects-se-poursuit-au-lendemain-du-vol-de-bijoux-d-une-valeur-inestimable_7563877.html\" target=\"_blank\" rel=\"noopener\">France Info<\/a>.\u00a0<\/p>\n<p class=\" wall-content\">Au lendemain du vol spectaculaire et alors que le <a href=\"https:\/\/actu.fr\/ile-de-france\/paris_75056\/cambriolage-au-louvre-un-commando-de-quatre-personnes-activement-recherche-la-piste-du-grand-banditisme_63321753.html\" target=\"_blank\" rel=\"noopener\">\u00ab\u00a0commando de quatre personnes\u00a0\u00bb<\/a> \u00e0 l\u2019origine de celui-ci est toujours activement recherch\u00e9, le sujet de la s\u00e9curit\u00e9 du plus grand mus\u00e9e du monde est sur toutes les l\u00e8vres.\u00a0<\/p>\n<p class=\" wall-content\">\n<p class=\" wall-content\">Selon le compte X de La Tribune de l\u2019Art, les agents de surveillance exigeraient, notamment, que la pr\u00e9sidente-directrice, Laurence des Cars, s\u2019explique et s\u2019excuse. Une r\u00e9union serait pr\u00e9vue dans l\u2019auditorium, ce lundi matin, \u00e0 11 heures.<\/p>\n<p class=\" wall-content\">Personnalisez votre actualit\u00e9 en ajoutant vos villes et m\u00e9dias en favori avec <a href=\"https:\/\/moncompte.actu.fr\" title=\"D\u00e9couvez Mon Actu\" rel=\"nofollow noopener\" data-trk=\"{&quot;cta&quot;:{&quot;action&quot;:&quot;https:\\\/\\\/moncompte.actu.fr&quot;,&quot;category&quot;:&quot;mon compte&quot;,&quot;from&quot;:&quot;article footer&quot;,&quot;name&quot;:&quot;Mon actu&quot;,&quot;type&quot;:&quot;cta&quot;}}\" target=\"_blank\">Mon Actu<\/a>.<\/p>\n","protected":false},"excerpt":{"rendered":"Par R\u00e9daction Paris Publi\u00e9 le 20 oct. 2025 \u00e0 11h04 Au lendemain du braquage historique du Louvre \u00e0&hellip;\n","protected":false},"author":2,"featured_media":476729,"comment_status":"","ping_status":"","sticky":false,"template":"","format":"standard","meta":{"footnotes":""},"categories":[1888],"tags":[1111,1928,11,1927,1777,674,1011,27,3094,12,1926,626,1925,2551,25,104],"class_list":{"0":"post-476728","1":"post","2":"type-post","3":"status-publish","4":"format-standard","5":"has-post-thumbnail","7":"category-paris","8":"tag-actu","9":"tag-actu-paris","10":"tag-actualites","11":"tag-actualites-paris","12":"tag-eu","13":"tag-europe","14":"tag-fr","15":"tag-france","16":"tag-musee-du-louvre","17":"tag-news","18":"tag-news-paris","19":"tag-paris","20":"tag-paris-news","21":"tag-patrimoine","22":"tag-republique-francaise","23":"tag-societe"},"share_on_mastodon":{"url":"https:\/\/pubeurope.com\/@fr\/115405742707405383","error":""},"_links":{"self":[{"href":"https:\/\/www.europesays.com\/fr\/wp-json\/wp\/v2\/posts\/476728","targetHints":{"allow":["GET"]}}],"collection":[{"href":"https:\/\/www.europesays.com\/fr\/wp-json\/wp\/v2\/posts"}],"about":[{"href":"https:\/\/www.europesays.com\/fr\/wp-json\/wp\/v2\/types\/post"}],"author":[{"embeddable":true,"href":"https:\/\/www.europesays.com\/fr\/wp-json\/wp\/v2\/users\/2"}],"replies":[{"embeddable":true,"href":"https:\/\/www.europesays.com\/fr\/wp-json\/wp\/v2\/comments?post=476728"}],"version-history":[{"count":0,"href":"https:\/\/www.europesays.com\/fr\/wp-json\/wp\/v2\/posts\/476728\/revisions"}],"wp:featuredmedia":[{"embeddable":true,"href":"https:\/\/www.europesays.com\/fr\/wp-json\/wp\/v2\/media\/476729"}],"wp:attachment":[{"href":"https:\/\/www.europesays.com\/fr\/wp-json\/wp\/v2\/media?parent=476728"}],"wp:term":[{"taxonomy":"category","embeddable":true,"href":"https:\/\/www.europesays.com\/fr\/wp-json\/wp\/v2\/categories?post=476728"},{"taxonomy":"post_tag","embeddable":true,"href":"https:\/\/www.europesays.com\/fr\/wp-json\/wp\/v2\/tags?post=476728"}],"curies":[{"name":"wp","href":"https:\/\/api.w.org\/{rel}","templated":true}]}}