{"id":476730,"date":"2025-10-20T09:17:11","date_gmt":"2025-10-20T09:17:11","guid":{"rendered":"https:\/\/www.europesays.com\/fr\/476730\/"},"modified":"2025-10-20T09:17:11","modified_gmt":"2025-10-20T09:17:11","slug":"la-deuxieme-journee-du-proces-de-dahbia-benkired-souvre-devant-la-cour-dassises-de-paris","status":"publish","type":"post","link":"https:\/\/www.europesays.com\/fr\/476730\/","title":{"rendered":"la deuxi\u00e8me journ\u00e9e du proc\u00e8s de Dahbia Benkired s&rsquo;ouvre devant la cour d&rsquo;assises de Paris"},"content":{"rendered":"<p>Aujourd&rsquo;hui \u00e0 09h27<\/p>\n<p>Des messages de soutien adress\u00e9s \u00e0 la famille de Lola<\/p>\n<p>La famille de Lola arrive dans l&rsquo;enceinte du Palais de justice avant la reprise de l&rsquo;audience.<\/p>\n<p>Dans la file d&rsquo;attente pour acc\u00e9der \u00e0 la salle, certaines personnes du public lance des mots de soutien \u00e0 son intention.<\/p>\n<blockquote class=\"embed embed_quote\"><p>\u00ab\u00a0Courage\u00a0\u00bb, \u00ab\u00a0on est avec vous\u00a0\u00bb, \u00ab\u00a0justice\u00a0\u00bb, peut-on entendre.<\/p><\/blockquote>\n<p>Aujourd&rsquo;hui \u00e0 08h23<\/p>\n<p>Retour sur les aveux de Dahbia Benkired<\/p>\n<p>L&rsquo;un des directeurs d&rsquo;enqu\u00eate a longuement d\u00e9pos\u00e9 \u00e0 la barre au premier jour du proc\u00e8s. Il est revenu sur les aveux de Dahbia Benkired. Des extraits vid\u00e9o de cette garde \u00e0 vue ont \u00e9t\u00e9 diffus\u00e9s dans la salle d&rsquo;audience.<\/p>\n<p><a href=\"https:\/\/www.bfmtv.com\/police-justice\/meurtre-de-lola-au-proces-de-dahbia-benkired-le-temoignage-du-policier-qui-a-obtenu-les-aveux-de-l-accusee_AN-202510170868.html\" title=\"Meurtre de Lola: au proc\u00e8s de Dahbia Benkired, le t\u00e9moignage du policier qui a obtenu les aveux de l&#039;accus\u00e9e\" class=\"internal_link\" rel=\"nofollow noopener\" target=\"_blank\">Lire l&rsquo;article<\/a><\/p>\n<p>Aujourd&rsquo;hui \u00e0 08h06<\/p>\n<p>Des photos du corps de l&rsquo;enfant diffus\u00e9es au proc\u00e8s<\/p>\n<p>Des photos du corps de Lola d\u00e9couvert dans une malle ont \u00e9t\u00e9 diffus\u00e9es au premier jour du proc\u00e8s.<\/p>\n<p>Un moment douloureux pour la famille de la jeune enfant. Sa m\u00e8re et son fr\u00e8re ont quitt\u00e9 la salle quelques minutes au cours du visionnage.<\/p>\n<p>Aujourd&rsquo;hui \u00e0 07h57<\/p>\n<p>La famille de Lola attend de l&rsquo;accus\u00e9e qu&rsquo;elle dise \u00ab\u00a0toute la v\u00e9rit\u00e9\u00a0\u00bb<\/p>\n<p>Vendredi, la m\u00e8re et l&rsquo;un des fr\u00e8res de Lola ont demand\u00e9 \u00e0 pouvoir s&rsquo;adresser directement \u00e0 l&rsquo;accus\u00e9e.<\/p>\n<p>Apr\u00e8s accord du pr\u00e9sident, le fr\u00e8re de la jeune enfant s&rsquo;est tourn\u00e9 vers Dahbia Benkired.<\/p>\n<p>\u00ab\u00a0On voudrait que vous disiez toute la v\u00e9rit\u00e9 et rien que la v\u00e9rit\u00e9 \u00e0 toute la France et \u00e0 nous\u00a0\u00bb, a-t-il demand\u00e9 tr\u00e8s \u00e9mu. \u00ab\u00a0Merci.\u00a0\u00bb<\/p>\n<p><a href=\"https:\/\/www.bfmtv.com\/police-justice\/meurtre-de-lola-a-l-ouverture-proces-la-famille-de-la-jeune-fille-demande-a-dahbia-benkired-de-dire-toute-la-verite-rien-que-la-verite_AN-202510170543.html\" title=\"Meurtre de Lola: \u00e0 l&#039;ouverture du proc\u00e8s, la famille de la jeune fille demande \u00e0 Dahbia Benkired de dire &quot;toute la v\u00e9rit\u00e9, rien que la v\u00e9rit\u00e9&quot;\" class=\"internal_link\" rel=\"nofollow noopener\" target=\"_blank\">Lire l&rsquo;article<\/a><\/p>\n<p>Aujourd&rsquo;hui \u00e0 07h42<\/p>\n<p>Les premiers mots de l&rsquo;accus\u00e9e \u00e0 la famille de Lola<\/p>\n<p>Vendredi, \u00e0 l&rsquo;ouverture de son proc\u00e8s, Dahbia Benkired a demand\u00e9 \u00ab\u00a0le pardon \u00e0 toute la famille\u00a0\u00bb de la jeune Lola.<\/p>\n<p>\u00ab\u00a0C&rsquo;est horrible ce que j&rsquo;ai fait\u00a0\u00bb, a d\u00e9clar\u00e9 l&rsquo;accus\u00e9e.<\/p>\n<p>Lire <a href=\"https:\/\/www.bfmtv.com\/police-justice\/c-est-horrible-ce-que-j-ai-fait-l-accusee-du-meurtre-de-lola-exprime-des-regrets-a-la-barre-a-l-ouverture-de-son-proces_AN-202510170464.html\" title=\"&quot;C&#039;est horrible ce que j&#039;ai fait&quot;: l&#039;accus\u00e9e du meurtre de Lola exprime des regrets \u00e0 la barre \u00e0 l&#039;ouverture de son proc\u00e8s\" class=\"internal_link\" rel=\"nofollow noopener\" target=\"_blank\">ici<\/a><\/p>\n<p>Aujourd&rsquo;hui \u00e0 07h34<\/p>\n<p>La deuxi\u00e8me journ\u00e9e de proc\u00e8s de Dahbia Benkired s&rsquo;ouvre \u00e0 Paris<\/p>\n<p>Bonjour \u00e0 toutes et \u00e0 tous et bienvenue sur ce direct consacr\u00e9 au deuxi\u00e8me jour du proc\u00e8s de Dahbia Benkired, accus\u00e9e d&rsquo;avoir viol\u00e9, tortur\u00e9 et tu\u00e9 la jeune Lola, 12 ans, en octobre 2022.<\/p>\n<p>L&rsquo;expert l\u00e9giste et l&rsquo;expert anatomo-pathologique sont attendus \u00e0 la barre ce matin. L&rsquo;audition des premiers t\u00e9moins est pr\u00e9vue cet apr\u00e8s-midi.<\/p>\n","protected":false},"excerpt":{"rendered":"Aujourd&rsquo;hui \u00e0 09h27 Des messages de soutien adress\u00e9s \u00e0 la famille de Lola La famille de Lola arrive&hellip;\n","protected":false},"author":2,"featured_media":476731,"comment_status":"","ping_status":"","sticky":false,"template":"","format":"standard","meta":{"footnotes":""},"categories":[1888],"tags":[1111,1928,11,1927,1777,674,1011,27,12,1926,626,1925,25],"class_list":{"0":"post-476730","1":"post","2":"type-post","3":"status-publish","4":"format-standard","5":"has-post-thumbnail","7":"category-paris","8":"tag-actu","9":"tag-actu-paris","10":"tag-actualites","11":"tag-actualites-paris","12":"tag-eu","13":"tag-europe","14":"tag-fr","15":"tag-france","16":"tag-news","17":"tag-news-paris","18":"tag-paris","19":"tag-paris-news","20":"tag-republique-francaise"},"share_on_mastodon":{"url":"https:\/\/pubeurope.com\/@fr\/115405746718140087","error":""},"_links":{"self":[{"href":"https:\/\/www.europesays.com\/fr\/wp-json\/wp\/v2\/posts\/476730","targetHints":{"allow":["GET"]}}],"collection":[{"href":"https:\/\/www.europesays.com\/fr\/wp-json\/wp\/v2\/posts"}],"about":[{"href":"https:\/\/www.europesays.com\/fr\/wp-json\/wp\/v2\/types\/post"}],"author":[{"embeddable":true,"href":"https:\/\/www.europesays.com\/fr\/wp-json\/wp\/v2\/users\/2"}],"replies":[{"embeddable":true,"href":"https:\/\/www.europesays.com\/fr\/wp-json\/wp\/v2\/comments?post=476730"}],"version-history":[{"count":0,"href":"https:\/\/www.europesays.com\/fr\/wp-json\/wp\/v2\/posts\/476730\/revisions"}],"wp:featuredmedia":[{"embeddable":true,"href":"https:\/\/www.europesays.com\/fr\/wp-json\/wp\/v2\/media\/476731"}],"wp:attachment":[{"href":"https:\/\/www.europesays.com\/fr\/wp-json\/wp\/v2\/media?parent=476730"}],"wp:term":[{"taxonomy":"category","embeddable":true,"href":"https:\/\/www.europesays.com\/fr\/wp-json\/wp\/v2\/categories?post=476730"},{"taxonomy":"post_tag","embeddable":true,"href":"https:\/\/www.europesays.com\/fr\/wp-json\/wp\/v2\/tags?post=476730"}],"curies":[{"name":"wp","href":"https:\/\/api.w.org\/{rel}","templated":true}]}}