{"id":476734,"date":"2025-10-20T09:19:11","date_gmt":"2025-10-20T09:19:11","guid":{"rendered":"https:\/\/www.europesays.com\/fr\/476734\/"},"modified":"2025-10-20T09:19:11","modified_gmt":"2025-10-20T09:19:11","slug":"paris-vol-au-louvre-le-musee-nouvrira-finalement-pas-ce-lundi","status":"publish","type":"post","link":"https:\/\/www.europesays.com\/fr\/476734\/","title":{"rendered":"Paris. Vol au Louvre :\u00a0le mus\u00e9e n&rsquo;ouvrira finalement pas ce lundi"},"content":{"rendered":"<p>Ce cambriolage spectaculaire\u00a0relance le d\u00e9bat sur la s\u00e9curit\u00e9 des mus\u00e9es fran\u00e7ais, qui pr\u00e9sentent \u00ab une grande vuln\u00e9rabilit\u00e9 \u00bb, a reconnu dimanche le ministre de l&rsquo;Int\u00e9rieur Laurent Nu\u00f1ez.<\/p>\n<p>\u00ab Ce qui est s\u00fbr, c&rsquo;est que nous avons failli\u00a0\u00bb, a estim\u00e9 ce lundi matin sur France inter le ministre de la Justice,\u00a0G\u00e9rald Darmanin, puisque des malfaiteurs ont \u00e9t\u00e9 \u00ab capables de mettre un monte-charge \u00bb sur la voie publique, \u00ab de faire monter des gens en quelques minutes pour r\u00e9cup\u00e9rer des bijoux inestimables et de donner une image d\u00e9plorable de la France \u00bb.<\/p>\n<p>\u00ab Je pense que les Fran\u00e7ais ce matin ils ont tous un peu l&rsquo;impression (&#8230;) d&rsquo;avoir \u00e9t\u00e9 cambriol\u00e9s \u00bb, a-t-il encore d\u00e9clar\u00e9.<\/p>\n","protected":false},"excerpt":{"rendered":"Ce cambriolage spectaculaire\u00a0relance le d\u00e9bat sur la s\u00e9curit\u00e9 des mus\u00e9es fran\u00e7ais, qui pr\u00e9sentent \u00ab une grande vuln\u00e9rabilit\u00e9 \u00bb,&hellip;\n","protected":false},"author":2,"featured_media":476735,"comment_status":"","ping_status":"","sticky":false,"template":"","format":"standard","meta":{"footnotes":""},"categories":[1888],"tags":[11,271,272,1777,674,274,107,1011,27,329,937,12,626,25],"class_list":{"0":"post-476734","1":"post","2":"type-post","3":"status-publish","4":"format-standard","5":"has-post-thumbnail","7":"category-paris","8":"tag-actualites","9":"tag-crime","10":"tag-delit-et-contravention","11":"tag-eu","12":"tag-europe","13":"tag-faits-divers-justice","14":"tag-fil-info","15":"tag-fr","16":"tag-france","17":"tag-france-monde","18":"tag-histoire","19":"tag-news","20":"tag-paris","21":"tag-republique-francaise"},"share_on_mastodon":{"url":"https:\/\/pubeurope.com\/@fr\/115405755308357761","error":""},"_links":{"self":[{"href":"https:\/\/www.europesays.com\/fr\/wp-json\/wp\/v2\/posts\/476734","targetHints":{"allow":["GET"]}}],"collection":[{"href":"https:\/\/www.europesays.com\/fr\/wp-json\/wp\/v2\/posts"}],"about":[{"href":"https:\/\/www.europesays.com\/fr\/wp-json\/wp\/v2\/types\/post"}],"author":[{"embeddable":true,"href":"https:\/\/www.europesays.com\/fr\/wp-json\/wp\/v2\/users\/2"}],"replies":[{"embeddable":true,"href":"https:\/\/www.europesays.com\/fr\/wp-json\/wp\/v2\/comments?post=476734"}],"version-history":[{"count":0,"href":"https:\/\/www.europesays.com\/fr\/wp-json\/wp\/v2\/posts\/476734\/revisions"}],"wp:featuredmedia":[{"embeddable":true,"href":"https:\/\/www.europesays.com\/fr\/wp-json\/wp\/v2\/media\/476735"}],"wp:attachment":[{"href":"https:\/\/www.europesays.com\/fr\/wp-json\/wp\/v2\/media?parent=476734"}],"wp:term":[{"taxonomy":"category","embeddable":true,"href":"https:\/\/www.europesays.com\/fr\/wp-json\/wp\/v2\/categories?post=476734"},{"taxonomy":"post_tag","embeddable":true,"href":"https:\/\/www.europesays.com\/fr\/wp-json\/wp\/v2\/tags?post=476734"}],"curies":[{"name":"wp","href":"https:\/\/api.w.org\/{rel}","templated":true}]}}