{"id":476744,"date":"2025-10-20T09:24:11","date_gmt":"2025-10-20T09:24:11","guid":{"rendered":"https:\/\/www.europesays.com\/fr\/476744\/"},"modified":"2025-10-20T09:24:11","modified_gmt":"2025-10-20T09:24:11","slug":"lallemagne-prevoit-de-commander-15-f-35-supplementaires-aupres-des-etats-unis","status":"publish","type":"post","link":"https:\/\/www.europesays.com\/fr\/476744\/","title":{"rendered":"L&rsquo;Allemagne pr\u00e9voit de commander 15 F-35 suppl\u00e9mentaires aupr\u00e8s des \u00c9tats-Unis"},"content":{"rendered":"<p>Le ministre allemand de la D\u00e9fense, Boris Pistorius, a l&rsquo;intention de commander 15 avions de chasse F-35 suppl\u00e9mentaires aupr\u00e8s du constructeur am\u00e9ricain Lockheed Martin, a indiqu\u00e9 lundi \u00e0 Reuters une source parlementaire, confirmant une information du magazine Spiegel.<\/p>\n<p>Selon des documents confidentiels pr\u00e9par\u00e9s pour la commission du budget du parlement, les planificateurs estiment que ces appareils additionnels co\u00fbteront environ 2,5 milliards d&rsquo;euros (2,9 milliards de dollars), a pr\u00e9cis\u00e9 la source.<\/p>\n<p>L&rsquo;Allemagne a d\u00e9j\u00e0 command\u00e9 35 exemplaires de ce chasseur am\u00e9ricain afin de remplacer sa flotte de 85 avions Tornado vieillissants, qui doivent \u00eatre retir\u00e9s du service.<\/p>\n<p>Les F-35 sont destin\u00e9s \u00e0 succ\u00e9der aux Tornado dans leur mission de porteurs des bombes nucl\u00e9aires am\u00e9ricaines stock\u00e9es en Allemagne en cas de conflit.<\/p>\n<p>Berlin avait d\u00e9j\u00e0 d\u00e9menti en juillet tout projet d&rsquo;acquisition de 15 F-35 suppl\u00e9mentaires, mais une augmentation significative du budget de la d\u00e9fense a depuis offert une marge de manoeuvre accrue pour de nouveaux achats d&rsquo;armement.<\/p>\n<p>\u00c0 l&rsquo;\u00e9poque, une source militaire avait confi\u00e9 \u00e0 Reuters que l&rsquo;id\u00e9e d&rsquo;acqu\u00e9rir 15 F-35 suppl\u00e9mentaires avait d\u00e9j\u00e0 \u00e9t\u00e9 abord\u00e9e lors de discussions pr\u00e9c\u00e9dentes.<\/p>\n<p>Toute d\u00e9cision d&rsquo;achat de nouveaux F-35 pourrait raviver les tensions entre l&rsquo;Allemagne et la France, d\u00e9j\u00e0 en d\u00e9saccord sur le projet franco-allemand d&rsquo;avion de combat du futur, connu sous le nom de SCAF (Syst\u00e8me de Combat A\u00e9rien du Futur).<\/p>\n","protected":false},"excerpt":{"rendered":"Le ministre allemand de la D\u00e9fense, Boris Pistorius, a l&rsquo;intention de commander 15 avions de chasse F-35 suppl\u00e9mentaires&hellip;\n","protected":false},"author":2,"featured_media":476745,"comment_status":"","ping_status":"","sticky":false,"template":"","format":"standard","meta":{"footnotes":""},"categories":[1587],"tags":[11,672,340,1804,1805,1803,1777,674,1801,12,1802],"class_list":{"0":"post-476744","1":"post","2":"type-post","3":"status-publish","4":"format-standard","5":"has-post-thumbnail","7":"category-allemagne","8":"tag-actualites","9":"tag-allemagne","10":"tag-bourse","11":"tag-bundesrepublik-deutschland","12":"tag-de","13":"tag-deutschland","14":"tag-eu","15":"tag-europe","16":"tag-germany","17":"tag-news","18":"tag-republique-federale-dallemagne"},"share_on_mastodon":{"url":"https:\/\/pubeurope.com\/@fr\/115405774194562755","error":""},"_links":{"self":[{"href":"https:\/\/www.europesays.com\/fr\/wp-json\/wp\/v2\/posts\/476744","targetHints":{"allow":["GET"]}}],"collection":[{"href":"https:\/\/www.europesays.com\/fr\/wp-json\/wp\/v2\/posts"}],"about":[{"href":"https:\/\/www.europesays.com\/fr\/wp-json\/wp\/v2\/types\/post"}],"author":[{"embeddable":true,"href":"https:\/\/www.europesays.com\/fr\/wp-json\/wp\/v2\/users\/2"}],"replies":[{"embeddable":true,"href":"https:\/\/www.europesays.com\/fr\/wp-json\/wp\/v2\/comments?post=476744"}],"version-history":[{"count":0,"href":"https:\/\/www.europesays.com\/fr\/wp-json\/wp\/v2\/posts\/476744\/revisions"}],"wp:featuredmedia":[{"embeddable":true,"href":"https:\/\/www.europesays.com\/fr\/wp-json\/wp\/v2\/media\/476745"}],"wp:attachment":[{"href":"https:\/\/www.europesays.com\/fr\/wp-json\/wp\/v2\/media?parent=476744"}],"wp:term":[{"taxonomy":"category","embeddable":true,"href":"https:\/\/www.europesays.com\/fr\/wp-json\/wp\/v2\/categories?post=476744"},{"taxonomy":"post_tag","embeddable":true,"href":"https:\/\/www.europesays.com\/fr\/wp-json\/wp\/v2\/tags?post=476744"}],"curies":[{"name":"wp","href":"https:\/\/api.w.org\/{rel}","templated":true}]}}