{"id":476753,"date":"2025-10-20T09:29:10","date_gmt":"2025-10-20T09:29:10","guid":{"rendered":"https:\/\/www.europesays.com\/fr\/476753\/"},"modified":"2025-10-20T09:29:10","modified_gmt":"2025-10-20T09:29:10","slug":"coupe-de-france-feminine-lus-alencon-gagne-une-course-poursuite-et-se-qualifie-face-a-rouen","status":"publish","type":"post","link":"https:\/\/www.europesays.com\/fr\/476753\/","title":{"rendered":"Coupe de France f\u00e9minine : l\u2019US Alen\u00e7on gagne une course-poursuite et se qualifie face \u00e0 Rouen"},"content":{"rendered":"<p>            Par<br \/>\n        <strong><br \/>\n            <a href=\"https:\/\/actu.fr\/auteur\/journaliste-oh\" title=\"Consulter tous les articles de R\u00e9daction Alen\u00e7on\" target=\"_blank\" rel=\"noopener\">R\u00e9daction Alen\u00e7on<\/a><br \/>\n        <\/strong><\/p>\n<p>        Publi\u00e9 le<\/p>\n<p>            20 oct. 2025 \u00e0 11h24        <\/p>\n<p>Au moment du tirage au sort, peu voyaient les deux \u00e9quipes fanion, masculine et f\u00e9minine, de l\u2019<b>US Alen\u00e7on<\/b> se qualifier pour le prochain tour.<\/p>\n<p class=\" wall-content\">D\u2019autant que la main heureuse leur avait d\u00e9sign\u00e9 le m\u00eame adversaire\u2009: le <b>FC Rouen<\/b>, une cylindr\u00e9e sup\u00e9rieure aux Verts comme aux Vertes. Et pourtant, apr\u00e8s la <a href=\"https:\/\/actu.fr\/normandie\/alencon_61001\/coupe-de-france-lus-alencon-realise-lexploit-et-elimine-le-fc-rouen-leader-de-national_63288163.html\" target=\"_blank\" rel=\"noopener\">belle qualification des hommes de Vincent Laigneau<\/a> une semaine plus t\u00f4t, les prot\u00e9g\u00e9es de St\u00e9phane Malo leur ont embo\u00eet\u00e9 le pas, <b>dimanche 19\u00a0octobre 2025<\/b>, en assurant leur pr\u00e9sence au prochain tour au terme d\u2019une rencontre riche en buts (7 au total) et en rebondissements.<\/p>\n<p>Une entame et une fin de match percutantes<\/p>\n<p class=\" wall-content\">En inscrivant, \u00e0 quelques minutes de la fin de l\u2019opposition, son troisi\u00e8me but de la journ\u00e9e, <b>M\u00e9lissa Renard<\/b> venait de permettre \u00e0 son \u00e9quipe de reprendre une nouvelle fois l\u2019avantage (4-3, 87e). Pour la quatri\u00e8me (et la derni\u00e8re) fois de la rencontre.<\/p>\n<p class=\" wall-content\">Si cette ultime r\u00e9alisation scellait la qualification m\u00e9rit\u00e9e des \u00e9quipi\u00e8res de Cl\u00e9cie Gautier, c\u2019est \u00e0 une v\u00e9ritable course-poursuite que les spectateurs et spectatrices ont pu assister\u2009!<\/p>\n<p class=\" wall-content\">Et cette course a d\u00e9marr\u00e9 fort, tr\u00e8s fort m\u00eame, pour les joueuses de la Cit\u00e9 des Ducs, qui ouvraient le score par l\u2019interm\u00e9diaire de M\u00e9lissa Renard. Elle profitait d\u2019un mauvais jugement de la d\u00e9fense centrale adverse pour ajuster la porti\u00e8re adverse (1-0, 1re).<\/p>\n<p class=\" wall-content\">Une entame id\u00e9ale qui aurait pu \u00eatre sur les chapeaux de roues si <b>Joely Bruletti <\/b>avait pu conclure (6e).<\/p>\n<p>Vid\u00e9os : en ce moment sur ActuNa\u00efvet\u00e9 d\u00e9fensive, r\u00e9alisme offensif<\/p>\n<p class=\" wall-content\">Malheureusement, l\u2019apathie d\u00e9fensive des locales sur un corner permettait aux Seinomarines de revenir \u00e0 \u00e9galit\u00e9 (1-1, 9e).<\/p>\n<p class=\" wall-content\">Tout comme le <b>manque d\u2019attention ou de concentration<\/b> sur la deuxi\u00e8me \u00e9galisation visiteuse (2-2, 26e) et celui <b>d\u2019agressivit\u00e9 <\/b>sur la porteuse du ballon pour le troisi\u00e8me et dernier retour rouennais (3-3, 79e). Des maux \u00e0 gommer pour exister.<\/p>\n<p>Votre r\u00e9gion, votre actu !<\/p>\n<p>Recevez chaque jour les infos qui comptent pour vous.<\/p>\n<p>\t<a href=\"https:\/\/actu.fr\/newsletter\" class=\"ac-btn ac-btn--corner ac-btn--medium ac-btn--blue800\" target=\"_blank\" rel=\"noopener\">S&rsquo;incrire<\/a><\/p>\n<p class=\" wall-content\">\u00c0 l\u2019autre extr\u00e9mit\u00e9 du terrain, les Vertes ont \u00e9t\u00e9 plut\u00f4t <b>r\u00e9alistes<\/b>, en marquant sur presque toutes leurs grosses opportunit\u00e9s.<\/p>\n<p class=\" wall-content\">M\u00e9lissa Renard a transform\u00e9 un <b>penalty <\/b>obtenu par Joely Bruletti apr\u00e8s un beau mouvement collectif (2-1, 22e), et cette m\u00eame joueuse a conclu une belle partie de billard (3-2, 38e). Peu sollicit\u00e9e, <b>Kassandra Leroy<\/b>, la porti\u00e8re locale, a r\u00e9pondu pr\u00e9sente en \u00e9vitant une \u00e9galisation (56e) et surtout en permettant \u00e0 sa formation de ne pas \u00eatre men\u00e9e dans les derniers instants, gr\u00e2ce \u00e0 une belle claquette sur un tir d\u00e9vi\u00e9 (86e).<\/p>\n<p>\u00ab\u2009Esprit conqu\u00e9rant\u2009\u00bb<\/p>\n<p class=\" wall-content\">Si la qualification des Vertes est largement m\u00e9rit\u00e9e, cette rencontre a aussi permis de voir les progr\u00e8s accomplis depuis le d\u00e9but de saison par ce groupe en pleine reconstruction.<\/p>\n<blockquote class=\"ac-article-quote wall-content\">\n<p>Nous progressons \u00e0 chaque match. Celui-ci \u00e9tait important pour notre collectif et notre \u00e9tat d\u2019esprit.<\/p>\n<p>St\u00e9phane Malo, coach de l\u2019US Alen\u00e7on.<\/p><\/blockquote>\n<p class=\" wall-content\">Ce dernier se satisfaisait aussi d\u2019avoir vu ses joueuses faire preuve de caract\u00e8re, en ne sombrant pas \u00e0 chaque \u00e9galisation adverse \u2013 \u00ab\u2009nous avons souffert par vagues mais nous avons su ne pas paniquer\u2009\u00bb \u2013 et aussi appliquer le message du jour \u00e0 la lettre\u2009: \u00ab\u2009n\u2019avoir aucun regret, aller chercher les \u00e9motions, <b>construire des souvenirs<\/b> et prendre un maximum de plaisir et de confiance. C\u2019est avec cet esprit conqu\u00e9rant que nous sommes rentr\u00e9s dans le match.\u2009\u00bb<\/p>\n<p class=\" wall-content\">Si elle est \u00ab\u2009logique\u2009\u00bb, cette qualification n\u2019est pas une fin en soi.<\/p>\n<blockquote class=\"ac-article-quote wall-content\">\n<p>Il y avait de l\u2019ambiance dans les tribunes. Je suis heureux que les filles vivent de tels moments. Cela doit solidifier notre groupe pour continuer \u00e0 progresser.<\/p>\n<p>St\u00e9phane Malo.<\/p><\/blockquote>\n<p class=\" wall-content\">Confirmer ce r\u00e9sultat sera donc la prochaine \u00e9tape et, comme un clin d\u2019\u0153il, c\u2019est \u00e0 Rouen que les Vertes se rendront la semaine prochaine pour tenter de poursuivre sur cette dynamique.<\/p>\n<p>La feuille de match<\/p>\n<p>US ALEN\u00c7ON 4 &#8211; 3 FC ROUEN<br \/>&#13;<br \/>\nMi-temps : 3-2.<br \/>&#13;<br \/>\nArbitre. M. Cadot<br \/>&#13;<br \/>\nButs : Renard (1re, 22e sur pen., 87e) et Bruletti (38e) pour Alen\u00e7on. Hilmer (9e et 26e) et Kon\u00e9 (79e) pour Rouen.<br \/>&#13;<br \/>\nAlen\u00e7on : Leroy, Gilbert, Petibon (Turbout 46e, puis Lebru 70e), Gautier, Hublin, A\u00eft Gougam, Mary, Ryba (cap.), L\u00e9pinay, Bruletti, Renard. Entra\u00eeneur : St\u00e9phane Malo.<br \/>&#13;<br \/>\nRouen : Vincent, Lemazurier, Duthil, Penquer, Godefroy (Lesueur-Bouchez, 37e), Diarra (Peniguel, 46e), Hilmer, Harrache, Keita, Souillier (cap.), Kon\u00e9. Entra\u00eeneur : Jean-Claude Dusse.<\/p>\n<p>Prochain match\u2009: Rouen Plateau Est \u2013 US Alen\u00e7on, dimanche 26\u00a0octobre, \u00e0 12\u2009h\u200930.<\/p>\n<p class=\" wall-content\">Personnalisez votre actualit\u00e9 en ajoutant vos villes et m\u00e9dias en favori avec <a href=\"https:\/\/moncompte.actu.fr\" title=\"D\u00e9couvez Mon Actu\" rel=\"nofollow noopener\" data-trk=\"{&quot;cta&quot;:{&quot;action&quot;:&quot;https:\\\/\\\/moncompte.actu.fr&quot;,&quot;category&quot;:&quot;mon compte&quot;,&quot;from&quot;:&quot;article footer&quot;,&quot;name&quot;:&quot;Mon actu&quot;,&quot;type&quot;:&quot;cta&quot;}}\" target=\"_blank\">Mon Actu<\/a>.<\/p>\n","protected":false},"excerpt":{"rendered":"Par R\u00e9daction Alen\u00e7on Publi\u00e9 le 20 oct. 2025 \u00e0 11h24 Au moment du tirage au sort, peu voyaient&hellip;\n","protected":false},"author":2,"featured_media":476754,"comment_status":"","ping_status":"","sticky":false,"template":"","format":"standard","meta":{"footnotes":""},"categories":[4],"tags":[11,15922,63,3236,1011,27,12,25,60,57269],"class_list":{"0":"post-476753","1":"post","2":"type-post","3":"status-publish","4":"format-standard","5":"has-post-thumbnail","7":"category-france","8":"tag-actualites","9":"tag-coupe-de-france-de-football","10":"tag-football","11":"tag-football-feminin","12":"tag-fr","13":"tag-france","14":"tag-news","15":"tag-republique-francaise","16":"tag-sports","17":"tag-us-alencon"},"share_on_mastodon":{"url":"https:\/\/pubeurope.com\/@fr\/115405793803939845","error":""},"_links":{"self":[{"href":"https:\/\/www.europesays.com\/fr\/wp-json\/wp\/v2\/posts\/476753","targetHints":{"allow":["GET"]}}],"collection":[{"href":"https:\/\/www.europesays.com\/fr\/wp-json\/wp\/v2\/posts"}],"about":[{"href":"https:\/\/www.europesays.com\/fr\/wp-json\/wp\/v2\/types\/post"}],"author":[{"embeddable":true,"href":"https:\/\/www.europesays.com\/fr\/wp-json\/wp\/v2\/users\/2"}],"replies":[{"embeddable":true,"href":"https:\/\/www.europesays.com\/fr\/wp-json\/wp\/v2\/comments?post=476753"}],"version-history":[{"count":0,"href":"https:\/\/www.europesays.com\/fr\/wp-json\/wp\/v2\/posts\/476753\/revisions"}],"wp:featuredmedia":[{"embeddable":true,"href":"https:\/\/www.europesays.com\/fr\/wp-json\/wp\/v2\/media\/476754"}],"wp:attachment":[{"href":"https:\/\/www.europesays.com\/fr\/wp-json\/wp\/v2\/media?parent=476753"}],"wp:term":[{"taxonomy":"category","embeddable":true,"href":"https:\/\/www.europesays.com\/fr\/wp-json\/wp\/v2\/categories?post=476753"},{"taxonomy":"post_tag","embeddable":true,"href":"https:\/\/www.europesays.com\/fr\/wp-json\/wp\/v2\/tags?post=476753"}],"curies":[{"name":"wp","href":"https:\/\/api.w.org\/{rel}","templated":true}]}}