{"id":476755,"date":"2025-10-20T09:30:19","date_gmt":"2025-10-20T09:30:19","guid":{"rendered":"https:\/\/www.europesays.com\/fr\/476755\/"},"modified":"2025-10-20T09:30:19","modified_gmt":"2025-10-20T09:30:19","slug":"de-la-politique-au-golf-lancien-directeur-de-cabinet-sest-lance-dans-une-activite-unique-en-bretagne","status":"publish","type":"post","link":"https:\/\/www.europesays.com\/fr\/476755\/","title":{"rendered":"De la politique au golf, l&rsquo;ancien directeur de cabinet s&rsquo;est lanc\u00e9 dans une activit\u00e9 unique en Bretagne"},"content":{"rendered":"<p>            Par<br \/>\n        <strong><br \/>\n            <a href=\"https:\/\/actu.fr\/auteur\/pascal-cayeux\" title=\"Consulter tous les articles de Pascal Cayeux\" target=\"_blank\" rel=\"noopener\">Pascal Cayeux<\/a><br \/>\n        <\/strong><\/p>\n<p>        Publi\u00e9 le<\/p>\n<p>            19 oct. 2025 \u00e0 19h28        <\/p>\n<p>Ancien directeur de cabinet du maire de <a href=\"https:\/\/actu.fr\/le-petit-bleu\/\" target=\"_blank\" rel=\"noopener\">Dinan <\/a>(C\u00f4tes-d\u2019Armor), <a href=\"https:\/\/actu.fr\/bretagne\/dinan_22050\/mairie-nouveau-directeurde-cabinet_14518035.html\" target=\"_blank\" rel=\"noopener\">Ga\u00ebtan Seznec<\/a> a chang\u00e9 de voie pour se lancer dans le monde de l\u2019entreprise. Il a repris <b>Bretagne Club Making, <\/b>entreprise cr\u00e9\u00e9e en <b>2016<\/b> du c\u00f4t\u00e9 de <a href=\"https:\/\/actu.fr\/bretagne\/paimpol_22162\" target=\"_blank\" rel=\"noopener\">Paimpol<\/a> (C\u00f4tes-d\u2019Armor) et qu\u2019il a rachet\u00e9e en 2023 \u00e0 son ami (et fondateur de la soci\u00e9t\u00e9),<b> Jean-Christophe Jarrige. <\/b><\/p>\n<p class=\" wall-content\">Le club making, c\u2019est au golf ce que la haute couture est au pr\u00eat-\u00e0-porter, du haut de gamme, de la haute pr\u00e9cision, et surtout du<b> sur-mesure.<\/b> Des cannes, bois, fers, wedges et putters, adapt\u00e9es aux caract\u00e9ristiques du joueur, techniques et morphologiques.<\/p>\n<p class=\" wall-content\">Rien ne pr\u00e9destinait vraiment Ga\u00ebtan Seznec, <b>42 ans<\/b>, \u00e0 se lancer dans cette aventure. S\u2019il avait travaill\u00e9 dans la restauration entre 17 et 25 ans pendant ses \u00e9tudes d\u2019ing\u00e9nieur de projets europ\u00e9ens (financements), c\u2019est ensuite dans les coulisses de la politique qu\u2019il a beaucoup \u0153uvr\u00e9 : \u00ab \u00c0 la fin de mes \u00e9tudes, j\u2019avais \u00e9t\u00e9 recrut\u00e9 par le maire de Paimpol, Jean-Yves de Chaisemartin pour remplacer sa collaboratrice de cabinet en arr\u00eat maternit\u00e9 \u00bb.<\/p>\n<p>Unique en Bretagne<\/p>\n<p class=\" wall-content\">Il avait ensuite fil\u00e9 vers la <b>Champagne<\/b>, \u00ab embauch\u00e9 par le maire d\u2019\u00c9pernay dont j\u2019ai \u00e9t\u00e9 pendant trois ans l\u2019assistant de proximit\u00e9, en quelque sorte le Monsieur Loyal de la ville : je r\u00e9pondais \u00e0 toutes les demandes des habitants, pour r\u00e9gler des probl\u00e8mes de toutes sortes. J\u2019ai \u00e9crit des milliers de courriers pendant trois ans. C\u2019est l\u00e0 que je me suis rendu compte que la proximit\u00e9 permet de r\u00e9gler beaucoup de choses \u00bb.<\/p>\n<p class=\" wall-content\">Retour en Bretagne, obtention du concours d\u2019attach\u00e9 territorial. Nouveau passage par \u00c9pernay o\u00f9 il avait laiss\u00e9 un bon souvenir. Mais au bout de deux ann\u00e9es, l\u2019appel de la Bretagne avait \u00e9t\u00e9 le plus fort : \u00ab Quand le poste \u00e0 Dinan s\u2019est lib\u00e9r\u00e9, j\u2019ai postul\u00e9 \u00bb.<\/p>\n<p class=\" wall-content\">Il a ainsi pass\u00e9 cinq ann\u00e9es comme directeur de cabinet du maire <b>Didier Lechien,<\/b> jusqu\u2019en 2022. \u00ab La fonction est prenante, tu dois g\u00e9rer beaucoup de crispations. J\u2019ai ressenti une forme d\u2019essoufflement \u00bb.<\/p>\n<p class=\" wall-content\">Il a pris le temps de la r\u00e9flexion. Jean-Christophe Jarrige cherchait \u00e0 c\u00e9der Bretagne Club Making. Les deux hommes en ont discut\u00e9. Affaire conclue : \u00ab Je voulais avoir mon entreprise, j\u2019avais envie de conna\u00eetre \u00e7a. Et m\u00eame si j\u2019\u00e9tais d\u00e9j\u00e0 un golfeur passionn\u00e9, je ne cherchais pas sp\u00e9cialement dans ce domaine activit\u00e9 \u00bb.<\/p>\n<p>Votre r\u00e9gion, votre actu !<\/p>\n<p>Recevez chaque jour les infos qui comptent pour vous.<\/p>\n<p>\t<a href=\"https:\/\/actu.fr\/newsletter\" class=\"ac-btn ac-btn--corner ac-btn--medium ac-btn--blue800\" target=\"_blank\" rel=\"noopener\">S&rsquo;incrire<\/a><\/p>\n<p class=\" wall-content\">Ga\u00ebtan Seznec <b>est le seul club maker<\/b> en Bretagne. Il ne regrette en rien son choix, \u00ab et je ne suis pas inquiet pour l\u2019avenir \u00bb.<\/p>\n<p>Des clients de tout le grand ouest<\/p>\n<p class=\" wall-content\">S\u2019il r\u00e9side toujours \u00e0 Dinan, c\u2019est \u00e0 <b>S\u00e9vignac<\/b> qu\u2019il a install\u00e9 son atelier, \u00ab au centre de ma zone de chalandise \u00bb. Ses clients, joueurs de golf de tous niveaux, d\u00e9butants ou confirm\u00e9s, viennent de toute la Bretagne, de plus loin aussi, des <b>Pays de Loire ou de Normandie<\/b>, \u00ab j\u2019ai m\u00eame des clubs qui sont partis en Afrique et en Nouvelle-Cal\u00e9donie \u00bb.<\/p>\n<p class=\" wall-content\">Des clients, il en re\u00e7oit en moyenne trois par semaine, \u00ab et dans 95 % des cas cela se traduit par une vente \u00bb, \u00e0 qui il propose un \u00ab\u00a0fitting\u00a0\u00bb, <b>batterie de tests<\/b> en tous genres assist\u00e9e par <b>capteurs \u00e9lectroniques<\/b>, instruments de mesure qui prennent en compte les caract\u00e9ristiques physiques du joueur, ainsi que des donn\u00e9es techniques, la vitesse du swing, la puissance de la frappe, l\u2019angle de d\u00e9collage de la balle\u2026 \u00c7a dure trois heures, \u00ab \u00e0 la fin, le client a tap\u00e9 des centaines de balles, il n\u2019en peut plus \u00bb.<\/p>\n<p class=\" wall-content\">Cela permet \u00e0 Ga\u00ebtan Seznec de recueillir de nombreuses donn\u00e9es, de tester diff\u00e9rentes combinaisons, pour in fine proposer des clubs sur mesure : \u00e9paisseur du grip, mati\u00e8re, longueur et flexibilit\u00e9 du manche, t\u00eate de club adapt\u00e9e, celle qui permet de gagner en confort, en tol\u00e9rance, en pr\u00e9cision, en distance\u2026<\/p>\n<blockquote class=\"ac-article-quote wall-content\">\n<p>\u00ab Moi, ce que je veux, c\u2019est que les gens am\u00e9liorent leur jeu de golf \u00bb<\/p>\n<p>Ga\u00ebtan Seznec<\/p><\/blockquote>\n<p>Plus cher mais plus durable<\/p>\n<p class=\" wall-content\">Le taux de satisfaction est \u00e9lev\u00e9, \u00ab les retours n\u00e9gatifs sont vraiment \u00e0 la marge, et s\u2019il venait \u00e0 y en avoir, je reverrai gratuitement la personne pour lui trouver le mat\u00e9riel adapt\u00e9 \u00bb.<\/p>\n<p class=\" wall-content\">Le sur-mesure, c\u2019est \u00e9videmment ce qui fait la diff\u00e9rence avec les clubs standardis\u00e9s en vente dans les commerces sp\u00e9cialis\u00e9s. Mais cela a un co\u00fbt, \u00ab je suis entre 25 et 30 % plus cher \u00bb. Mais si \u00e7a vaut le coup\u2026<\/p>\n<p class=\" wall-content\">\u00ab Les gens viennent aussi pour s\u2019offrir un petit plaisir. Et puis, je fabrique des clubs pour longtemps, pas pour les deux ans suivants. J\u2019anticipe plusieurs param\u00e8tres, les progr\u00e8s d\u2019un jeune joueur ou la prise d\u2019\u00e2ge de golfeurs plus \u00e2g\u00e9s \u00bb.<\/p>\n<p class=\" wall-content\">Pour une s\u00e9rie de six fers, il faut compter entre <b>1 800 et 2 000\u00a0euros.<\/b><\/p>\n<p class=\" wall-content\">Dans le cadre de la 5e \u00e9dition des Semaines du Tourisme \u00c9conomique et des Savoir-Faire, <b>du 20\u00a0octobre au 2\u00a0novembre 2025<\/b>, Ga\u00ebtan Seznec accueillera le public, mais uniquement sur rendez-vous.<\/p>\n<p>Bretagne club making, lieu-dit \u00ab\u00a0Trouvra\u00a0\u00bb, \u00e0 S\u00e9vignac. Tel : 06 70 56 16 89. Site internet : www.bretagneclubmaking.com<\/p>\n<p class=\" wall-content\">Personnalisez votre actualit\u00e9 en ajoutant vos villes et m\u00e9dias en favori avec <a href=\"https:\/\/moncompte.actu.fr\" title=\"D\u00e9couvez Mon Actu\" rel=\"nofollow noopener\" data-trk=\"{&quot;cta&quot;:{&quot;action&quot;:&quot;https:\\\/\\\/moncompte.actu.fr&quot;,&quot;category&quot;:&quot;mon compte&quot;,&quot;from&quot;:&quot;article footer&quot;,&quot;name&quot;:&quot;Mon actu&quot;,&quot;type&quot;:&quot;cta&quot;}}\" target=\"_blank\">Mon Actu<\/a>.<\/p>\n","protected":false},"excerpt":{"rendered":"Par Pascal Cayeux Publi\u00e9 le 19 oct. 2025 \u00e0 19h28 Ancien directeur de cabinet du maire de Dinan&hellip;\n","protected":false},"author":2,"featured_media":476756,"comment_status":"","ping_status":"","sticky":false,"template":"","format":"standard","meta":{"footnotes":""},"categories":[1418],"tags":[9439,60009,33,1011,27,1472,60,60010],"class_list":{"0":"post-476755","1":"post","2":"type-post","3":"status-publish","4":"format-standard","5":"has-post-thumbnail","7":"category-golf","8":"tag-bretagne-nord","9":"tag-didier-lechien","10":"tag-economie","11":"tag-fr","12":"tag-france","13":"tag-golf","14":"tag-sports","15":"tag-sports-dinan"},"share_on_mastodon":{"url":"https:\/\/pubeurope.com\/@fr\/115405797650173756","error":""},"_links":{"self":[{"href":"https:\/\/www.europesays.com\/fr\/wp-json\/wp\/v2\/posts\/476755","targetHints":{"allow":["GET"]}}],"collection":[{"href":"https:\/\/www.europesays.com\/fr\/wp-json\/wp\/v2\/posts"}],"about":[{"href":"https:\/\/www.europesays.com\/fr\/wp-json\/wp\/v2\/types\/post"}],"author":[{"embeddable":true,"href":"https:\/\/www.europesays.com\/fr\/wp-json\/wp\/v2\/users\/2"}],"replies":[{"embeddable":true,"href":"https:\/\/www.europesays.com\/fr\/wp-json\/wp\/v2\/comments?post=476755"}],"version-history":[{"count":0,"href":"https:\/\/www.europesays.com\/fr\/wp-json\/wp\/v2\/posts\/476755\/revisions"}],"wp:featuredmedia":[{"embeddable":true,"href":"https:\/\/www.europesays.com\/fr\/wp-json\/wp\/v2\/media\/476756"}],"wp:attachment":[{"href":"https:\/\/www.europesays.com\/fr\/wp-json\/wp\/v2\/media?parent=476755"}],"wp:term":[{"taxonomy":"category","embeddable":true,"href":"https:\/\/www.europesays.com\/fr\/wp-json\/wp\/v2\/categories?post=476755"},{"taxonomy":"post_tag","embeddable":true,"href":"https:\/\/www.europesays.com\/fr\/wp-json\/wp\/v2\/tags?post=476755"}],"curies":[{"name":"wp","href":"https:\/\/api.w.org\/{rel}","templated":true}]}}