{"id":476757,"date":"2025-10-20T09:32:18","date_gmt":"2025-10-20T09:32:18","guid":{"rendered":"https:\/\/www.europesays.com\/fr\/476757\/"},"modified":"2025-10-20T09:32:18","modified_gmt":"2025-10-20T09:32:18","slug":"pour-renforcer-son-pack-le-club-se-penche-sur-deux-joueurs-du-stade-toulousain","status":"publish","type":"post","link":"https:\/\/www.europesays.com\/fr\/476757\/","title":{"rendered":"pour renforcer son pack, le club se penche sur deux joueurs du Stade Toulousain"},"content":{"rendered":"<p>L\u2019Union Bordeaux-B\u00e8gles esp\u00e8re jouer un bien mauvais tour \u00e0 son rival. Depuis des mois, le club s\u2019est impos\u00e9 comme l\u2019un des meilleurs d\u2019Europe, en t\u00e9moigne ses deux finales de Top 14 cons\u00e9cutive et son sacre en Champions Cup. D\u00e9sormais, les hommes de Yannick Bru veulent s\u2019installer dans la dur\u00e9e et d\u00e9tr\u00f4ner le Stade Toulousain, qui les prive encore de Brennus.<\/p>\n<p>Ainu\u2019u et Mallez pist\u00e9s<\/p>\n<p>Si les Girondins peuvent compter sur une ligne de trois-quarts XXL, leur paquet d\u2019avant, bien que conqu\u00e9rant, souffre de la comparaison avec le Stade Toulousain. Pour rem\u00e9dier \u00e0 ce probl\u00e8me, Laurent Marti s\u2019active en coulisses. Alors que la signature de <a href=\"https:\/\/www.quinzemondial.com\/top-14\/ubb-enorme-coup-pour-le-club-willis-debarque-819746\" rel=\"nofollow noopener\" target=\"_blank\">Tom Willis serait act\u00e9e<\/a>, l\u2019UBB ne compterait pas s\u2019arr\u00eater l\u00e0 et aurait deux joueurs du Stade Toulousain dans le viseur.<\/p>\n<p>Selon<a href=\"https:\/\/www.rugbyrama.fr\/midi-olympique\/\" rel=\"nofollow noopener\" target=\"_blank\"> Midi Olympique,<\/a> un pilier gauche est recherch\u00e9 pour venir concurrencer Jefferson Poirot. David Ainu\u2019u et <a href=\"https:\/\/www.quinzemondial.com\/top-14\/ubb-le-club-pret-a-chiper-un-international-francais-au-stade-toulousain-819594\" rel=\"nofollow noopener\" target=\"_blank\">Paul Mallez<\/a>, tous deux en fin de contrat, seraient ainsi pist\u00e9s. Reste \u00e0 savoir si l\u2019UBB saura se montrer suffisamment convaincante pour les faire quitter les triples champions de France en titre. Le premier est un cadre de l\u2019effectif quand le second revient de deux ann\u00e9es de pr\u00eat r\u00e9ussies et avec le statut d\u2019international.<\/p>\n<p>Partagez cette info avec vos amis et vos proches en cliquant ici<br \/>Pour r\u00e9sumer<\/p>\n<p>L\u2019Union Bordeaux-B\u00e8gles cherche \u00e0 renforcer sa premi\u00e8re-ligne en vue de la saison prochaine. Pour se faire, le club girondin aurait deux joueurs du Stade Toulousain dans le viseur. Paul Mallez et David Ainu&rsquo;u seraient cibl\u00e9s.<\/p>\n<p> <img decoding=\"async\" width=\"76\" height=\"76\" loading=\"lazy\" src=\"https:\/\/www.europesays.com\/fr\/wp-content\/uploads\/2025\/04\/avatar-quinze.png\" alt=\"Arnaud D\u00e9chelotte\"\/><\/p>\n","protected":false},"excerpt":{"rendered":"L\u2019Union Bordeaux-B\u00e8gles esp\u00e8re jouer un bien mauvais tour \u00e0 son rival. Depuis des mois, le club s\u2019est impos\u00e9&hellip;\n","protected":false},"author":2,"featured_media":476758,"comment_status":"","ping_status":"","sticky":false,"template":"","format":"standard","meta":{"footnotes":""},"categories":[1416],"tags":[1011,27,479,1468,60,476,478],"class_list":{"0":"post-476757","1":"post","2":"type-post","3":"status-publish","4":"format-standard","5":"has-post-thumbnail","7":"category-rugby","8":"tag-fr","9":"tag-france","10":"tag-rugby","11":"tag-rugby-football","12":"tag-sports","13":"tag-stade-toulousain","14":"tag-top-14"},"share_on_mastodon":{"url":"https:\/\/pubeurope.com\/@fr\/115405806768305353","error":""},"_links":{"self":[{"href":"https:\/\/www.europesays.com\/fr\/wp-json\/wp\/v2\/posts\/476757","targetHints":{"allow":["GET"]}}],"collection":[{"href":"https:\/\/www.europesays.com\/fr\/wp-json\/wp\/v2\/posts"}],"about":[{"href":"https:\/\/www.europesays.com\/fr\/wp-json\/wp\/v2\/types\/post"}],"author":[{"embeddable":true,"href":"https:\/\/www.europesays.com\/fr\/wp-json\/wp\/v2\/users\/2"}],"replies":[{"embeddable":true,"href":"https:\/\/www.europesays.com\/fr\/wp-json\/wp\/v2\/comments?post=476757"}],"version-history":[{"count":0,"href":"https:\/\/www.europesays.com\/fr\/wp-json\/wp\/v2\/posts\/476757\/revisions"}],"wp:featuredmedia":[{"embeddable":true,"href":"https:\/\/www.europesays.com\/fr\/wp-json\/wp\/v2\/media\/476758"}],"wp:attachment":[{"href":"https:\/\/www.europesays.com\/fr\/wp-json\/wp\/v2\/media?parent=476757"}],"wp:term":[{"taxonomy":"category","embeddable":true,"href":"https:\/\/www.europesays.com\/fr\/wp-json\/wp\/v2\/categories?post=476757"},{"taxonomy":"post_tag","embeddable":true,"href":"https:\/\/www.europesays.com\/fr\/wp-json\/wp\/v2\/tags?post=476757"}],"curies":[{"name":"wp","href":"https:\/\/api.w.org\/{rel}","templated":true}]}}