{"id":476761,"date":"2025-10-20T09:35:18","date_gmt":"2025-10-20T09:35:18","guid":{"rendered":"https:\/\/www.europesays.com\/fr\/476761\/"},"modified":"2025-10-20T09:35:18","modified_gmt":"2025-10-20T09:35:18","slug":"motogp-sylvain-guintoli-a-la-croisee-des-chemins-jadore-la-course-voir-a-quel-point-mon-fils-a-ete-courageux-ma-profondement-inspire-2","status":"publish","type":"post","link":"https:\/\/www.europesays.com\/fr\/476761\/","title":{"rendered":"MotoGP, Sylvain Guintoli \u00e0 la crois\u00e9e des chemins : \u00ab\u00a0j\u2019adore la course, voir \u00e0 quel point mon fils a \u00e9t\u00e9 courageux m\u2019a profond\u00e9ment inspir\u00e9\u00a0\u00bb"},"content":{"rendered":"<p><strong>\u00c0 43 ans, Sylvain Guintoli n\u2019a rien perdu de sa flamme.<br \/>\nChampion du monde Superbike en 2014, pilote d\u2019essai BMW, r\u00e9f\u00e9rence<br \/>\nen endurance mondiale et consultant reconnu sur TNT Sports, le<br \/>\nFran\u00e7ais continue de jongler entre les circuits, les studios et les<br \/>\npaddocks. Et malgr\u00e9 les rumeurs de retraite, il est formel : la<br \/>\ncourse reste sa vie.<\/strong><\/p>\n<p>\u00ab <strong>J\u2019ai entendu dire que j\u2019allais<br \/>\narr\u00eater<\/strong>, mais j\u2019adore la course. Si tu peux<br \/>\nencore te battre pour la victoire, pourquoi t\u2019arr\u00eaterais-tu ? C\u2019est<br \/>\nle plus beau m\u00e9tier du monde ! \u00bb commente-t-il sur <a href=\"https:\/\/www.crash.net\/motogp\/news\/1084032\/1\/sylvain-guintolis-2026-plans-retire-its-best-job-world\" target=\"_blank\" rel=\"noopener\"><br \/>\ncrash.net<\/a>.<\/p>\n<p>La force mentale de <strong>Guintoli<\/strong> force le respect.<br \/>\nIl a travers\u00e9 une \u00e9preuve tragique avec la perte de son fils Luca.<br \/>\nUn drame qui, paradoxalement, l\u2019a encore renforc\u00e9.<\/p>\n<p>\u00ab <strong>Les deux derni\u00e8res ann\u00e9es ont \u00e9t\u00e9 tr\u00e8s<br \/>\ndifficiles<\/strong>. Voir \u00e0 quel point mon fils a \u00e9t\u00e9<br \/>\ncourageux m\u2019a profond\u00e9ment inspir\u00e9. <strong>J\u2019ai cinq<br \/>\nautres enfants, et je veux qu\u2019ils voient qu\u2019il faut continuer \u00e0 se<br \/>\nbattre, quoi qu\u2019il arrive<\/strong>. Luca \u00e9tait un gar\u00e7on<br \/>\nincroyable, et <strong>courir, c\u2019est aussi ma mani\u00e8re de lui rendre<br \/>\nhommage<\/strong>. \u00bb<\/p>\n<p>Cette r\u00e9silience s\u2019est traduite sur la piste : le Fran\u00e7ais a<br \/>\nsign\u00e9 l\u2019une de ses meilleures saisons en <strong><a href=\"https:\/\/www.paddock-gp.com\/endurance-sylvain-guintoli-un-bol-dor-pour-son-fils-luca-un-combat-heroique-brise-a-28-minutes-de-la-gloire\/\" target=\"_blank\" rel=\"noopener\"><br \/>\nendurance<\/a><\/strong>, multipliant les records et les performances<br \/>\nsolides.<\/p>\n<p>\u00ab <strong>Je n\u2019ai jamais \u00e9t\u00e9 aussi rapide que cette<br \/>\nann\u00e9e<\/strong> \u00bb, affirme-t-il. \u00ab Au Mans, j\u2019ai men\u00e9 d\u00e8s<br \/>\nle d\u00e9part, j\u2019ai battu le record du tour \u00e0 Spa\u2026 Ce circuit est<br \/>\nmagique. J\u2019adore \u00e7a. \u00bb<\/p>\n<p>Depuis son arriv\u00e9e chez <a href=\"https:\/\/www.paddock-gp.com\/wsbk-bmw-et-le-motogp-une-absence-calculee-pas-un-aveu-de-faiblesse\/\" target=\"_blank\" rel=\"noopener\"><br \/>\n<strong>BMW<\/strong><\/a>, <strong>Guintoli<\/strong> joue un r\u00f4le<br \/>\ncl\u00e9 \u00e0 deux niveaux : pilote d\u2019essai WorldSBK et pilote officiel du<br \/>\nprogramme EWC.<\/p>\n<p>\u00ab En Superbike, le but \u00e9tait d\u2019aider l\u2019usine \u00e0 gagner le<br \/>\ntitre, et avec Toprak, c\u2019est clairement en bonne voie \u00bb,<br \/>\nexplique-t-il. \u00ab En endurance, notre objectif \u00e9tait de faire de<br \/>\nl\u2019\u00e9quipe un pr\u00e9tendant au titre. Nous l\u2019avons atteint, <strong>m\u00eame<br \/>\nsi la m\u00e9canique nous a parfois trahis<\/strong>. \u00bb<\/p>\n<p>Entre un probl\u00e8me d\u2019\u00e9chappement au Mans, une casse \u00e0 Suzuka et<br \/>\nune panne moteur au Bol d\u2019Or, le titre s\u2019est envol\u00e9 dans les<br \/>\nderni\u00e8res minutes. Mais la performance reste.<\/p>\n<p><img loading=\"lazy\" decoding=\"async\" class=\"aligncenter\" src=\"https:\/\/www.europesays.com\/fr\/wp-content\/uploads\/2025\/10\/3000_whatsapp-image-2025-10-16-at-09.38.31.jpeg\" alt=\"Sylvain Guintoli (Photo : BMW Motorrad Motorsport).\" width=\"1190\" height=\"793\"\/><\/p>\n<p><strong>Sylvain Guintoli : \u00ab<br \/>\nJ\u2019aime la vitesse, j\u2019aime le bruit, j\u2019aime l\u2019adr\u00e9naline. C\u2019est<br \/>\nma vie. Et tant que le c\u0153ur bat pour \u00e7a, je ne l\u00e2cherai pas.<br \/>\n\u00bb<\/strong><\/p>\n<p>\u00ab La vitesse \u00e9tait l\u00e0, et nous avons tenu nos promesses.<br \/>\n<strong>Travailler sur les deux programmes BMW, c\u2019\u00e9tait<br \/>\npassionnant<\/strong>. \u00bb<\/p>\n<p>Une prolongation de contrat est \u00e0 l\u2019\u00e9tude pour 2026, \u00e0 la fois<br \/>\nen tests et en endurance. Et <strong>Guintoli<\/strong> n\u2019\u00e9carte<br \/>\nrien : \u00ab je suis super motiv\u00e9 pour faire partie d\u2019un projet<br \/>\nexcitant et <strong>continuer \u00e0 gagner<\/strong>. \u00bb<\/p>\n<p>Depuis plusieurs ann\u00e9es, <strong>Guintoli<\/strong> s\u2019est impos\u00e9<br \/>\ncomme l\u2019une des voix les plus respect\u00e9es du MotoGP britannique. Son<br \/>\nton calme, ses analyses techniques et sa connaissance intime des<br \/>\npaddocks lui valent une place centrale sur TNT Sports.<\/p>\n<p>\u00ab L\u2019\u00e9quipe t\u00e9l\u00e9, c\u2019est comme <strong>une deuxi\u00e8me famille<br \/>\npour moi<\/strong>. Il y a une alchimie incroyable, sur le plateau<br \/>\ncomme en dehors. Ils m\u2019ont beaucoup soutenu ces derni\u00e8res<br \/>\nann\u00e9es. \u00bb<\/p>\n<p>Et le Fran\u00e7ais y trouve un \u00e9quilibre pr\u00e9cieux : \u00ab \u00eatre \u00e0 la<br \/>\nt\u00e9l\u00e9, c\u2019est compl\u00e8tement diff\u00e9rent, mais c\u2019est un<br \/>\nprivil\u00e8ge<strong>. Continuer \u00e0 rouler me rend meilleur analyste,<br \/>\nparce que je sais exactement ce que vivent les pilotes<\/strong>.<br \/>\nCes r\u00f4les se compl\u00e8tent parfaitement. \u00bb<\/p>\n<p>De ses d\u00e9buts en Grand Prix \u00e0 son titre mondial en Superbike, en<br \/>\npassant par son r\u00f4le cl\u00e9 dans le d\u00e9veloppement des pneus Michelin<br \/>\nMotoGP avec Suzuki, <strong>Sylvain Guintoli<\/strong> a tout<br \/>\nv\u00e9cu.<\/p>\n<p>Et pourtant, il garde cette m\u00eame \u00e9tincelle qu\u2019\u00e0 ses 20 ans. \u00ab<br \/>\nJe prendrai ma retraite quand je serai \u00e0 plat. Tant que je peux<br \/>\npiloter vite, apprendre et me battre, je continue. \u00bb<\/p>\n<p>Entre la douleur, la performance et la passion pure,<br \/>\n<strong>Sylvain Guintoli<\/strong> incarne aujourd\u2019hui une rare<br \/>\nauthenticit\u00e9 dans le sport moto : celle d\u2019un homme qui n\u2019a plus<br \/>\nrien \u00e0 prouver, mais encore tout \u00e0 vivre.<\/p>\n<p>\u00ab J\u2019aime la vitesse, j\u2019aime le bruit, j\u2019aime l\u2019adr\u00e9naline.<br \/>\nC\u2019est ma vie. Et tant que le c\u0153ur bat pour \u00e7a, je ne l\u00e2cherai<br \/>\npas. \u00bb Belle conclusion.<\/p>\n<p><img loading=\"lazy\" decoding=\"async\" class=\"aligncenter\" src=\"https:\/\/www.europesays.com\/fr\/wp-content\/uploads\/2025\/10\/3000_339e9978-30cb-4a15-a11b-25b6c765608c.jpg\" alt=\"Sylvain Guintoli (Photo : Lukasz Swiderek)\" width=\"1195\" height=\"796\"\/><\/p>\n<p>\u00a0<\/p>\n","protected":false},"excerpt":{"rendered":"\u00c0 43 ans, Sylvain Guintoli n\u2019a rien perdu de sa flamme. Champion du monde Superbike en 2014, pilote&hellip;\n","protected":false},"author":2,"featured_media":476511,"comment_status":"","ping_status":"","sticky":false,"template":"","format":"standard","meta":{"footnotes":""},"categories":[1413],"tags":[1011,27,1457,1456,60],"class_list":{"0":"post-476761","1":"post","2":"type-post","3":"status-publish","4":"format-standard","5":"has-post-thumbnail","7":"category-moto","8":"tag-fr","9":"tag-france","10":"tag-moto","11":"tag-motocycle","12":"tag-sports"},"share_on_mastodon":{"url":"https:\/\/pubeurope.com\/@fr\/115405818239665280","error":""},"_links":{"self":[{"href":"https:\/\/www.europesays.com\/fr\/wp-json\/wp\/v2\/posts\/476761","targetHints":{"allow":["GET"]}}],"collection":[{"href":"https:\/\/www.europesays.com\/fr\/wp-json\/wp\/v2\/posts"}],"about":[{"href":"https:\/\/www.europesays.com\/fr\/wp-json\/wp\/v2\/types\/post"}],"author":[{"embeddable":true,"href":"https:\/\/www.europesays.com\/fr\/wp-json\/wp\/v2\/users\/2"}],"replies":[{"embeddable":true,"href":"https:\/\/www.europesays.com\/fr\/wp-json\/wp\/v2\/comments?post=476761"}],"version-history":[{"count":0,"href":"https:\/\/www.europesays.com\/fr\/wp-json\/wp\/v2\/posts\/476761\/revisions"}],"wp:featuredmedia":[{"embeddable":true,"href":"https:\/\/www.europesays.com\/fr\/wp-json\/wp\/v2\/media\/476511"}],"wp:attachment":[{"href":"https:\/\/www.europesays.com\/fr\/wp-json\/wp\/v2\/media?parent=476761"}],"wp:term":[{"taxonomy":"category","embeddable":true,"href":"https:\/\/www.europesays.com\/fr\/wp-json\/wp\/v2\/categories?post=476761"},{"taxonomy":"post_tag","embeddable":true,"href":"https:\/\/www.europesays.com\/fr\/wp-json\/wp\/v2\/tags?post=476761"}],"curies":[{"name":"wp","href":"https:\/\/api.w.org\/{rel}","templated":true}]}}