{"id":476762,"date":"2025-10-20T09:36:13","date_gmt":"2025-10-20T09:36:13","guid":{"rendered":"https:\/\/www.europesays.com\/fr\/476762\/"},"modified":"2025-10-20T09:36:13","modified_gmt":"2025-10-20T09:36:13","slug":"ferrari-calme-le-jeu-john-elkann-reaffirme-sa-confiance-en-vasseur","status":"publish","type":"post","link":"https:\/\/www.europesays.com\/fr\/476762\/","title":{"rendered":"Ferrari calme le jeu : John Elkann r\u00e9affirme sa confiance en Vasseur"},"content":{"rendered":"<p>Depuis plusieurs jours, des <a href=\"https:\/\/www.autohebdo.fr\/actualites\/f1\/rumeur-horner-vasseur-ferrari.html\" target=\"_blank\" rel=\"noopener\">rumeurs<\/a> \u2013 vraisemblablement infond\u00e9es \u2013 bruissaient dans le paddock concernant une possible arriv\u00e9e de Christian Horner, ancien directeur de l\u2019\u00e9curie <a href=\"https:\/\/www.autohebdo.fr\/actualites\/ecurie\/red-bull-racing\" data-internallinksmanager029f6b8e52c=\"78\" title=\"Ecurie F1 Red Bull Racing\" target=\"_blank\" rel=\"noopener\">Red Bull<\/a> \u00e9vinc\u00e9 cet \u00e9t\u00e9, au sein de la <a href=\"https:\/\/www.autohebdo.fr\/actualites\/ecurie\/ferrari\" data-internallinksmanager029f6b8e52c=\"74\" title=\"Ferrari\" target=\"_blank\" rel=\"noopener\">Scuderia<\/a> Ferrari.<\/p>\n<p>L\u2019Anglais, qui a officialis\u00e9 son divorce avec la firme autrichienne en septembre, est contractuellement libre de rejoindre une nouvelle \u00e9curie courant 2026. Apr\u00e8s une tentative infructueuse aupr\u00e8s de <a href=\"https:\/\/www.autohebdo.fr\/actualites\/ecurie\/haas\" data-internallinksmanager029f6b8e52c=\"82\" title=\"Ecurie Haas F1 Team\" target=\"_blank\" rel=\"noopener\">Haas<\/a>, confirm\u00e9e par le directeur de l\u2019\u00e9curie am\u00e9ricaine Ayao Komatsu, le Britannique aurait pr\u00e9tendument jet\u00e9 son d\u00e9volu sur la formation de Maranello, qui se trouvait alors dans une position d\u00e9licate avec une p\u00e9riode creuse de cinq Grands Prix sans podium (avant la 3e place de <a href=\"https:\/\/www.autohebdo.fr\/pilote\/f1\/charles-leclerc\" data-internallinksmanager029f6b8e52c=\"5\" title=\"Charles Leclerc\" target=\"_blank\" rel=\"noopener\">Charles Leclerc<\/a> au Grand Prix des \u00c9tats-Unis). \u00c0 noter par ailleurs que Fr\u00e9d\u00e9ric Vasseur a \u00e9t\u00e9 renouvel\u00e9 \u00e0 la t\u00eate de la Scuderia fin juillet.<\/p>\n<\/p>\n<p><strong>Hamilton vole au secours de Vasseur\u00a0: \u00ab Ces rumeurs ne sont pas utiles \u00bb<\/strong><\/p>\n<p>Pour soutenir son patron, <a href=\"https:\/\/www.autohebdo.fr\/pilote\/f1\/lewis-hamilton-2\" data-internallinksmanager029f6b8e52c=\"41\" title=\"Lewis Hamilton\" target=\"_blank\" rel=\"noopener\">Lewis Hamilton<\/a> a <a href=\"https:\/\/www.autohebdo.fr\/actualites\/f1\/hamilton-balaye-une-potentielle-arrivee-de-horner-chez-ferrari-ces-rumeurs-ne-sont-pas-utiles.html\" target=\"_blank\" rel=\"noopener\">balay\u00e9<\/a> une rumeur qu\u2019il juge perturbatrice pour les Rouges en marge du Grand Prix des \u00c9tats-Unis. \u00ab Je ne sais pas d\u2019o\u00f9 viennent ces rumeurs, donc je ne peux pas vraiment en parler. C\u2019est un peu distrayant pour nous en tant qu\u2019\u00e9quipe, mais Ferrari a d\u00e9j\u00e0 clarifi\u00e9 sa position sur la prolongation de Fred,\u00a0assure le Britannique.\u00a0\u00ab Nous travaillons tous tr\u00e8s dur pour le futur de l\u2019\u00e9quipe, et ces rumeurs ne sont pas utiles. \u00bb<\/p>\n<p>Las des sp\u00e9culations aliment\u00e9es par les m\u00e9dias italiens, Fr\u00e9d\u00e9ric Vasseur \u00e9tait d\u00e9j\u00e0 mont\u00e9 au cr\u00e9neau en marge du Grand Prix du Canada alors que son avenir au sein de la Scuderia semblait encore incertain. \u00ab Peut-\u00eatre que pour eux, c\u2019est la seule fa\u00e7on d\u2019exister. Mais cela fait vraiment du mal \u00e0 l\u2019\u00e9quipe \u00bb,\u00a0s\u2019\u00e9tait emport\u00e9 Fr\u00e9d\u00e9ric Vasseur.\u00a0\u00ab \u00c0 un moment, \u00e7a d\u00e9tourne notre concentration. \u00bb<\/p>\n<p><strong>\u00c0 LIRE AUSSI &gt; <a href=\"https:\/\/www.autohebdo.fr\/actualites\/f1\/pour-frederic-vasseur-larret-du-developpement-de-la-ferrari-pese-un-peu-pour-lequipe.html\" target=\"_blank\" rel=\"noopener\">Pour Fr\u00e9d\u00e9ric Vasseur, l\u2019arr\u00eat du d\u00e9veloppement de la Ferrari \u00ab p\u00e8se un peu pour l\u2019\u00e9quipe \u00bb<\/a><\/strong><\/p>\n<p><strong>Ferrari remet les pendules \u00e0 l\u2019heure<\/strong><\/p>\n<p>En \u00e9cho au septuple champion du monde, le pr\u00e9sident de Ferrari, John Elkann a dissip\u00e9 les rumeurs. Le dirigeant italien a exprim\u00e9 sa pleine confiance dans la gestion du Fran\u00e7ais. \u00ab\u00a0Je tiens \u00e0 exprimer notre enti\u00e8re confiance en notre directeur d\u2019\u00e9curie, Fred Vasseur, et dans le travail qu\u2019il accomplit avec tous nos coll\u00e8gues de la Scuderia Ferrari\u00a0: les m\u00e9caniciens, les ing\u00e9nieurs et les pilotes qui courent ce week-end \u00e0 Austin\u00a0\u00bb insiste Elkann. \u00ab\u00a0Je tiens \u00e9galement \u00e0 r\u00e9affirmer l\u2019importance du travail d\u2019\u00e9quipe pour que chacun reste concentr\u00e9 sur le seul objectif qui compte\u00a0: toujours donner le meilleur de nous-m\u00eames sur la piste\u00a0\u00bb De quoi conforter Fr\u00e9d\u00e9ric Vasseur dans ses fonctions \u00e0 la t\u00eate de la Scuderia.<\/p>\n<p><strong>\u00c0 LIRE AUSSI &gt; \u00a0<a href=\"https:\/\/www.autohebdo.fr\/actualites\/f1\/retour-dans-la-cour-des-grands-pour-williams.html\" target=\"_blank\" rel=\"noopener\">Retour dans la cour des grands pour Williams<\/a><\/strong><\/p>\n","protected":false},"excerpt":{"rendered":"Depuis plusieurs jours, des rumeurs \u2013 vraisemblablement infond\u00e9es \u2013 bruissaient dans le paddock concernant une possible arriv\u00e9e de&hellip;\n","protected":false},"author":2,"featured_media":476763,"comment_status":"","ping_status":"","sticky":false,"template":"","format":"standard","meta":{"footnotes":""},"categories":[1412],"tags":[2240,3380,1451,1452,1453,1454,1455,1011,27,52677,18291,1975,3504,60],"class_list":{"0":"post-476762","1":"post","2":"type-post","3":"status-publish","4":"format-standard","5":"has-post-thumbnail","7":"category-f1","8":"tag-charles-leclerc","9":"tag-christian-horner","10":"tag-f1","11":"tag-formula-1","12":"tag-formula1","13":"tag-formule-1","14":"tag-formule1","15":"tag-fr","16":"tag-france","17":"tag-frederic-vasseur","18":"tag-john-elkann","19":"tag-lewis-hamilton","20":"tag-scuderia-ferrari","21":"tag-sports"},"share_on_mastodon":{"url":"https:\/\/pubeurope.com\/@fr\/115405821360095253","error":""},"_links":{"self":[{"href":"https:\/\/www.europesays.com\/fr\/wp-json\/wp\/v2\/posts\/476762","targetHints":{"allow":["GET"]}}],"collection":[{"href":"https:\/\/www.europesays.com\/fr\/wp-json\/wp\/v2\/posts"}],"about":[{"href":"https:\/\/www.europesays.com\/fr\/wp-json\/wp\/v2\/types\/post"}],"author":[{"embeddable":true,"href":"https:\/\/www.europesays.com\/fr\/wp-json\/wp\/v2\/users\/2"}],"replies":[{"embeddable":true,"href":"https:\/\/www.europesays.com\/fr\/wp-json\/wp\/v2\/comments?post=476762"}],"version-history":[{"count":0,"href":"https:\/\/www.europesays.com\/fr\/wp-json\/wp\/v2\/posts\/476762\/revisions"}],"wp:featuredmedia":[{"embeddable":true,"href":"https:\/\/www.europesays.com\/fr\/wp-json\/wp\/v2\/media\/476763"}],"wp:attachment":[{"href":"https:\/\/www.europesays.com\/fr\/wp-json\/wp\/v2\/media?parent=476762"}],"wp:term":[{"taxonomy":"category","embeddable":true,"href":"https:\/\/www.europesays.com\/fr\/wp-json\/wp\/v2\/categories?post=476762"},{"taxonomy":"post_tag","embeddable":true,"href":"https:\/\/www.europesays.com\/fr\/wp-json\/wp\/v2\/tags?post=476762"}],"curies":[{"name":"wp","href":"https:\/\/api.w.org\/{rel}","templated":true}]}}