{"id":476764,"date":"2025-10-20T09:37:11","date_gmt":"2025-10-20T09:37:11","guid":{"rendered":"https:\/\/www.europesays.com\/fr\/476764\/"},"modified":"2025-10-20T09:37:11","modified_gmt":"2025-10-20T09:37:11","slug":"aubin-sparfel-dans-le-worldtour-en-2027-actualite","status":"publish","type":"post","link":"https:\/\/www.europesays.com\/fr\/476764\/","title":{"rendered":"Aubin Sparfel dans le WorldTour en 2027 &#8211; Actualit\u00e9"},"content":{"rendered":"<p style=\"text-align: justify;\">Auteur d\u2019une premi\u00e8re saison Espoirs tr\u00e8s r\u00e9ussie, Aubin Sparfel va rester une saison suppl\u00e9mentaire dans la Conti de Decathlon AG2R La Mondiale avant de faire le grand saut. Il rejoindra en effet la WorldTeam savoyarde en 2027. Son contrat porte jusqu&rsquo;\u00e0 fin 2028.<\/p>\n<p>Le Vosgien de 19 ans a remport\u00e9 cette saison l\u2019Alpes Is\u00e8re Tour (2.2) apr\u00e8s s\u2019\u00eatre offert la derni\u00e8re \u00e9tape \u00e0 la M\u00fbre, le Tour du Finist\u00e8re (1.1), disput\u00e9 avec la WorldTeam, et une \u00e9tape du Tour Alsace (2.2) o\u00f9 il a pris la 15e place du g\u00e9n\u00e9ral.<\/p>\n<p>Il s\u2019est par ailleurs class\u00e9 3e du Tour de Bretagne (2.2) o\u00f9 il a fini 2e et 6e d\u2019\u00e9tape, 2e, 3e et 5e d\u2019\u00e9tape au Tour d\u2019Italie Espoirs (2.2U) ou encore 9e du Championnat de France du contre-la-montre U23.<\/p>\n<p>Ancien Champion d\u2019Europe Junior, il est un sp\u00e9cialiste de cyclo-cross. La saison derni\u00e8re, pour son premier hiver chez les Espoirs, il avait remport\u00e9 la Coupe de France et s\u2019\u00e9tait class\u00e9 2e du Championnat de France, derri\u00e8re L\u00e9o Bisiaux, 3e de la Coupe du Monde et 6e du Championnat du Monde de Li\u00e9vin.<\/p>\n<p>Retrouvez tous les transferts du peloton professionnel\u00a0<strong><a href=\"https:\/\/www.directvelo.com\/mutations\/2026#teams-pro\" target=\"_blank\" rel=\"noopener\">en cliquant ici<\/a><\/strong>.<\/p>\n","protected":false},"excerpt":{"rendered":"Auteur d\u2019une premi\u00e8re saison Espoirs tr\u00e8s r\u00e9ussie, Aubin Sparfel va rester une saison suppl\u00e9mentaire dans la Conti de&hellip;\n","protected":false},"author":2,"featured_media":476765,"comment_status":"","ping_status":"","sticky":false,"template":"","format":"standard","meta":{"footnotes":""},"categories":[1411],"tags":[834,828,836,829,837,827,83,826,824,823,1154,207,814,817,815,816,822,821,832,211,839,1011,27,820,818,819,835,831,830,833,838,60,212,208,825],"class_list":{"0":"post-476764","1":"post","2":"type-post","3":"status-publish","4":"format-standard","5":"has-post-thumbnail","7":"category-cyclisme","8":"tag-attaque","9":"tag-belgique","10":"tag-braquet","11":"tag-bretagne","12":"tag-chute","13":"tag-competition","14":"tag-coupe-de-france","15":"tag-coureur","16":"tag-course-cyclisme","17":"tag-course-cycliste","18":"tag-cycling","19":"tag-cyclisme","20":"tag-direct","21":"tag-direct-velo","22":"tag-directvelo","23":"tag-directvelo-com","24":"tag-epreuve","25":"tag-epreuve-cycliste","26":"tag-federation-francaise-de-cyclisme","27":"tag-ffc","28":"tag-flandres","29":"tag-fr","30":"tag-france","31":"tag-live","32":"tag-live-course","33":"tag-live-epreuve","34":"tag-peloton","35":"tag-radio-peloton","36":"tag-radio-tour","37":"tag-ravitaillement","38":"tag-relance","39":"tag-sports","40":"tag-uci","41":"tag-velo","42":"tag-velos"},"share_on_mastodon":{"url":"https:\/\/pubeurope.com\/@fr\/115405825536548238","error":""},"_links":{"self":[{"href":"https:\/\/www.europesays.com\/fr\/wp-json\/wp\/v2\/posts\/476764","targetHints":{"allow":["GET"]}}],"collection":[{"href":"https:\/\/www.europesays.com\/fr\/wp-json\/wp\/v2\/posts"}],"about":[{"href":"https:\/\/www.europesays.com\/fr\/wp-json\/wp\/v2\/types\/post"}],"author":[{"embeddable":true,"href":"https:\/\/www.europesays.com\/fr\/wp-json\/wp\/v2\/users\/2"}],"replies":[{"embeddable":true,"href":"https:\/\/www.europesays.com\/fr\/wp-json\/wp\/v2\/comments?post=476764"}],"version-history":[{"count":0,"href":"https:\/\/www.europesays.com\/fr\/wp-json\/wp\/v2\/posts\/476764\/revisions"}],"wp:featuredmedia":[{"embeddable":true,"href":"https:\/\/www.europesays.com\/fr\/wp-json\/wp\/v2\/media\/476765"}],"wp:attachment":[{"href":"https:\/\/www.europesays.com\/fr\/wp-json\/wp\/v2\/media?parent=476764"}],"wp:term":[{"taxonomy":"category","embeddable":true,"href":"https:\/\/www.europesays.com\/fr\/wp-json\/wp\/v2\/categories?post=476764"},{"taxonomy":"post_tag","embeddable":true,"href":"https:\/\/www.europesays.com\/fr\/wp-json\/wp\/v2\/tags?post=476764"}],"curies":[{"name":"wp","href":"https:\/\/api.w.org\/{rel}","templated":true}]}}