{"id":476772,"date":"2025-10-20T09:41:15","date_gmt":"2025-10-20T09:41:15","guid":{"rendered":"https:\/\/www.europesays.com\/fr\/476772\/"},"modified":"2025-10-20T09:41:15","modified_gmt":"2025-10-20T09:41:15","slug":"stephanie-artarit-laureate-de-la-premiere-edition-du-prix-ensemble-pour-limaginaire","status":"publish","type":"post","link":"https:\/\/www.europesays.com\/fr\/476772\/","title":{"rendered":"St\u00e9phanie Artarit, laur\u00e9ate de la premi\u00e8re \u00e9dition du prix Ensemble pour l\u2019Imaginaire"},"content":{"rendered":"<p>\u00c0 l&rsquo;occasion de sa premi\u00e8re \u00e9dition, le prix Ensemble pour l\u2019Imaginaire a distingu\u00e9\u00a0<strong>St\u00e9phanie Artarit <\/strong>pour On ne mange pas les cannibales, paru chez Belfond (mai\u00a02025). Elle l&#8217;emporte ainsi face \u00e0 <strong>Anouk Shutterberg<\/strong>, finaliste avec\u00a0In extremis (R\u00e9camier), et<strong>\u00a0Micha\u00ebl Mention<\/strong>, en lice pour\u00a0Qu&rsquo;un sang impur (Belfond).<\/p>\n<p>Dans ce polar, son second roman apr\u00e8s L&rsquo;argent, tout le temps \u00e9galement paru chez Belfond noir (2023), St\u00e9phanie Artarit nous emm\u00e8ne dans les Pyr\u00e9n\u00e9es-Orientales en 1976, en compagnie de No\u00ebl Rivi\u00e8re, propri\u00e9taire d&rsquo;un zoo familial, et de Bambi, une adolescente livr\u00e9e \u00e0 elle-m\u00eame qui s&rsquo;introduit chaque jour dans le parc pour \u00e9chapper \u00e0 sa vie mis\u00e9reuse et \u00e0 son fr\u00e8re violent.<\/p>\n<p>Dot\u00e9 de 3\u00a0000\u00a0euros, le prix lui a \u00e9t\u00e9 remis\u00a0le vendredi 17\u00a0octobre 2025 lors de la soir\u00e9e inaugurale du Festival sans nom \u00e0 Mulhouse par <strong>Olivier Norek<\/strong>, pr\u00e9sident de la Ligue de l\u2019Imaginaire, <strong>Nicolas Lebel<\/strong>, tr\u00e9sorier de la Ligue de l\u2019Imaginaire, <strong>Alexia Sevoz<\/strong>, secr\u00e9taire g\u00e9n\u00e9rale des Libraires Ensemble, <strong>Camille Lejeune<\/strong>, responsable de l\u2019animation du r\u00e9seau Libraires Ensemble, et des membres du jury.<\/p>\n<p>Valoriser le polar francophone<\/p>\n<p>N\u00e9 en 2025 du partenariat des Libraires Ensemble, une association nationale de librairies\u00a0ind\u00e9pendantes, et de la Ligue de l\u2019Imaginaire, un collectif d&rsquo;\u00e9crivains francophones cr\u00e9\u00e9 en 2008, le prix Ensemble pour l&rsquo;Imaginaire illustre leur \u00ab\u00a0volont\u00e9 de renforcer le rayonnement de la litt\u00e9rature de genre dans tout le territoire pour que l\u2019art populaire soit accessible au plus grand nombre\u00a0\u00bb, souligne un communiqu\u00e9 paru le 18\u00a0octobre.<\/p>\n<p>Ce prix saluera chaque ann\u00e9e le polar d\u2019une autrice ou d\u2019un auteur francophone paru entre novembre et mai de l\u2019ann\u00e9e en cours. \u00c9voluant d\u2019une ann\u00e9e sur l\u2019autre, le jury est constitu\u00e9 de libraires, de membres de la Ligue et de personnalit\u00e9s de l\u2019interprofession. Les ouvrages finalistes seront chaque ann\u00e9e mis en avant chez les membres de l&rsquo;association Libraires Ensemble.<\/p>\n","protected":false},"excerpt":{"rendered":"\u00c0 l&rsquo;occasion de sa premi\u00e8re \u00e9dition, le prix Ensemble pour l\u2019Imaginaire a distingu\u00e9\u00a0St\u00e9phanie Artarit pour On ne mange&hellip;\n","protected":false},"author":2,"featured_media":476773,"comment_status":"","ping_status":"","sticky":false,"template":"","format":"standard","meta":{"footnotes":""},"categories":[1357],"tags":[1379,58,59,1011,27,1380],"class_list":{"0":"post-476772","1":"post","2":"type-post","3":"status-publish","4":"format-standard","5":"has-post-thumbnail","7":"category-livres","8":"tag-books","9":"tag-divertissement","10":"tag-entertainment","11":"tag-fr","12":"tag-france","13":"tag-livres"},"share_on_mastodon":{"url":"https:\/\/pubeurope.com\/@fr\/115405841091668792","error":""},"_links":{"self":[{"href":"https:\/\/www.europesays.com\/fr\/wp-json\/wp\/v2\/posts\/476772","targetHints":{"allow":["GET"]}}],"collection":[{"href":"https:\/\/www.europesays.com\/fr\/wp-json\/wp\/v2\/posts"}],"about":[{"href":"https:\/\/www.europesays.com\/fr\/wp-json\/wp\/v2\/types\/post"}],"author":[{"embeddable":true,"href":"https:\/\/www.europesays.com\/fr\/wp-json\/wp\/v2\/users\/2"}],"replies":[{"embeddable":true,"href":"https:\/\/www.europesays.com\/fr\/wp-json\/wp\/v2\/comments?post=476772"}],"version-history":[{"count":0,"href":"https:\/\/www.europesays.com\/fr\/wp-json\/wp\/v2\/posts\/476772\/revisions"}],"wp:featuredmedia":[{"embeddable":true,"href":"https:\/\/www.europesays.com\/fr\/wp-json\/wp\/v2\/media\/476773"}],"wp:attachment":[{"href":"https:\/\/www.europesays.com\/fr\/wp-json\/wp\/v2\/media?parent=476772"}],"wp:term":[{"taxonomy":"category","embeddable":true,"href":"https:\/\/www.europesays.com\/fr\/wp-json\/wp\/v2\/categories?post=476772"},{"taxonomy":"post_tag","embeddable":true,"href":"https:\/\/www.europesays.com\/fr\/wp-json\/wp\/v2\/tags?post=476772"}],"curies":[{"name":"wp","href":"https:\/\/api.w.org\/{rel}","templated":true}]}}