{"id":476778,"date":"2025-10-20T09:44:36","date_gmt":"2025-10-20T09:44:36","guid":{"rendered":"https:\/\/www.europesays.com\/fr\/476778\/"},"modified":"2025-10-20T09:44:36","modified_gmt":"2025-10-20T09:44:36","slug":"voici-ce-quon-en-a-pense-sans-spoiler","status":"publish","type":"post","link":"https:\/\/www.europesays.com\/fr\/476778\/","title":{"rendered":"voici ce qu&rsquo;on en a pens\u00e9 (sans spoiler)"},"content":{"rendered":"<p class=\"app_entry_lead\">\n<p>                    <a title=\"\u00a0\u00a9\u00a0Achille de San Nicolas\" href=\"https:\/\/www.europesays.com\/fr\/wp-content\/uploads\/2025\/10\/81564510.png\" class=\"fancy\"><\/p>\n<p>                            <img loading=\"lazy\" decoding=\"async\" src=\"https:\/\/www.europesays.com\/fr\/wp-content\/uploads\/2025\/10\/81564510.png\" alt=\"Nous avons vu Kaamelott 2\u00a0avant sa sortie\u00a0: voici ce qu'on en a pens\u00e9 (sans spoiler)\" width=\"1500\" height=\"1000\"\/><\/p>\n<p>                    <\/a><\/p>\n<p>                \u00ab\u00a0Kaamelott\u00a0: deuxi\u00e8me volet (partie\u00a01)\u00a0\u00bb est l&rsquo;un des films les plus attendus des sorties cin\u00e9ma du 22\u00a0octobre 2025. On l&rsquo;a vu, voici notre avis sans spoiler sur l&rsquo;intrigue.<\/p>\n<p>C&rsquo;est l&rsquo;un des films fran\u00e7ais les plus attendus de cet automne.\u00a0Les fans d&rsquo;Alexandre Astier pourront bient\u00f4t d\u00e9couvrir le second \u00e9pisode cin\u00e9matographique mettant en sc\u00e8ne les chevaliers de la Table Ronde.\u00a0Kaamelott\u00a0: deuxi\u00e8me volet (partie 1)\u00a0reprend apr\u00e8s les \u00e9v\u00e9nements du premier film, alors que le roi Arthur a r\u00e9cup\u00e9r\u00e9 son tr\u00f4ne (contre son gr\u00e9).<\/p>\n<p>Ce second \u00e9pisode sert d&rsquo;exposition pour les intrigues du deuxi\u00e8me volet.\u00a0On retrouve un roi Arthur abattu apr\u00e8s la destruction de Kaamelott, retranch\u00e9 chez ses beaux-parents en Carm\u00e9lide, alors que le pays de Logres tente de se reconstruire et que ses fid\u00e8les cherchent \u00e0 remettre en place l&rsquo;ordre des Chevaliers de la Table Ronde. Il\u00a0r\u00e9unit alors plusieurs chevaliers autour de la Nouvelle Table ronde et les encourage \u00e0 prouver leurs valeurs au cours de qu\u00eates aux quatre coins du monde.\u00a0<\/p>\n<p>Les fans de la s\u00e9rie retrouvent des visages connus, comme Audrey Fleurot, Anne Girouard, Lionnel Astier, Thomas Cousseau, Jo\u00eblle Sevilla, tandis que de\u00a0nouvelles t\u00eates font leur entr\u00e9e\u00a0: Virginie Ledoyen,\u00a0Haroun, Thomas VDB\u00a0ou Redouane Bougheraba.\u00a0Un absent notable a provoqu\u00e9 la d\u00e9ception des fans\u00a0: Franck Pitiot, interpr\u00e8te de l&rsquo;iconique Perceval, qui n&rsquo;a pas souhait\u00e9 se joindre \u00e0 l&rsquo;aventure.\u00a0Mais Alexandre Astier a tout de m\u00eame trouv\u00e9 une mani\u00e8re d&rsquo;int\u00e9grer le personnage dans l&rsquo;intrigue.<\/p>\n<p><img decoding=\"async\" alt=\"\" src=\"https:\/\/www.europesays.com\/fr\/wp-content\/uploads\/2025\/10\/81564766.jpg\"\/><br \/>\n\u00a9\u00a0SND<\/p>\n<p>\u00a0<\/p>\n<p>Comme le laissait supposer cette distribution longue comme le bras,\u00a0Kaamelott\u00a0: deuxi\u00e8me volet, partie\u00a01\u00a0est un film d&rsquo;exposition choral. On retrouve l&rsquo;esprit de la s\u00e9rie avec ses \u00e9pisodes \u00e0 sketchs condens\u00e9s sur quelques minutes seulement. De fait, on navigue entre plusieurs zones du royaume de Logres, on suit plusieurs personnages et plusieurs qu\u00eates qui se d\u00e9roulent en simultan\u00e9e.<\/p>\n<p>Le r\u00e9sultat est toutefois in\u00e9gal et\u00a0l&rsquo;ensemble manque de liant\u00a0: on navigue aux quatre coins du monde dans des\u00a0qu\u00eates secondaires \u00e0 foison, mais aucune n&rsquo;est\u00a0suffisamment forte pour servir de trame globale \u00e0 l&rsquo;intrigue. Cette absence de fil rouge fonctionnait sur\u00a0les premi\u00e8res saisons de la s\u00e9rie gr\u00e2ce \u00e0 un format plus court et plus percutant. Cela marche beaucoup moins\u00a0dans\u00a0un film de plus de 2\u00a0heures<\/p>\n<p>Les enjeux sont dilu\u00e9s, on saute d&rsquo;un groupe de personnage \u00e0 un autre sans logique, et surtout sans qu&rsquo;aucune intrigue amorc\u00e9e ne soit r\u00e9solue. Ce d\u00e9faut majeur est toutefois totalement compr\u00e9hensible\u00a0:\u00a0Kaamelott, deuxi\u00e8me volet partie\u00a01\u00a0souffre de son statut, celui d&rsquo;\u00eatre un \u00e9pisode de transition. On imagine que les intrigues seront toutes r\u00e9solues dans la seconde partie.\u00a0Une mal\u00e9diction classique \u00e0 laquelle ont succomb\u00e9, avant Kaamelott,\u00a0les premi\u00e8res parties\u00a0d&rsquo;Harry Potter\u00a07 ou\u00a0d&rsquo;Hunger Games\u00a03.<\/p>\n<p>Certains personnages et certaines intrigues fonctionnent mieux que d&rsquo;autres.\u00a0On s&rsquo;amuse des p\u00e9rip\u00e9ties de Guillaume Gallienne, Clovis Cornillac et Redouane Bougheraba et\u00a0des sc\u00e8nes en Carm\u00e9lide avec les beaux-parents d&rsquo;Arthur. A l&rsquo;inverse, les intrigues autour de la nouvelle g\u00e9n\u00e9ration de personnage fonctionnent beaucoup moins.\u00a0Karadoc est bien moins dr\u00f4le sans Perceval. D&rsquo;autres acteurs, comme Alain Chabat ou Christian Clavier\u00a0sont r\u00e9duits au rang de cameo. Plaisant, mais un peu frustrant.<\/p>\n<p>En revanche, on ne boude pas notre plaisir face au spectacle\u00a0: d\u00e9cors, costumes, musique et m\u00eame effets sp\u00e9ciaux, l&rsquo;univers de\u00a0Kaamelott\u00a0prend encore davantage d&rsquo;ampleur et tous ces \u00e9l\u00e9ments justifient l&rsquo;adaptation sur grand \u00e9cran. On rit moins devant ce second volet, mais on en prend plein les yeux\u00a0!\u00a0Malgr\u00e9 notre d\u00e9ception, on est tout de m\u00eame curieux de d\u00e9couvrir la suite, qui sortira le 11\u00a0novembre 2026.<\/p>\n","protected":false},"excerpt":{"rendered":"\u00ab\u00a0Kaamelott\u00a0: deuxi\u00e8me volet (partie\u00a01)\u00a0\u00bb est l&rsquo;un des films les plus attendus des sorties cin\u00e9ma du 22\u00a0octobre 2025. On&hellip;\n","protected":false},"author":2,"featured_media":476779,"comment_status":"","ping_status":"","sticky":false,"template":"","format":"standard","meta":{"footnotes":""},"categories":[1354],"tags":[60056,51761,58,59,1346,51763,1011,27,51979,1031,1360,51767],"class_list":{"0":"post-476778","1":"post","2":"type-post","3":"status-publish","4":"format-standard","5":"has-post-thumbnail","7":"category-films","8":"tag-cms-linternaute-9030595","9":"tag-controller-content","10":"tag-divertissement","11":"tag-entertainment","12":"tag-films","13":"tag-format-papier","14":"tag-fr","15":"tag-france","16":"tag-les-histoires-de-linternaute","17":"tag-magazine","18":"tag-movies","19":"tag-parallaxeinfeed"},"share_on_mastodon":{"url":"https:\/\/pubeurope.com\/@fr\/115405855758751231","error":""},"_links":{"self":[{"href":"https:\/\/www.europesays.com\/fr\/wp-json\/wp\/v2\/posts\/476778","targetHints":{"allow":["GET"]}}],"collection":[{"href":"https:\/\/www.europesays.com\/fr\/wp-json\/wp\/v2\/posts"}],"about":[{"href":"https:\/\/www.europesays.com\/fr\/wp-json\/wp\/v2\/types\/post"}],"author":[{"embeddable":true,"href":"https:\/\/www.europesays.com\/fr\/wp-json\/wp\/v2\/users\/2"}],"replies":[{"embeddable":true,"href":"https:\/\/www.europesays.com\/fr\/wp-json\/wp\/v2\/comments?post=476778"}],"version-history":[{"count":0,"href":"https:\/\/www.europesays.com\/fr\/wp-json\/wp\/v2\/posts\/476778\/revisions"}],"wp:featuredmedia":[{"embeddable":true,"href":"https:\/\/www.europesays.com\/fr\/wp-json\/wp\/v2\/media\/476779"}],"wp:attachment":[{"href":"https:\/\/www.europesays.com\/fr\/wp-json\/wp\/v2\/media?parent=476778"}],"wp:term":[{"taxonomy":"category","embeddable":true,"href":"https:\/\/www.europesays.com\/fr\/wp-json\/wp\/v2\/categories?post=476778"},{"taxonomy":"post_tag","embeddable":true,"href":"https:\/\/www.europesays.com\/fr\/wp-json\/wp\/v2\/tags?post=476778"}],"curies":[{"name":"wp","href":"https:\/\/api.w.org\/{rel}","templated":true}]}}