{"id":476780,"date":"2025-10-20T09:45:17","date_gmt":"2025-10-20T09:45:17","guid":{"rendered":"https:\/\/www.europesays.com\/fr\/476780\/"},"modified":"2025-10-20T09:45:17","modified_gmt":"2025-10-20T09:45:17","slug":"pourquoi-ces-jurassiens-se-font-vacciner","status":"publish","type":"post","link":"https:\/\/www.europesays.com\/fr\/476780\/","title":{"rendered":"pourquoi ces Jurassiens se font vacciner"},"content":{"rendered":"<p>La sc\u00e8ne se d\u00e9roule dans l\u2019arri\u00e8re-boutique d\u2019une pharmacie l\u00e9donienne. Un homme, torse nu, pr\u00eate ses \u00e9paules \u00e0 l\u2019aiguille de la pharmacienne. C\u2019est Christian Larderet, 70 ans. L\u2019homme fait partie des 793\u00a0000 personnes \u00e0 risque de Bourgogne-Franche-Comt\u00e9 qui ont re\u00e7u une invitation de l\u2019assurance-maladie. Le fameux \u00ab\u00a0bon\u00a0\u00bb qui donne droit aux injections gratuites.<\/p>\n<p>Convaincu depuis toujours de l\u2019int\u00e9r\u00eat de la pr\u00e9vention, il est l\u2019un des premiers \u00e0 se faire vacciner apr\u00e8s le lancement, le 14\u00a0octobre, de la campagne nationale. \u00ab\u00a0Je fais \u00e0 la fois la grippe et le Covid en m\u00eame temps\u00a0\u00bb, t\u00e9moigne le septuag\u00e9naire.<\/p>\n<p>\u00ab\u00a0Je sais que ces pathologies sont tr\u00e8s dangereuses\u00a0\u00bb<\/p>\n<p>\u00ab\u00a0J\u2019ai travaill\u00e9 durant trente ans \u00e0 l\u2019h\u00f4pital de Lons-le-Saunier, je sais que <a href=\"https:\/\/www.leprogres.fr\/sante\/2025\/10\/12\/vaccination-la-grippe-et-le-covid-augmentent-le-risque-de-faire-un-avc-ou-un-infarctus\" target=\"_blank\" rel=\"noopener\">ces pathologies sont tr\u00e8s dangereuses<\/a>. Je fais les deux vaccins chaque ann\u00e9e depuis toujours\u00a0\u00bb, confie-t-il. \u00ab\u00a0C\u2019est tr\u00e8s important pour moi\u00a0\u00bb, ajoute Christian Larderet qui est \u00e9galement dans une d\u00e9marche citoyenne. \u00ab\u00a0C\u2019est un vrai avantage, en France,&#8230;<\/p>\n","protected":false},"excerpt":{"rendered":"La sc\u00e8ne se d\u00e9roule dans l\u2019arri\u00e8re-boutique d\u2019une pharmacie l\u00e9donienne. Un homme, torse nu, pr\u00eate ses \u00e9paules \u00e0 l\u2019aiguille&hellip;\n","protected":false},"author":2,"featured_media":476781,"comment_status":"","ping_status":"","sticky":false,"template":"","format":"standard","meta":{"footnotes":""},"categories":[10],"tags":[4356,9771,14809,2274,107,1011,27,72,1826,71,4604,104],"class_list":{"0":"post-476780","1":"post","2":"type-post","3":"status-publish","4":"format-standard","5":"has-post-thumbnail","7":"category-sante","8":"tag-coronavirus","9":"tag-desinfox","10":"tag-edition-jura-nord","11":"tag-edition-jura-sud","12":"tag-fil-info","13":"tag-fr","14":"tag-france","15":"tag-health","16":"tag-jura","17":"tag-sante","18":"tag-selection-abonne","19":"tag-societe"},"share_on_mastodon":{"url":"https:\/\/pubeurope.com\/@fr\/115405856600013369","error":""},"_links":{"self":[{"href":"https:\/\/www.europesays.com\/fr\/wp-json\/wp\/v2\/posts\/476780","targetHints":{"allow":["GET"]}}],"collection":[{"href":"https:\/\/www.europesays.com\/fr\/wp-json\/wp\/v2\/posts"}],"about":[{"href":"https:\/\/www.europesays.com\/fr\/wp-json\/wp\/v2\/types\/post"}],"author":[{"embeddable":true,"href":"https:\/\/www.europesays.com\/fr\/wp-json\/wp\/v2\/users\/2"}],"replies":[{"embeddable":true,"href":"https:\/\/www.europesays.com\/fr\/wp-json\/wp\/v2\/comments?post=476780"}],"version-history":[{"count":0,"href":"https:\/\/www.europesays.com\/fr\/wp-json\/wp\/v2\/posts\/476780\/revisions"}],"wp:featuredmedia":[{"embeddable":true,"href":"https:\/\/www.europesays.com\/fr\/wp-json\/wp\/v2\/media\/476781"}],"wp:attachment":[{"href":"https:\/\/www.europesays.com\/fr\/wp-json\/wp\/v2\/media?parent=476780"}],"wp:term":[{"taxonomy":"category","embeddable":true,"href":"https:\/\/www.europesays.com\/fr\/wp-json\/wp\/v2\/categories?post=476780"},{"taxonomy":"post_tag","embeddable":true,"href":"https:\/\/www.europesays.com\/fr\/wp-json\/wp\/v2\/tags?post=476780"}],"curies":[{"name":"wp","href":"https:\/\/api.w.org\/{rel}","templated":true}]}}