{"id":476788,"date":"2025-10-20T09:49:25","date_gmt":"2025-10-20T09:49:25","guid":{"rendered":"https:\/\/www.europesays.com\/fr\/476788\/"},"modified":"2025-10-20T09:49:25","modified_gmt":"2025-10-20T09:49:25","slug":"kering-bondit-en-bourse-apres-lannonce-de-la-cession-de-sa-division-beaute-a-loreal","status":"publish","type":"post","link":"https:\/\/www.europesays.com\/fr\/476788\/","title":{"rendered":"Kering bondit en Bourse apr\u00e8s l\u2019annonce de la cession de sa division beaut\u00e9 \u00e0 L\u2019Or\u00e9al"},"content":{"rendered":"<p>\n    Cette op\u00e9ration a \u00e9t\u00e9 accueillie favorablement par les march\u00e9s, faisant grimper le titre Kering de plus de 5% en Bourse.<\/p>\n<p class=\"fig-paragraph\">La nouvelle de la vente de la\u00a0<a href=\"https:\/\/video.lefigaro.fr\/figaro\/societes\/kering-un-accord-officialise-la-cession-de-sa-division-beaute-a-loreal-20251020\" data-fig-type=\"Video\" data-gtm-custom-categorie=\"navigation\" data-gtm-custom-action=\"crossclick\" data-gtm-custom-label=\"Contextuel\" data-gtm-event=\"customEventSPE\" data-fig-domain=\"LEFIGARO\" rel=\"nofollow noopener\" target=\"_blank\">division beaut\u00e9 de Kering \u00e0 l\u2019Or\u00e9al\u00a0<\/a>a suscit\u00e9 la confiance de la Bourse. Le titre Kering bondit de plus de 5% dans les premiers \u00e9changes \u00e0 la Bourse de Paris lundi, apr\u00e8s que le groupe de luxe a annonc\u00e9 vendre pour 4 milliards d\u2019euros sa division beaut\u00e9 au g\u00e9ant des cosm\u00e9tiques L\u2019Or\u00e9al pour r\u00e9duire son endettement.<\/p>\n<p class=\"fig-paragraph\">Sur le CAC 40, l\u2019action Kering prenait 5,39% \u00e0 326,25 euros et son compatriote L\u2019Or\u00e9al grappillait 0,59% \u00e0 392,95 euros, dans un march\u00e9 en hausse de 0,49%. \u00abLe nouveau directeur g\u00e9n\u00e9ral de Kering semble d\u00e9j\u00e0 vouloir marquer les esprits. Luca de Meo a d\u00e9clar\u00e9 que le redressement du bilan constituait une priorit\u00e9, et qu\u2019une vente de la division Beaut\u00e9 permettrait de r\u00e9duire significativement l\u2019endettement\u00bb du groupe, souligne Adam Cochrane, analyste de Deutsche Bank. Les 4 milliards d\u2019euros de la transaction seront \u00abpayables en num\u00e9raire \u00e0 la r\u00e9alisation de l\u2019op\u00e9ration pr\u00e9vue pour le premier semestre 2026\u00bb, a pr\u00e9cis\u00e9 Kering dans un communiqu\u00e9 publi\u00e9 dimanche.<\/p>\n<p>                                    <a class=\"fig-a11y-skip a11y-hidden\" href=\"#fig-a11y-skip-main-inarticle\"><br \/>\n        Passer la publicit\u00e9<br \/>\n    <\/a><\/p>\n<p class=\"fig-paragraph\">Kering a annonc\u00e9 en juillet une chute de 46% de son b\u00e9n\u00e9fice net au premier semestre, \u00e0 474 millions d\u2019euros, un plongeon de 16% de son chiffre d\u2019affaires, \u00e0 7,6 milliards d\u2019euros, et un endettement de 9,5 milliards d\u2019euros. Le groupe doit publier les chiffres de son troisi\u00e8me trimestre mercredi, apr\u00e8s Bourse. \u00abCette alliance strat\u00e9gique marque une \u00e9tape d\u00e9cisive pour Kering\u00bb, d\u00e9clare son directeur g\u00e9n\u00e9ral, Luca de Meo, cit\u00e9 dans le communiqu\u00e9.<\/p>\n<p>Un effet \u00abde Meo\u00bb<\/p>\n<p class=\"fig-paragraph\">Cette annonce survient un mois seulement apr\u00e8s l\u2019entr\u00e9e en fonction de Luca de Meo, charg\u00e9 de redresser le groupe malmen\u00e9 depuis plusieurs ann\u00e9es par les difficult\u00e9s de sa marque phare Gucci, qui assure \u00e0 elle seule 44% du chiffre d\u2019affaires et les deux tiers de la rentabilit\u00e9 op\u00e9rationnelle mais ne parvient pas \u00e0 sortir de sa mauvaise passe. \u00abFait important pour les investisseurs: cette annonce montre que Luca de Meo dispose du mandat n\u00e9cessaire pour engager des changements majeurs et qu\u2019il agit rapidement pour les concr\u00e9tiser\u00bb, ajoute Adam Cochrane de Deutsche Bank.<\/p>\n<p class=\"fig-paragraph\">En Bourse, apr\u00e8s un passage \u00e0 vide, le cours s\u2019est progressivement redress\u00e9, les investisseurs comptant sur un effet \u00abde Meo\u00bb pour remettre le groupe de luxe sur les rails. Depuis le 1er janvier, le titre affiche une progression d\u2019environ 30% et sa capitalisation boursi\u00e8re s\u2019\u00e9l\u00e8ve \u00e0 plus de 38 milliards d\u2019euros.<\/p>\n","protected":false},"excerpt":{"rendered":"Cette op\u00e9ration a \u00e9t\u00e9 accueillie favorablement par les march\u00e9s, faisant grimper le titre Kering de plus de 5%&hellip;\n","protected":false},"author":2,"featured_media":476789,"comment_status":"","ping_status":"","sticky":false,"template":"","format":"standard","meta":{"footnotes":""},"categories":[6],"tags":[5738,35,33,34,1011,27,24445,32584],"class_list":{"0":"post-476788","1":"post","2":"type-post","3":"status-publish","4":"format-standard","5":"has-post-thumbnail","7":"category-economie","8":"tag-bourses","9":"tag-business","10":"tag-economie","11":"tag-economy","12":"tag-fr","13":"tag-france","14":"tag-kering","15":"tag-loreal"},"share_on_mastodon":{"url":"https:\/\/pubeurope.com\/@fr\/115405872331848985","error":""},"_links":{"self":[{"href":"https:\/\/www.europesays.com\/fr\/wp-json\/wp\/v2\/posts\/476788","targetHints":{"allow":["GET"]}}],"collection":[{"href":"https:\/\/www.europesays.com\/fr\/wp-json\/wp\/v2\/posts"}],"about":[{"href":"https:\/\/www.europesays.com\/fr\/wp-json\/wp\/v2\/types\/post"}],"author":[{"embeddable":true,"href":"https:\/\/www.europesays.com\/fr\/wp-json\/wp\/v2\/users\/2"}],"replies":[{"embeddable":true,"href":"https:\/\/www.europesays.com\/fr\/wp-json\/wp\/v2\/comments?post=476788"}],"version-history":[{"count":0,"href":"https:\/\/www.europesays.com\/fr\/wp-json\/wp\/v2\/posts\/476788\/revisions"}],"wp:featuredmedia":[{"embeddable":true,"href":"https:\/\/www.europesays.com\/fr\/wp-json\/wp\/v2\/media\/476789"}],"wp:attachment":[{"href":"https:\/\/www.europesays.com\/fr\/wp-json\/wp\/v2\/media?parent=476788"}],"wp:term":[{"taxonomy":"category","embeddable":true,"href":"https:\/\/www.europesays.com\/fr\/wp-json\/wp\/v2\/categories?post=476788"},{"taxonomy":"post_tag","embeddable":true,"href":"https:\/\/www.europesays.com\/fr\/wp-json\/wp\/v2\/tags?post=476788"}],"curies":[{"name":"wp","href":"https:\/\/api.w.org\/{rel}","templated":true}]}}