{"id":476790,"date":"2025-10-20T09:51:29","date_gmt":"2025-10-20T09:51:29","guid":{"rendered":"https:\/\/www.europesays.com\/fr\/476790\/"},"modified":"2025-10-20T09:51:29","modified_gmt":"2025-10-20T09:51:29","slug":"un-soldat-senfuit-vers-la-coree-du-sud-en-franchissant-la-frontiere-truffee-de-mines","status":"publish","type":"post","link":"https:\/\/www.europesays.com\/fr\/476790\/","title":{"rendered":"Un soldat s\u2019enfuit vers la Cor\u00e9e du Sud en franchissant la fronti\u00e8re truff\u00e9e de mines"},"content":{"rendered":"<p>La libert\u00e9 n\u2019a pas de prix, au risque de sauter sur une mine. C\u2019est le risque pris par un soldat <a href=\"https:\/\/www.20minutes.fr\/monde\/coree_du_nord\/\" class=\"c-link c-link--is-underlined\" target=\"_blank\" rel=\"noopener\">nord-cor\u00e9en<\/a> dimanche, qui a fait d\u00e9fection et s\u2019est enfui du r\u00e9gime autoritaire de <a href=\"https:\/\/www.20minutes.fr\/monde\/kim_jong-il\/\" class=\"c-link c-link--is-underlined\" target=\"_blank\" rel=\"noopener\">Kim Jong-il<\/a> en traversant la fronti\u00e8re truff\u00e9e de mines qui le s\u00e9parait de la Cor\u00e9e du Sud. La zone frontali\u00e8re s\u00e9parant les deux Cor\u00e9es est l\u2019un des endroits les plus min\u00e9s au monde.<\/p>\n<\/p>\n<p>\u00ab\u00a0Notre arm\u00e9e a plac\u00e9 en d\u00e9tention un soldat nord-cor\u00e9en qui a franchi dimanche la ligne de d\u00e9marcation militaire\u00a0\u00bb, a d\u00e9clar\u00e9 le comit\u00e9 des chefs d\u2019\u00e9tat-major interarm\u00e9es <a href=\"https:\/\/www.20minutes.fr\/dossier\/coree_du_sud\" class=\"c-link c-link--is-underlined\" target=\"_blank\" rel=\"noopener\">sud-cor\u00e9en<\/a> (JCS), dans un communiqu\u00e9.<\/p>\n<p>Les d\u00e9fections directes \u00e0 travers la fronti\u00e8re sont rares<\/p>\n<p>\u00ab\u00a0L\u2019arm\u00e9e a identifi\u00e9 l\u2019individu pr\u00e8s de la ligne de <a href=\"https:\/\/www.20minutes.fr\/monde\/etats-unis\/4169510-20250825-etats-unis-trump-affirme-pourrait-rencontrer-prochainement-kim-jong\" target=\"_blank\" class=\"c-link c-link--is-underlined\" rel=\"noopener\">d\u00e9marcation militaire<\/a>, l\u2019a suivi et surveill\u00e9, puis a men\u00e9 une op\u00e9ration d\u2019accompagnement standard pour le placer en d\u00e9tention\u00a0\u00bb, a-t-on indiqu\u00e9 de m\u00eame source. Une proc\u00e9dure normale cependant, les Nord-Cor\u00e9ens qui parviennent \u00e0 fuir en Cor\u00e9e du Sud sont en effet g\u00e9n\u00e9ralement retenus par les services secrets de S\u00e9oul pendant plusieurs semaines pour des v\u00e9rifications et des d\u00e9briefings. L\u2019arm\u00e9e sud-cor\u00e9enne a \u00e9galement d\u00e9clar\u00e9 que les autorit\u00e9s comp\u00e9tentes enqu\u00eateraient sur les d\u00e9tails de la travers\u00e9e de dimanche.<\/p>\n<p>Si des dizaines de milliers de Nord-Cor\u00e9ens ont fui vers la Cor\u00e9e du Sud depuis que la p\u00e9ninsule a \u00e9t\u00e9 divis\u00e9e par la guerre dans les ann\u00e9es\u00a01950, les d\u00e9fections directes \u00e0 travers la fronti\u00e8re intercor\u00e9enne, lourdement surveill\u00e9e et min\u00e9e, sont tout de m\u00eame rares. La plupart des r\u00e9fugi\u00e9s nord-cor\u00e9ens qui arrivent en Cor\u00e9e du Sud passent par la <a href=\"https:\/\/www.20minutes.fr\/magazine\/grande-muraille-mag\/\" class=\"c-link c-link--is-underlined\" target=\"_blank\" rel=\"noopener\">Chine<\/a> puis par un ou plusieurs autres pays tiers comme le Laos, la Tha\u00eflande ou encore la Mongolie.<\/p>\n","protected":false},"excerpt":{"rendered":"La libert\u00e9 n\u2019a pas de prix, au risque de sauter sur une mine. C\u2019est le risque pris par&hellip;\n","protected":false},"author":2,"featured_media":476791,"comment_status":"","ping_status":"","sticky":false,"template":"","format":"standard","meta":{"footnotes":""},"categories":[5],"tags":[47,11,1813,13987,5640,7567,41125,3727,1011,27,7066,14,60057,74,12,36588,2049,28],"class_list":{"0":"post-476790","1":"post","2":"type-post","3":"status-publish","4":"format-standard","5":"has-post-thumbnail","7":"category-international","8":"tag-actualite","9":"tag-actualites","10":"tag-armee","11":"tag-coree-du-nord","12":"tag-coree-du-sud","13":"tag-demineur","14":"tag-dictature","15":"tag-evasion","16":"tag-fr","17":"tag-france","18":"tag-fuite","19":"tag-international","20":"tag-kim-jong-il","21":"tag-monde","22":"tag-news","23":"tag-seoul","24":"tag-soldat","25":"tag-world"},"share_on_mastodon":{"url":"https:\/\/pubeurope.com\/@fr\/115405880271094121","error":""},"_links":{"self":[{"href":"https:\/\/www.europesays.com\/fr\/wp-json\/wp\/v2\/posts\/476790","targetHints":{"allow":["GET"]}}],"collection":[{"href":"https:\/\/www.europesays.com\/fr\/wp-json\/wp\/v2\/posts"}],"about":[{"href":"https:\/\/www.europesays.com\/fr\/wp-json\/wp\/v2\/types\/post"}],"author":[{"embeddable":true,"href":"https:\/\/www.europesays.com\/fr\/wp-json\/wp\/v2\/users\/2"}],"replies":[{"embeddable":true,"href":"https:\/\/www.europesays.com\/fr\/wp-json\/wp\/v2\/comments?post=476790"}],"version-history":[{"count":0,"href":"https:\/\/www.europesays.com\/fr\/wp-json\/wp\/v2\/posts\/476790\/revisions"}],"wp:featuredmedia":[{"embeddable":true,"href":"https:\/\/www.europesays.com\/fr\/wp-json\/wp\/v2\/media\/476791"}],"wp:attachment":[{"href":"https:\/\/www.europesays.com\/fr\/wp-json\/wp\/v2\/media?parent=476790"}],"wp:term":[{"taxonomy":"category","embeddable":true,"href":"https:\/\/www.europesays.com\/fr\/wp-json\/wp\/v2\/categories?post=476790"},{"taxonomy":"post_tag","embeddable":true,"href":"https:\/\/www.europesays.com\/fr\/wp-json\/wp\/v2\/tags?post=476790"}],"curies":[{"name":"wp","href":"https:\/\/api.w.org\/{rel}","templated":true}]}}