{"id":476792,"date":"2025-10-20T09:52:12","date_gmt":"2025-10-20T09:52:12","guid":{"rendered":"https:\/\/www.europesays.com\/fr\/476792\/"},"modified":"2025-10-20T09:52:12","modified_gmt":"2025-10-20T09:52:12","slug":"quatre-morts-dans-lincendie-dun-immeuble-le-drame-sest-deroule-dans-un-squat","status":"publish","type":"post","link":"https:\/\/www.europesays.com\/fr\/476792\/","title":{"rendered":"quatre morts dans l&rsquo;incendie d&rsquo;un immeuble, le drame s&rsquo;est d\u00e9roul\u00e9 dans un squat"},"content":{"rendered":"<p>            Par<br \/>\n        <strong><br \/>\n            <a href=\"https:\/\/actu.fr\/auteur\/redaction-lyon\" title=\"Consulter tous les articles de R\u00e9daction Lyon\" rel=\"nofollow noopener\" target=\"_blank\">R\u00e9daction Lyon<\/a><br \/>\n        <\/strong><\/p>\n<p>        Publi\u00e9 le<\/p>\n<p>            20 oct. 2025 \u00e0 8h14<br \/>\n        ; mis \u00e0 jour le 20 oct. 2025 \u00e0 11h18    <\/p>\n<p>Un incendie a fait<strong> quatre morts et plusieurs bless\u00e9s<\/strong> dans un immeuble d\u2019habitation du quartier de la Part-Dieu \u00e0 <a href=\"https:\/\/actu.fr\/auvergne-rhone-alpes\/lyon_69123\" rel=\"nofollow noopener\" target=\"_blank\">Lyon<\/a>, dans le 3e arrondissement, ce lundi 20 octobre 2025, a appris actu Lyon aupr\u00e8s de sources concordantes.<\/p>\n<p class=\" wall-content\">Le sinistre s\u2019est d\u00e9roul\u00e9 au 245 rue Andr\u00e9-Philip\u00a0dans un b\u00e2timent de dix \u00e9tages.<\/p>\n<p class=\" wall-content\"><strong>Suivez les \u00e9v\u00e9nements dans notre direct.<\/strong><\/p>\n<p>L&rsquo;essentiel<\/p>\n<ul>\n<li>Un incendie a fait 4 morts \u00e0 Lyon, dans le 3e arrondissement, au 245 rue Andr\u00e9-Philip. Le sinistre s&rsquo;est d\u00e9clar\u00e9 vers 5h10 et est \u00e9teint. Deux femmes et deux hommes sont d\u00e9c\u00e9d\u00e9s.<\/li>\n<li>10 personnes ont \u00e9t\u00e9 examin\u00e9es, la pr\u00e9fecture ne fait pas \u00e9tat de bless\u00e9 \u00e0 ce stade.<\/li>\n<li>78 sapeurs-pompiers et 34 engins sont mobilis\u00e9s. Un gymnase a \u00e9t\u00e9 ouvert par la Ville pour prendre en charge les habitants. Une cellule m\u00e9dico-psychologique est ouverte.<\/li>\n<\/ul>\n<p>11h12 : Jean-Michel Aulas partage son \u00ab\u00a0immense tristesse\u00a0\u00bb<\/p>\n<p class=\" wall-content\">Le candidat aux \u00e9lections municipales Jean-Michel Aulas a partag\u00e9 son \u00ab\u00a0immense tristesse\u00a0\u00bb sur X. \u00ab\u00a0Cet \u00e9v\u00e9nement rappelle l\u2019urgence d\u2019un travail collectif pour pr\u00e9venir les situations de pr\u00e9carit\u00e9 et de mal-logement qui mettent des vies en danger\u00a0\u00bb, \u00e9crit-il.<\/p>\n<p class=\" wall-content\">\n<p>10h28 : La d\u00e9put\u00e9e LFI Ana\u00efs Belouassa Cherifi \u00ab\u00a0profond\u00e9ment attrist\u00e9e\u00a0\u00bb<\/p>\n<p class=\" wall-content\">\u00ab\u00a0Profond\u00e9ment attrist\u00e9e par l\u2019incendie survenu cette nuit \u00e0 Lyon ayant co\u00fbt\u00e9 la vie \u00e0 quatre personnes. Je pense aux familles endeuill\u00e9es et leur adresse tout mon soutien. Reconnaissance et respect aux pompiers et aux secours pour leur courage et leur rapidit\u00e9\u00a0\u00bb, \u00e9crit-elle sur X.<\/p>\n<p class=\" wall-content\">\n<p>10h : La police scientifique est arriv\u00e9e sur place<\/p>\n<p class=\" wall-content\">Selon notre journaliste, la police scientifique est arriv\u00e9e sur les lieux pour faire les premi\u00e8res constatations de l\u2019enqu\u00eate.\u00a0<\/p>\n<p>    <img   decoding=\"async\" loading=\"lazy\" src=\"https:\/\/www.europesays.com\/fr\/wp-content\/uploads\/2025\/10\/police-scientifique-incendie-lyon-960x640.jpeg\" alt=\"La police scientifique sur les lieux de l'incendie.\" width=\"960\" height=\"640\"\/><br \/>\n    La police scientifique sur les lieux de l\u2019incendie. (\u00a9Anthony Soudani\/ actu Lyon)<\/p>\n<p>Votre r\u00e9gion, votre actu !<\/p>\n<p>Recevez chaque jour les infos qui comptent pour vous.<\/p>\n<p>\t<a href=\"https:\/\/actu.fr\/newsletter\" class=\"ac-btn ac-btn--corner ac-btn--medium ac-btn--blue800\" rel=\"nofollow noopener\" target=\"_blank\">S&rsquo;incrire<\/a><br \/>\n9h35 : Le sous-sol de l\u2019immeuble \u00e9tait squatt\u00e9<\/p>\n<p class=\" wall-content\">Selon la maire d\u2019arrondissement, Marion Sessiecq, le sous-sol \u00e9tait squatt\u00e9 par plusieurs personnes. Une pr\u00e9-plainte avait \u00e9t\u00e9 d\u00e9pos\u00e9e le 16 octobre, il y a quelques jours seulement, par le CCAS de la Ville de Lyon (Centre communal d\u2019action sociale).<\/p>\n<p class=\" wall-content\">\u00ab\u00a0Les services avaient d\u00e9pos\u00e9 une pr\u00e9-plainte, ils avaient connaissance de ce qui se passait. Il est toujours d\u00e9licat de parler \u00e0 chaud quelques heures apr\u00e8s un drame, je n\u2019ai pas plus d\u2019informations. La pr\u00e9-plainte a \u00e9t\u00e9 d\u00e9pos\u00e9e la semaine derni\u00e8re quand ils ont eu connaissance d\u2019un squat, ils ont pris les mesures n\u00e9cessaires\u00a0\u00bb.<\/p>\n<p class=\" wall-content\">\n<p>9h20 : Le feu tr\u00e8s localis\u00e9, les locataires peuvent rentrer<\/p>\n<p class=\" wall-content\">Selon nos informations, le feu a \u00e9t\u00e9 tr\u00e8s localis\u00e9 dans le sous-sol de l\u2019immeuble dans lequel sont d\u00e9c\u00e9d\u00e9es les quatre victimes. Les locataires sont en train de r\u00e9int\u00e9grer leurs appartements.<\/p>\n<p>    <img   decoding=\"async\" loading=\"lazy\" src=\"https:\/\/www.europesays.com\/fr\/wp-content\/uploads\/2025\/10\/incendie-mortel-lyon-960x640.jpeg\" alt=\"Les locataires de l'immeuble vont pouvoir regagner rapidement les lieux.\" width=\"960\" height=\"640\"\/><br \/>\n    Les locataires de l\u2019immeuble vont pouvoir regagner rapidement les lieux. (\u00a9Anthony Soudani\/ actu Lyon)<\/p>\n<p class=\" wall-content\"><strong>9h : Les victimes sont d\u00e9c\u00e9d\u00e9es dans la cave<\/strong><\/p>\n<p class=\" wall-content\">Les victimes sont <strong>d\u00e9c\u00e9d\u00e9es dans la cave du b\u00e2timent et ne sont \u00ab\u00a0probablement\u00a0\u00bb pas des locataires<\/strong>, annonce Fabrice Rosay secr\u00e9taire g\u00e9n\u00e9ral de la pr\u00e9fecture du Rh\u00f4ne et pr\u00e9fet d\u00e9l\u00e9gu\u00e9.<\/p>\n<p class=\" wall-content\">Les deux hommes et les deux femmes se trouvaient en arr\u00eat cardio-respiratoire au moment de l\u2019arriv\u00e9e des pompiers. Ce sont les fum\u00e9es qui ont provoqu\u00e9 leur d\u00e9c\u00e8s.<\/p>\n<p class=\" wall-content\">\n<p class=\" wall-content\"><strong>8h35 : \u00ab\u00a0Profonde \u00e9motion\u00a0\u00bb du maire Gr\u00e9gory Doucet qui est sur place<\/strong><\/p>\n<p class=\" wall-content\">Le maire de Lyon <a href=\"https:\/\/actu.fr\/auvergne-rhone-alpes\/lyon_69123\/lyon-on-n-a-jamais-autant-recrute-gregory-doucet-annonce-plus-de-300-policiers-municipaux_63317317.html\" rel=\"nofollow noopener\" target=\"_blank\">Gr\u00e9gory Doucet<\/a> a fait part de sa r\u00e9action dans un communiqu\u00e9. Selon nos informations, l\u2019\u00e9lu et sur place ainsi que la maire du 3e, <a href=\"https:\/\/actu.fr\/auvergne-rhone-alpes\/lyon_69123\/lyon-la-maire-du-3e-arrondissement-repond-cash-les-tours-une-fausse-bonne-idee_63164931.html\" rel=\"nofollow noopener\" target=\"_blank\">Marion Sessiecq<\/a>.<\/p>\n<p class=\" wall-content\">\u00ab\u00a0C\u2019est avec une profonde \u00e9motion que j\u2019ai appris la mort de quatre personnes, <strong>deux femmes et deux hommes<\/strong>, cette nuit \u00e0 la suite d\u2019un incendie dans un immeuble rue Andr\u00e9 Philip dans le 3e arrondissement. Mes pens\u00e9es vont aux victimes, \u00e0 leurs proches et \u00e0 toutes celles et ceux qui ont \u00e9t\u00e9 touch\u00e9s. Je veux leur dire toute notre compassion.\u00a0\u00bb<\/p>\n<p class=\" wall-content\">\u00ab\u00a0Je salue la mobilisation rapide et exemplaire des sapeurs-pompiers du SDMIS, des \u00e9quipes du SAMU, de la police nationale et des agents de la Ville de Lyon, qui se sont imm\u00e9diatement rendus sur place pour secourir, mettre en s\u00e9curit\u00e9 et accompagner les habitants\u00a0\u00bb, \u00e9crit-il dans un communiqu\u00e9.<\/p>\n<p class=\" wall-content\"><strong>8h28 : Cellule m\u00e9dico-psychologique ouverte<\/strong><\/p>\n<p class=\" wall-content\">Un gymnase a \u00e9t\u00e9 ouvert par la ville de Lyon pour accueillir les personnes impliqu\u00e9es, indique la pr\u00e9fecture.<\/p>\n<p class=\" wall-content\">La cellule urgence m\u00e9dico-psychologique a \u00e9t\u00e9 mobilis\u00e9e pour accompagner les personnes impliqu\u00e9es. L\u2019autorit\u00e9 pr\u00e9fectorale ainsi que le procureur de Lyon se sont rendus sur place.<\/p>\n<p class=\" wall-content\"><strong>8h20 : L\u2019incendie s\u2019est d\u00e9clar\u00e9 t\u00f4t ce matin<\/strong><\/p>\n<p class=\" wall-content\">Selon un communiqu\u00e9 de la pr\u00e9fecture du Rh\u00f4ne, l\u2019incendie s\u2019est d\u00e9clar\u00e9 cette nuit vers 5h10 du matin dans un immeuble de 10 \u00e9tages. Il a \u00e9t\u00e9 \u00e9teint vers 7h.<\/p>\n<p class=\" wall-content\">78 sapeurs-pompiers et 34 engins ont \u00e9t\u00e9 rapidement d\u00e9ploy\u00e9s ainsi que 4 \u00e9quipages du SAMU du Rh\u00f4ne. La police nationale a \u00e9galement d\u00e9ploy\u00e9 un p\u00e9rim\u00e8tre de s\u00e9curit\u00e9.<\/p>\n<p class=\" wall-content\">La pr\u00e9fecture ne fait finalement pas \u00e9tat de bless\u00e9s mais de \u00ab\u00a010 autres personnes qui ont \u00e9t\u00e9 examin\u00e9es.\u00a0\u00bb<\/p>\n<p>    <img   decoding=\"async\" loading=\"lazy\" src=\"https:\/\/www.europesays.com\/fr\/wp-content\/uploads\/2025\/10\/incendie-part-dieu-lyon-quatre-morts-960x640.jpeg\" alt=\"Les pompiers devant l'immeuble qui a \u00e9t\u00e9 touch\u00e9 par l'incendie mortel, ce lundi matin.\" width=\"960\" height=\"640\"\/><br \/>\n    Les pompiers devant l\u2019immeuble qui a \u00e9t\u00e9 touch\u00e9 par l\u2019incendie mortel, ce lundi matin. (\u00a9Anthony Soudani\/ actu Lyon)<\/p>\n<p class=\" wall-content\"><strong>8h 15 : Au moins quatre morts et quatre bless\u00e9s<\/strong><\/p>\n<p class=\" wall-content\">L\u2019incendie s\u2019est d\u00e9clar\u00e9 dans un immeuble de dix \u00e9tages au 245 rue Andr\u00e9-Philip, \u00e0 proximit\u00e9 du secteur du centre commercial, de la cit\u00e9 administrative ou encore du si\u00e8ge de la M\u00e9tropole de Lyon.\u00a0<\/p>\n<p class=\" wall-content\">Un dernier bilan fait \u00e9tat d\u2019au moins quatre morts et quatre bless\u00e9s.<\/p>\n<p>    <a href=\"https:\/\/www.google.com\/maps\/embed?pb=!1m18!1m12!1m3!1d6412.098583836045!2d4.848901572743878!3d45.75816199083335!2m3!1f0!2f0!3f0!3m2!1i1024!2i768!4f13.1!3m3!1m2!1s0x47f4ea674d64fadb%3A0xacddf1c500147a13!2s230%20Rue%20Andr%C3%A9%20Philip%2C%2069003%20Lyon!5e1!3m2!1sfr!2sfr!4v1760940555499!5m2!1sfr!2sfr\" title=\"Ouvrie le lien\" rel=\"nofollow noopener\" target=\"_blank\">Cliquez ici pour visualiser le contenu<\/a><\/p>\n<p class=\" wall-content\"><strong>Avec Anthony Soudani, Julien Damboise, Ludivine Caporal<\/strong><\/p>\n<p class=\" wall-content\">Personnalisez votre actualit\u00e9 en ajoutant vos villes et m\u00e9dias en favori avec <a href=\"https:\/\/moncompte.actu.fr\" title=\"D\u00e9couvez Mon Actu\" rel=\"nofollow noopener\" data-trk=\"{&quot;cta&quot;:{&quot;action&quot;:&quot;https:\\\/\\\/moncompte.actu.fr&quot;,&quot;category&quot;:&quot;mon compte&quot;,&quot;from&quot;:&quot;article footer&quot;,&quot;name&quot;:&quot;Mon actu&quot;,&quot;type&quot;:&quot;cta&quot;}}\" target=\"_blank\">Mon Actu<\/a>.<\/p>\n","protected":false},"excerpt":{"rendered":"Par R\u00e9daction Lyon Publi\u00e9 le 20 oct. 2025 \u00e0 8h14 ; mis \u00e0 jour le 20 oct. 2025&hellip;\n","protected":false},"author":2,"featured_media":476793,"comment_status":"","ping_status":"","sticky":false,"template":"","format":"standard","meta":{"footnotes":""},"categories":[4],"tags":[11,118,1011,27,1310,6178,12,1311,25],"class_list":{"0":"post-476792","1":"post","2":"type-post","3":"status-publish","4":"format-standard","5":"has-post-thumbnail","7":"category-france","8":"tag-actualites","9":"tag-faits-divers","10":"tag-fr","11":"tag-france","12":"tag-incendie","13":"tag-lyon-part-dieu","14":"tag-news","15":"tag-pompiers","16":"tag-republique-francaise"},"share_on_mastodon":{"url":"","error":""},"_links":{"self":[{"href":"https:\/\/www.europesays.com\/fr\/wp-json\/wp\/v2\/posts\/476792","targetHints":{"allow":["GET"]}}],"collection":[{"href":"https:\/\/www.europesays.com\/fr\/wp-json\/wp\/v2\/posts"}],"about":[{"href":"https:\/\/www.europesays.com\/fr\/wp-json\/wp\/v2\/types\/post"}],"author":[{"embeddable":true,"href":"https:\/\/www.europesays.com\/fr\/wp-json\/wp\/v2\/users\/2"}],"replies":[{"embeddable":true,"href":"https:\/\/www.europesays.com\/fr\/wp-json\/wp\/v2\/comments?post=476792"}],"version-history":[{"count":0,"href":"https:\/\/www.europesays.com\/fr\/wp-json\/wp\/v2\/posts\/476792\/revisions"}],"wp:featuredmedia":[{"embeddable":true,"href":"https:\/\/www.europesays.com\/fr\/wp-json\/wp\/v2\/media\/476793"}],"wp:attachment":[{"href":"https:\/\/www.europesays.com\/fr\/wp-json\/wp\/v2\/media?parent=476792"}],"wp:term":[{"taxonomy":"category","embeddable":true,"href":"https:\/\/www.europesays.com\/fr\/wp-json\/wp\/v2\/categories?post=476792"},{"taxonomy":"post_tag","embeddable":true,"href":"https:\/\/www.europesays.com\/fr\/wp-json\/wp\/v2\/tags?post=476792"}],"curies":[{"name":"wp","href":"https:\/\/api.w.org\/{rel}","templated":true}]}}