{"id":476798,"date":"2025-10-20T09:55:34","date_gmt":"2025-10-20T09:55:34","guid":{"rendered":"https:\/\/www.europesays.com\/fr\/476798\/"},"modified":"2025-10-20T09:55:34","modified_gmt":"2025-10-20T09:55:34","slug":"angoisse-a-geoffroy-guichard-le-mans-surprend-saint-etienne-au-bout-du-suspense-angers-info","status":"publish","type":"post","link":"https:\/\/www.europesays.com\/fr\/476798\/","title":{"rendered":"Angoisse \u00e0 Geoffroy-Guichard, Le Mans surprend Saint-\u00c9tienne au bout du suspense \u2013 Angers Info"},"content":{"rendered":"<p><img fetchpriority=\"high\" decoding=\"async\" width=\"800\" height=\"533\" src=\"https:\/\/www.europesays.com\/fr\/wp-content\/uploads\/2025\/09\/the-ball-stadion-football-the-pitch-39362.jpeg\" alt=\"\" class=\"wp-image-88220\"  \/><br \/>Le Mans a cr\u00e9\u00e9 la surprise en s\u2019imposant 3-2 \u00e0 Saint-\u00c9tienne, profitant des erreurs d\u00e9fensives des Verts pour d\u00e9crocher sa premi\u00e8re victoire \u00e0 l\u2019ext\u00e9rieur de la saison<\/p>\n<p><strong>Dans un match intense et ind\u00e9cis, Le Mans a cr\u00e9\u00e9 la surprise en s\u2019imposant 2-3 sur la pelouse de Saint-\u00c9tienne, ce vendredi soir, lors de la 10e journ\u00e9e de Ligue 2. Brouillons et fragiles d\u00e9fensivement, les Verts ont \u00e9t\u00e9 punis par des Manceaux efficaces et combatifs, qui encha\u00eenent un nouveau r\u00e9sultat de prestige.<\/strong><\/p>\n<p><strong>Le Mans frappe fort, Saint-\u00c9tienne d\u00e9boussol\u00e9<\/strong><\/p>\n<p>Les hommes de Patrick Videira ont ouvert le score d\u00e8s la 21e minute par Antoine Rabillard, auteur d\u2019une t\u00eate parfaite sur un centre de Dame Gueye. L\u2019ASSE a pourtant recoll\u00e9 peu apr\u00e8s gr\u00e2ce \u00e0 un superbe coup franc direct sign\u00e9 Florian Tardieu (1-1, 28e), mais les visiteurs ont domin\u00e9 dans l\u2019engagement et la lucidit\u00e9.<\/p>\n<p><strong>Gueye et Harhouz font la diff\u00e9rence<\/strong><\/p>\n<p>Au retour des vestiaires, les St\u00e9phanois ont perdu le fil. Apr\u00e8s un penalty obtenu par Rabillard, Dame Gueye a redonn\u00e9 l\u2019avantage au Mans (1-2, 55e). Malgr\u00e9 la r\u00e9action des Verts, William Harhouz a enfonc\u00e9 le clou d\u2019un plat du pied pr\u00e9cis (1-3, 68e). Tardieu, encore lui, a r\u00e9duit l\u2019\u00e9cart sur un second penalty (2-3, 80e), mais trop tard pour sauver Saint-\u00c9tienne, impuissant dans les derni\u00e8res minutes.<\/p>\n<p><strong>Deux dynamiques oppos\u00e9es<br \/><\/strong>Avec cette victoire, Le Mans signe sa premi\u00e8re victoire \u00e0 l\u2019ext\u00e9rieur et confirme sa belle s\u00e9rie d\u2019invincibilit\u00e9. \u00c0 l\u2019inverse, l\u2019ASSE encha\u00eene un deuxi\u00e8me revers de rang \u00e0 domicile et voit ses espoirs de recoller au haut du tableau frein\u00e9s. Les Verts devront r\u00e9agir d\u00e8s la prochaine journ\u00e9e face \u00e0 Annecy.<\/p>\n","protected":false},"excerpt":{"rendered":"Le Mans a cr\u00e9\u00e9 la surprise en s\u2019imposant 3-2 \u00e0 Saint-\u00c9tienne, profitant des erreurs d\u00e9fensives des Verts pour&hellip;\n","protected":false},"author":2,"featured_media":414106,"comment_status":"","ping_status":"","sticky":false,"template":"","format":"standard","meta":{"footnotes":""},"categories":[9653],"tags":[1111,11,2430,1777,674,1011,27,2191,40797,12,25,4001,25849],"class_list":{"0":"post-476798","1":"post","2":"type-post","3":"status-publish","4":"format-standard","5":"has-post-thumbnail","7":"category-saint-etienne","8":"tag-actu","9":"tag-actualites","10":"tag-auvergne-rhone-alpes","11":"tag-eu","12":"tag-europe","13":"tag-fr","14":"tag-france","15":"tag-le-mans","16":"tag-le-mans-fc","17":"tag-news","18":"tag-republique-francaise","19":"tag-saint-etienne","20":"tag-sarthe"},"share_on_mastodon":{"url":"https:\/\/pubeurope.com\/@fr\/115405896577199146","error":""},"_links":{"self":[{"href":"https:\/\/www.europesays.com\/fr\/wp-json\/wp\/v2\/posts\/476798","targetHints":{"allow":["GET"]}}],"collection":[{"href":"https:\/\/www.europesays.com\/fr\/wp-json\/wp\/v2\/posts"}],"about":[{"href":"https:\/\/www.europesays.com\/fr\/wp-json\/wp\/v2\/types\/post"}],"author":[{"embeddable":true,"href":"https:\/\/www.europesays.com\/fr\/wp-json\/wp\/v2\/users\/2"}],"replies":[{"embeddable":true,"href":"https:\/\/www.europesays.com\/fr\/wp-json\/wp\/v2\/comments?post=476798"}],"version-history":[{"count":0,"href":"https:\/\/www.europesays.com\/fr\/wp-json\/wp\/v2\/posts\/476798\/revisions"}],"wp:featuredmedia":[{"embeddable":true,"href":"https:\/\/www.europesays.com\/fr\/wp-json\/wp\/v2\/media\/414106"}],"wp:attachment":[{"href":"https:\/\/www.europesays.com\/fr\/wp-json\/wp\/v2\/media?parent=476798"}],"wp:term":[{"taxonomy":"category","embeddable":true,"href":"https:\/\/www.europesays.com\/fr\/wp-json\/wp\/v2\/categories?post=476798"},{"taxonomy":"post_tag","embeddable":true,"href":"https:\/\/www.europesays.com\/fr\/wp-json\/wp\/v2\/tags?post=476798"}],"curies":[{"name":"wp","href":"https:\/\/api.w.org\/{rel}","templated":true}]}}